{"id":274104,"date":"2025-12-06T11:31:08","date_gmt":"2025-12-06T11:31:08","guid":{"rendered":"https:\/\/www.europesays.com\/es\/274104\/"},"modified":"2025-12-06T11:31:08","modified_gmt":"2025-12-06T11:31:08","slug":"los-casos-de-gripe-se-adelantan-en-la-comunitat-valenciana-y-lo-peor-se-preve-para-navidad-sociedad","status":"publish","type":"post","link":"https:\/\/www.europesays.com\/es\/274104\/","title":{"rendered":"Los casos de gripe se adelantan en la Comunitat Valenciana y lo peor se prev\u00e9 para Navidad | Sociedad"},"content":{"rendered":"<p class=\"loc\">Val\u00e8ncia<\/p>\n<p>Los casos de gripe se han adelantado este a\u00f1o, aunque todav\u00eda no se ha alcanzado el pico, que se espera antes de Navidad. As\u00ed lo prev\u00e9n los m\u00e9dicos de Atenci\u00f3n Primaria, que insisten en recomendar la vacuna a los menores, que suelen ser \u201ccontagiadores\u201d, y tambi\u00e9n a los m\u00e1s mayores, que son los m\u00e1s vulnerables y tienen riesgo de desarrollar patolog\u00edas graves.<\/p>\n<p>Mar\u00eda \u00c1ngeles Medina, presidenta de la Asociaci\u00f3n de M\u00e9dicos de Atenci\u00f3n Primaria en la Comunitat Valenciana, explica que habitualmente los contagios se disparaban despu\u00e9s de Navidad, tras las reuniones familiares, pero este a\u00f1o la tendencia va por delante, por lo que se espera el momento m\u00e1s cr\u00edtico en plenas fechas navide\u00f1as. Por ello, insta a adoptar medidas para evitar el colapso: utilizar mascarillas, <a href=\"https:\/\/cadenaser.com\/comunitat-valenciana\/2025\/11\/13\/la-mitad-de-los-valencianos-no-tiene-intencion-de-vacunarse-frente-a-la-gripe-esta-temporada-radio-valencia\/\" target=\"_blank\" rel=\"noreferrer nofollow noopener\" title=\"https:\/\/cadenaser.com\/comunitat-valenciana\/2025\/11\/13\/la-mitad-de-los-valencianos-no-tiene-intencion-de-vacunarse-frente-a-la-gripe-esta-temporada-radio-valencia\/\">lavarse las manos con frecuencia y seguir las pautas que se recomendaban durante la COVID<\/a>.<\/p>\n<p>El c\u00f3digo iframe se ha copiado en el portapapeles<\/p>\n<p class=\"tit\">Mar\u00eda \u00c1ngeles Medina: \u00abEste a\u00f1o se ha adelantado la gripe\u00bb<\/p>\n<p>00:00:0000:27<\/p>\n<p>FacebookTwitterLinkedinWhatsAppCerrar<\/p>\n<p>Medina insiste en que la vacunaci\u00f3n es fundamental porque, aunque no siempre evita la gripe, s\u00ed reduce la gravedad de los s\u00edntomas. Adem\u00e1s, recomienda que, en caso de s\u00edntomas leves, se evite acudir al m\u00e9dico y se opte por cuidarse en casa.<\/p>\n<p>El c\u00f3digo iframe se ha copiado en el portapapeles<\/p>\n<p class=\"tit\">Mar\u00eda \u00c1ngeles Medina: \u00abHay que pensar si es tan grave como para ir al m\u00e9dico\u00bb<\/p>\n<p>00:00:0000:14<\/p>\n<p>FacebookTwitterLinkedinWhatsAppCerrar<\/p>\n<p>Refuerzo de la Conselleria<\/p>\n<p>Ante este escenario, la Conselleria de Sanidad ha activado un refuerzo de 273 contrataciones en el Sistema Valenciano de Salud para prevenir sobrecargas en urgencias y hospitalizaci\u00f3n. La Comunitat Valenciana se encuentra en nivel bajo de epidemia, con una tasa de 923,3 casos por 100.000 habitantes, frente a los 787,8 de la semana anterior.<\/p>\n<p>En este sentido, la <a href=\"https:\/\/cadenaser.com\/comunitat-valenciana\/2025\/10\/20\/la-sanidad-valenciana-no-remitira-al-ministerio-informacion-sobre-los-cribados-de-cancer-de-mama-radio-valencia\/\" target=\"_blank\" rel=\"noreferrer nofollow noopener\" title=\"https:\/\/cadenaser.com\/comunitat-valenciana\/2025\/10\/20\/la-sanidad-valenciana-no-remitira-al-ministerio-informacion-sobre-los-cribados-de-cancer-de-mama-radio-valencia\/\">Conselleria de Sanidad<\/a> remiti\u00f3 a los departamentos de salud una instrucci\u00f3n de la Direcci\u00f3n General de Salud P\u00fablica que establece la recomendaci\u00f3n del uso de mascarillas en las instalaciones sanitarias en determinados casos y como medida preventiva ante el posible repunte de infecci\u00f3n por virus respiratorios.<\/p>\n<p>En el Plan de Contingencia tambi\u00e9n se establece que la vacunaci\u00f3n frente a la gripe u otras infecciones respiratorias contin\u00faa siendo una \u00abpiedra angular\u00bb para la prevenci\u00f3n. En este sentido, la Conselleria de Sanidad recuerda que los centros de salud vacunan frente a la gripe y <a href=\"https:\/\/cadenaser.com\/comunitat-valenciana\/2025\/11\/27\/sanidad-remite-a-los-departamentos-de-salud-recomendaciones-de-uso-de-mascarillas-en-instalaciones-sanitarias-como-medida-preventiva-radio-valencia\/\" target=\"_blank\" rel=\"noreferrer nofollow noopener\" title=\"https:\/\/cadenaser.com\/comunitat-valenciana\/2025\/11\/27\/sanidad-remite-a-los-departamentos-de-salud-recomendaciones-de-uso-de-mascarillas-en-instalaciones-sanitarias-como-medida-preventiva-radio-valencia\/\">Covid-19<\/a> desde el pasado 3 de noviembre al conjunto de la poblaci\u00f3n, tras haber iniciado la vacunaci\u00f3n entre los grupos de mayor riesgo, durante el primer mes de campa\u00f1a.<\/p>\n<p>Asimismo, la Conselleria ha reforzado los circuitos de vacunaci\u00f3n en todos los departamentos de salud y ha facilitado la cita por v\u00eda digital, mediante la ampliaci\u00f3n de horarios en Atenci\u00f3n Primaria. Adem\u00e1s, se ha activado un sistema de env\u00edo de mensajes SMS para recordar a los grupos prioritarios su disponibilidad de cita, y se ha potenciado la vacunaci\u00f3n en entornos espec\u00edficos como residencias, colegios, centros de educaci\u00f3n especial y centros de d\u00eda.<\/p>\n<p>Sigue toda la \u00faltima hora en el canal de Whatsapp de Radio Valencia: <a href=\"https:\/\/eur01.safelinks.protection.outlook.com\/?url=https%3A%2F%2Fwhatsapp.com%2Fchannel%2F0029VaHjyqSFHWq2Q3iHB33R&amp;data=05%7C02%7Cftorres%40formacion.prisaradio.com%7C92db45daa088405ff7c308de00db9b13%7Cc4fd49f3e15a44d882e2c909735d2e45%7C0%7C0%7C638949140364614744%7CUnknown%7CTWFpbGZsb3d8eyJFbXB0eU1hcGkiOnRydWUsIlYiOiIwLjAuMDAwMCIsIlAiOiJXaW4zMiIsIkFOIjoiTWFpbCIsIldUIjoyfQ%3D%3D%7C0%7C%7C%7C&amp;sdata=68E8EQbaZ7jr18RK0E%2BffyS2y6tLZK3PAf9NNN8gY%2Fc%3D&amp;reserved=0\" target=\"_blank\" rel=\"nofollow noopener\" title=\"Direcci\u00f3n URL original: https:\/\/whatsapp.com\/channel\/0029VaHjyqSFHWq2Q3iHB33R. Haga clic o pulse si conf\u00eda en este v\u00ednculo.\">haz clic aqu\u00ed y suscr\u00edbete<\/a> para recibir toda la informaci\u00f3n y la actualidad del d\u00eda en tu m\u00f3vil.<\/p>\n","protected":false},"excerpt":{"rendered":"Val\u00e8ncia Los casos de gripe se han adelantado este a\u00f1o, aunque todav\u00eda no se ha alcanzado el pico,&hellip;\n","protected":false},"author":2,"featured_media":274105,"comment_status":"","ping_status":"","sticky":false,"template":"","format":"standard","meta":{"footnotes":""},"categories":[92],"tags":[25,24,165,166,23],"class_list":{"0":"post-274104","1":"post","2":"type-post","3":"status-publish","4":"format-standard","5":"has-post-thumbnail","7":"category-salud","8":"tag-es","9":"tag-espana","10":"tag-health","11":"tag-salud","12":"tag-spain"},"share_on_mastodon":{"url":"https:\/\/pubeurope.com\/@es\/115672402964307803","error":""},"_links":{"self":[{"href":"https:\/\/www.europesays.com\/es\/wp-json\/wp\/v2\/posts\/274104","targetHints":{"allow":["GET"]}}],"collection":[{"href":"https:\/\/www.europesays.com\/es\/wp-json\/wp\/v2\/posts"}],"about":[{"href":"https:\/\/www.europesays.com\/es\/wp-json\/wp\/v2\/types\/post"}],"author":[{"embeddable":true,"href":"https:\/\/www.europesays.com\/es\/wp-json\/wp\/v2\/users\/2"}],"replies":[{"embeddable":true,"href":"https:\/\/www.europesays.com\/es\/wp-json\/wp\/v2\/comments?post=274104"}],"version-history":[{"count":0,"href":"https:\/\/www.europesays.com\/es\/wp-json\/wp\/v2\/posts\/274104\/revisions"}],"wp:featuredmedia":[{"embeddable":true,"href":"https:\/\/www.europesays.com\/es\/wp-json\/wp\/v2\/media\/274105"}],"wp:attachment":[{"href":"https:\/\/www.europesays.com\/es\/wp-json\/wp\/v2\/media?parent=274104"}],"wp:term":[{"taxonomy":"category","embeddable":true,"href":"https:\/\/www.europesays.com\/es\/wp-json\/wp\/v2\/categories?post=274104"},{"taxonomy":"post_tag","embeddable":true,"href":"https:\/\/www.europesays.com\/es\/wp-json\/wp\/v2\/tags?post=274104"}],"curies":[{"name":"wp","href":"https:\/\/api.w.org\/{rel}","templated":true}]}}