{"id":274132,"date":"2025-12-06T11:52:09","date_gmt":"2025-12-06T11:52:09","guid":{"rendered":"https:\/\/www.europesays.com\/es\/274132\/"},"modified":"2025-12-06T11:52:09","modified_gmt":"2025-12-06T11:52:09","slug":"el-hombre-inmortal-anuncia-su-fecha-de-estreno-en-netflix-pero-llegara-antes-a-los-cines","status":"publish","type":"post","link":"https:\/\/www.europesays.com\/es\/274132\/","title":{"rendered":"El hombre inmortal anuncia su fecha de estreno en Netflix, pero llegar\u00e1 antes a los cines"},"content":{"rendered":"<p class=\"c-paragraph\">Llev\u00e1bamos mucho tiempo esperando esta noticia, y <b>Netflix <\/b>por fin nos ha dado la respuesta, anunciando cu\u00e1l ser\u00e1 la fecha de estreno del esperado largometraje <b>Peaky Blinders: El hombre inmortal<\/b>, que contin\u00faa tras los eventos de<b> la serie de g\u00e1nsteres de Steven Knight<\/b>.<\/p>\n<p class=\"c-paragraph\">La pel\u00edcula recupera a <b>Steven Knight<\/b> como guionista y productor, y a <b>Tom Harper <\/b>como director. Tambi\u00e9n veremos de nuevo a <a href=\"https:\/\/www.hobbyconsolas.com\/hobbycine\/jason-statham-estuvo-punto-protagonizar-peaky-blinders-pero-cillian-murphy-le-basto-una-frase-para-cambiarlo-todo_6884009_0.html\" title=\"Jason Statham estuvo a punto de protagonizar Peaky Blinders, pero a Cillian Murphy le bast\u00f3 una frase para cambiarlo todo\" rel=\"nofollow noopener\" target=\"_blank\">Cillian Murphy<\/a> en el rol de <a href=\"https:\/\/www.hobbyconsolas.com\/noticias\/peaky-blinders-como-encajan-cronologicamente-pelicula-dos-series-netflix-tiene-desarrollo-1486137\" title=\"M\u00e1s Peaky Blinders: d\u00f3nde se sit\u00faan la pel\u00edcula y las dos series que Netflix prepara\" rel=\"nofollow noopener\" target=\"_blank\">Thomas Shelby<\/a>, un veterano de la Primera Guerra mundial que pas\u00f3 a ser criminal.<\/p>\n<p class=\"c-paragraph\">Este <b>nuevo cap\u00edtulo en la historia de Peaky Blinders<\/b> nos trasportar\u00e1 hasta el<b> Birmingham de la Segunda Guerra Mundial<\/b>, durante la d\u00e9cada de 1940. En este escenario, <b>Tommy Shelby<\/b> se ver\u00e1 obligado a regresar de su exilio autoimpuesto para hacer frente a un ajuste de cuentas.<\/p>\n<p class=\"c-paragraph\">El personaje de <b>Cillian Murphy <\/b>tendr\u00e1 que enfrentarse a una dif\u00edcil decisi\u00f3n mientras lo atormentan sus propios demonios y el futuro de su pa\u00eds y su familia est\u00e1 en juego: <b>\u00bfse enfrentar\u00e1 a su legado o lo reducir\u00e1 todo a cenizas?<\/b><\/p>\n<p>\u00bfCu\u00e1ndo se estrena Peaky Blinders: El hombre inmortal en Netflix?<\/p>\n<p class=\"c-paragraph\"><a href=\"https:\/\/www.hobbyconsolas.com\/reportajes\/netflix-espana-planes-precio-compartir-cuenta-catalogo-1150345\" title=\"Netflix Espa\u00f1a: planes, precio, compartir cuenta, cat\u00e1logo y m\u00e1s\" rel=\"nofollow noopener\" target=\"_blank\">Netflix<\/a> ha compartido en las \u00faltimas horas el <b>primer teaser p\u00f3ster <\/b>de <a href=\"https:\/\/www.hobbyconsolas.com\/noticias\/peaky-blinders-confirma-ventana-estreno-netflix-pelicula-traera-regreso-tommy-shelby-1482578\" title=\"Peaky Blinders confirma la ventana de estreno en Netflix de la pel\u00edcula que traer\u00e1 de regreso a Tommy Shelby\" rel=\"nofollow noopener\" target=\"_blank\">Peaky Blinders: El hombre inmortal<\/a>, con Tommy Shelby a lomos de un corcel negro.<\/p>\n<p class=\"c-paragraph\">En el cartel podemos ver confirmada la fecha de estreno de la pel\u00edcula, que se estrenar\u00e1 en la plataforma de streaming el a\u00f1o que viene, el pr\u00f3ximo<b> viernes 20 de marzo de 2026<\/b>. Sin embargo, un par de semanas antes antes tendremos la oportunidad de verla en algunos cines seleccionados, a partir del <b>viernes 6 de marzo<\/b>.<\/p>\n<p class=\"c-paragraph\">Peaky Blinders: El hombre inmortal de Netflix tendr\u00e1 de nuevo en el reparto a: <b>Stephen Graham<\/b> como Hayden Stagg, <b>Sophie Rundle<\/b> como Ada Thorne, <b>Ned Dennehy<\/b> como Charlie Strong, <b>Packy Lee <\/b>como Johnny Dogs e <b>Ian Peck <\/b>como Curly, a quienes se suman: Rebecca Ferguson, Tim Roth, Jay Lycurgo y Barry Keoghan.<\/p>\n","protected":false},"excerpt":{"rendered":"Llev\u00e1bamos mucho tiempo esperando esta noticia, y Netflix por fin nos ha dado la respuesta, anunciando cu\u00e1l ser\u00e1&hellip;\n","protected":false},"author":2,"featured_media":274133,"comment_status":"","ping_status":"","sticky":false,"template":"","format":"standard","meta":{"footnotes":""},"categories":[169],"tags":[4187,46210,177,146,147,25,24,176,366,23600,175,46209,23],"class_list":{"0":"post-274132","1":"post","2":"type-post","3":"status-publish","4":"format-standard","5":"has-post-thumbnail","7":"category-cine","8":"tag-anuncia","9":"tag-blinders","10":"tag-cine","11":"tag-entertainment","12":"tag-entretenimiento","13":"tag-es","14":"tag-espana","15":"tag-film","16":"tag-hombre","17":"tag-inmortal","18":"tag-movies","19":"tag-peaky","20":"tag-spain"},"share_on_mastodon":{"url":"https:\/\/pubeurope.com\/@es\/115672484786901724","error":""},"_links":{"self":[{"href":"https:\/\/www.europesays.com\/es\/wp-json\/wp\/v2\/posts\/274132","targetHints":{"allow":["GET"]}}],"collection":[{"href":"https:\/\/www.europesays.com\/es\/wp-json\/wp\/v2\/posts"}],"about":[{"href":"https:\/\/www.europesays.com\/es\/wp-json\/wp\/v2\/types\/post"}],"author":[{"embeddable":true,"href":"https:\/\/www.europesays.com\/es\/wp-json\/wp\/v2\/users\/2"}],"replies":[{"embeddable":true,"href":"https:\/\/www.europesays.com\/es\/wp-json\/wp\/v2\/comments?post=274132"}],"version-history":[{"count":0,"href":"https:\/\/www.europesays.com\/es\/wp-json\/wp\/v2\/posts\/274132\/revisions"}],"wp:featuredmedia":[{"embeddable":true,"href":"https:\/\/www.europesays.com\/es\/wp-json\/wp\/v2\/media\/274133"}],"wp:attachment":[{"href":"https:\/\/www.europesays.com\/es\/wp-json\/wp\/v2\/media?parent=274132"}],"wp:term":[{"taxonomy":"category","embeddable":true,"href":"https:\/\/www.europesays.com\/es\/wp-json\/wp\/v2\/categories?post=274132"},{"taxonomy":"post_tag","embeddable":true,"href":"https:\/\/www.europesays.com\/es\/wp-json\/wp\/v2\/tags?post=274132"}],"curies":[{"name":"wp","href":"https:\/\/api.w.org\/{rel}","templated":true}]}}