{"id":274146,"date":"2025-12-06T12:00:55","date_gmt":"2025-12-06T12:00:55","guid":{"rendered":"https:\/\/www.europesays.com\/es\/274146\/"},"modified":"2025-12-06T12:00:55","modified_gmt":"2025-12-06T12:00:55","slug":"la-comunidad-de-madrid-propone-revivir-la-navidad-de-los-siglos-xvi-y-xvii-con-visitas-tematicas-al-museo-casa-natal-de-cervantes","status":"publish","type":"post","link":"https:\/\/www.europesays.com\/es\/274146\/","title":{"rendered":"La Comunidad de Madrid propone revivir la Navidad de los siglos XVI y XVII con visitas tem\u00e1ticas al Museo Casa Natal de Cervantes"},"content":{"rendered":"<p>Se llevar\u00e1n a cabo los martes y jueves del 11 de diciembre al 8 de enero, y en ellas se recorrer\u00e1 la Casa Museo, detallando las costumbres sociales, familiares y gastron\u00f3micas de estas m\u00e1gicas fechas en la \u00e9poca del c\u00e9lebre escritor alcala\u00edno.<\/p>\n<p>Adem\u00e1s, los domingos 7, 14 y 21 de diciembre, mayores y peque\u00f1os podr\u00e1n disfrutar de las animaciones teatrales especiales de Navidad, en las que un \u00fanico actor encarnar\u00e1 diversos personajes procedentes del Quijote y de las Novelas ejemplares para dar a conocer la literatura de Miguel de Cervantes.<\/p>\n<p>Durante diciembre y enero, el Museo Casa Natal de Cervantes ofrecer\u00e1 su programaci\u00f3n habitual. Esta incluye un ciclo de conferencias (con la ponencia La ciudad de Alcal\u00e1 en la \u00e9poca de Cervantes a cargo de Vicente S\u00e1nchez Molt\u00f3 el 10 de diciembre), una audiorruta teatralizada y visitas guiadas a la exposici\u00f3n Ecos del arte del virreinato del Per\u00fa. En ella se exhiben una selecci\u00f3n de los tesoros art\u00edsticos del Museo Pedro de Osma de Lima.<\/p>\n<p>Este espacio muse\u00edstico est\u00e1 ubicado en el lugar donde se identific\u00f3 la casa familiar del escritor, en pleno casco hist\u00f3rico de Alcal\u00e1 de Henares. Recrea la vivienda de una familia acomodada del Siglo de Oro con espacios como la botica, la cocina, el estrado de las damas o la alcoba masculina. Tanto las actividades como la exposici\u00f3n y la entrada al museo son gratuitas.<\/p>\n<p>M\u00e1s informaci\u00f3n en <a href=\"https:\/\/museocasanataldecervantes.org\/\" rel=\"nofollow noopener\" target=\"_blank\">https:\/\/museocasanataldecervantes.org\/<\/a><\/p>\n","protected":false},"excerpt":{"rendered":"Se llevar\u00e1n a cabo los martes y jueves del 11 de diciembre al 8 de enero, y en&hellip;\n","protected":false},"author":2,"featured_media":274147,"comment_status":"","ping_status":"","sticky":false,"template":"","format":"standard","meta":{"footnotes":""},"categories":[5],"tags":[17,18,25,24,13,14,11,19,20,9,10,15,16,23,12,21,22],"class_list":{"0":"post-274146","1":"post","2":"type-post","3":"status-publish","4":"format-standard","5":"has-post-thumbnail","7":"category-titulares","8":"tag-breaking-news","9":"tag-breakingnews","10":"tag-es","11":"tag-espana","12":"tag-featured-news","13":"tag-featurednews","14":"tag-headlines","15":"tag-latest-news","16":"tag-latestnews","17":"tag-news","18":"tag-noticias","19":"tag-noticias-destacadas","20":"tag-noticiasdestacadas","21":"tag-spain","22":"tag-titulares","23":"tag-ultimas-noticias","24":"tag-ultimasnoticias"},"share_on_mastodon":{"url":"https:\/\/pubeurope.com\/@es\/115672519981036076","error":""},"_links":{"self":[{"href":"https:\/\/www.europesays.com\/es\/wp-json\/wp\/v2\/posts\/274146","targetHints":{"allow":["GET"]}}],"collection":[{"href":"https:\/\/www.europesays.com\/es\/wp-json\/wp\/v2\/posts"}],"about":[{"href":"https:\/\/www.europesays.com\/es\/wp-json\/wp\/v2\/types\/post"}],"author":[{"embeddable":true,"href":"https:\/\/www.europesays.com\/es\/wp-json\/wp\/v2\/users\/2"}],"replies":[{"embeddable":true,"href":"https:\/\/www.europesays.com\/es\/wp-json\/wp\/v2\/comments?post=274146"}],"version-history":[{"count":0,"href":"https:\/\/www.europesays.com\/es\/wp-json\/wp\/v2\/posts\/274146\/revisions"}],"wp:featuredmedia":[{"embeddable":true,"href":"https:\/\/www.europesays.com\/es\/wp-json\/wp\/v2\/media\/274147"}],"wp:attachment":[{"href":"https:\/\/www.europesays.com\/es\/wp-json\/wp\/v2\/media?parent=274146"}],"wp:term":[{"taxonomy":"category","embeddable":true,"href":"https:\/\/www.europesays.com\/es\/wp-json\/wp\/v2\/categories?post=274146"},{"taxonomy":"post_tag","embeddable":true,"href":"https:\/\/www.europesays.com\/es\/wp-json\/wp\/v2\/tags?post=274146"}],"curies":[{"name":"wp","href":"https:\/\/api.w.org\/{rel}","templated":true}]}}