{"id":274206,"date":"2025-12-06T12:46:06","date_gmt":"2025-12-06T12:46:06","guid":{"rendered":"https:\/\/www.europesays.com\/es\/274206\/"},"modified":"2025-12-06T12:46:06","modified_gmt":"2025-12-06T12:46:06","slug":"muere-una-mujer-tras-tirarse-desde-un-decimo-piso-con-sus-dos-hijos","status":"publish","type":"post","link":"https:\/\/www.europesays.com\/es\/274206\/","title":{"rendered":"Muere una mujer tras tirarse desde un d\u00e9cimo piso con sus dos hijos"},"content":{"rendered":"<p>Una mujer de 48 a\u00f1os ha muerto este s\u00e1bado tras precipitarse desde el d\u00e9cimo piso de un edificio en el distrito madrile\u00f1o de Ciudad Lineal, con sus dos hijos de 3 a\u00f1os, ambos hospitalizados con pron\u00f3stico muy grave.<\/p>\n<p>Los hechos han ocurrido sobre las 9:00 horas de este s\u00e1bado tras el aviso de los vecinos de un edificio de la calle Ricardo Ortiz, seg\u00fan ha trasladado a Efe fuentes policiales, que han <strong>descartado que sea un caso de violencia de g\u00e9nero<\/strong>.<\/p>\n<p>A su llegada, Samur Protecci\u00f3n-Civil ha confirmado el fallecimiento de la mujer, de<strong> nacionalidad espa\u00f1ola<\/strong>, y ha asistido a los dos menores, que han resultado heridos muy graves y han sido trasladados a distintos hospitales, seg\u00fan Emergencias Madrid.<\/p>\n<p>La Polic\u00eda Nacional se ha hecho cargo de la investigaci\u00f3n<\/p>\n<p>En el operativo han intervenido agentes de la Polic\u00eda Municipal y efectivos de Bomberos del Ayuntamiento, as\u00ed como <strong>Polic\u00eda Nacional, que se hace cargo de la investigaci\u00f3n<\/strong> del suceso. <\/p>\n<p>Las personas con ideas suicidas y sus allegados pueden recibir ayuda especializada a cualquier hora en el tel\u00e9fono 024 y, ante situaciones de emergencia, tambi\u00e9n pueden llamar al 112.<\/p>\n<p>\t\tLa reforma legal tipifica la violencia vicaria y obliga a escuchar a los menores: \u00abEs un paso de gigante\u00bb\t<\/p>\n","protected":false},"excerpt":{"rendered":"Una mujer de 48 a\u00f1os ha muerto este s\u00e1bado tras precipitarse desde el d\u00e9cimo piso de un edificio&hellip;\n","protected":false},"author":2,"featured_media":274207,"comment_status":"","ping_status":"","sticky":false,"template":"","format":"standard","meta":{"footnotes":""},"categories":[8],"tags":[17,18,25,24,13,14,11,19,20,9,10,15,16,23,12,21,22],"class_list":{"0":"post-274206","1":"post","2":"type-post","3":"status-publish","4":"format-standard","5":"has-post-thumbnail","7":"category-espana","8":"tag-breaking-news","9":"tag-breakingnews","10":"tag-es","11":"tag-espana","12":"tag-featured-news","13":"tag-featurednews","14":"tag-headlines","15":"tag-latest-news","16":"tag-latestnews","17":"tag-news","18":"tag-noticias","19":"tag-noticias-destacadas","20":"tag-noticiasdestacadas","21":"tag-spain","22":"tag-titulares","23":"tag-ultimas-noticias","24":"tag-ultimasnoticias"},"share_on_mastodon":{"url":"https:\/\/pubeurope.com\/@es\/115672697096962297","error":""},"_links":{"self":[{"href":"https:\/\/www.europesays.com\/es\/wp-json\/wp\/v2\/posts\/274206","targetHints":{"allow":["GET"]}}],"collection":[{"href":"https:\/\/www.europesays.com\/es\/wp-json\/wp\/v2\/posts"}],"about":[{"href":"https:\/\/www.europesays.com\/es\/wp-json\/wp\/v2\/types\/post"}],"author":[{"embeddable":true,"href":"https:\/\/www.europesays.com\/es\/wp-json\/wp\/v2\/users\/2"}],"replies":[{"embeddable":true,"href":"https:\/\/www.europesays.com\/es\/wp-json\/wp\/v2\/comments?post=274206"}],"version-history":[{"count":0,"href":"https:\/\/www.europesays.com\/es\/wp-json\/wp\/v2\/posts\/274206\/revisions"}],"wp:featuredmedia":[{"embeddable":true,"href":"https:\/\/www.europesays.com\/es\/wp-json\/wp\/v2\/media\/274207"}],"wp:attachment":[{"href":"https:\/\/www.europesays.com\/es\/wp-json\/wp\/v2\/media?parent=274206"}],"wp:term":[{"taxonomy":"category","embeddable":true,"href":"https:\/\/www.europesays.com\/es\/wp-json\/wp\/v2\/categories?post=274206"},{"taxonomy":"post_tag","embeddable":true,"href":"https:\/\/www.europesays.com\/es\/wp-json\/wp\/v2\/tags?post=274206"}],"curies":[{"name":"wp","href":"https:\/\/api.w.org\/{rel}","templated":true}]}}