{"id":274208,"date":"2025-12-06T12:47:24","date_gmt":"2025-12-06T12:47:24","guid":{"rendered":"https:\/\/www.europesays.com\/es\/274208\/"},"modified":"2025-12-06T12:47:24","modified_gmt":"2025-12-06T12:47:24","slug":"la-comunidad-de-madrid-renueva-su-convenio-con-ceim-para-asesorar-a-empresas-sobre-programas-de-financiacion-de-la-union-europea","status":"publish","type":"post","link":"https:\/\/www.europesays.com\/es\/274208\/","title":{"rendered":"La Comunidad de Madrid renueva su convenio con CEIM para asesorar a empresas sobre programas de financiaci\u00f3n de la Uni\u00f3n Europea"},"content":{"rendered":"<p>La Comunidad de Madrid ha renovado su convenio con la Confederaci\u00f3n Empresarial de Madrid-CEOE (CEIM) para asesorar a empresas sobre programas de financiaci\u00f3n de la Uni\u00f3n Europea. En concreto, se ha prorrogado el contrato que llevan manteniendo desde 2021 para la promoci\u00f3n de la Oficina T\u00e9cnica de Apoyo para Proyectos Europeos, con una inversi\u00f3n de 150.000 euros. <\/p>\n","protected":false},"excerpt":{"rendered":"La Comunidad de Madrid ha renovado su convenio con la Confederaci\u00f3n Empresarial de Madrid-CEOE (CEIM) para asesorar a&hellip;\n","protected":false},"author":2,"featured_media":274209,"comment_status":"","ping_status":"","sticky":false,"template":"","format":"standard","meta":{"footnotes":""},"categories":[5],"tags":[17,18,25,24,13,14,11,19,20,9,10,15,16,23,12,21,22],"class_list":{"0":"post-274208","1":"post","2":"type-post","3":"status-publish","4":"format-standard","5":"has-post-thumbnail","7":"category-titulares","8":"tag-breaking-news","9":"tag-breakingnews","10":"tag-es","11":"tag-espana","12":"tag-featured-news","13":"tag-featurednews","14":"tag-headlines","15":"tag-latest-news","16":"tag-latestnews","17":"tag-news","18":"tag-noticias","19":"tag-noticias-destacadas","20":"tag-noticiasdestacadas","21":"tag-spain","22":"tag-titulares","23":"tag-ultimas-noticias","24":"tag-ultimasnoticias"},"share_on_mastodon":{"url":"https:\/\/pubeurope.com\/@es\/115672700875847941","error":""},"_links":{"self":[{"href":"https:\/\/www.europesays.com\/es\/wp-json\/wp\/v2\/posts\/274208","targetHints":{"allow":["GET"]}}],"collection":[{"href":"https:\/\/www.europesays.com\/es\/wp-json\/wp\/v2\/posts"}],"about":[{"href":"https:\/\/www.europesays.com\/es\/wp-json\/wp\/v2\/types\/post"}],"author":[{"embeddable":true,"href":"https:\/\/www.europesays.com\/es\/wp-json\/wp\/v2\/users\/2"}],"replies":[{"embeddable":true,"href":"https:\/\/www.europesays.com\/es\/wp-json\/wp\/v2\/comments?post=274208"}],"version-history":[{"count":0,"href":"https:\/\/www.europesays.com\/es\/wp-json\/wp\/v2\/posts\/274208\/revisions"}],"wp:featuredmedia":[{"embeddable":true,"href":"https:\/\/www.europesays.com\/es\/wp-json\/wp\/v2\/media\/274209"}],"wp:attachment":[{"href":"https:\/\/www.europesays.com\/es\/wp-json\/wp\/v2\/media?parent=274208"}],"wp:term":[{"taxonomy":"category","embeddable":true,"href":"https:\/\/www.europesays.com\/es\/wp-json\/wp\/v2\/categories?post=274208"},{"taxonomy":"post_tag","embeddable":true,"href":"https:\/\/www.europesays.com\/es\/wp-json\/wp\/v2\/tags?post=274208"}],"curies":[{"name":"wp","href":"https:\/\/api.w.org\/{rel}","templated":true}]}}