{"id":274212,"date":"2025-12-06T12:53:13","date_gmt":"2025-12-06T12:53:13","guid":{"rendered":"https:\/\/www.europesays.com\/es\/274212\/"},"modified":"2025-12-06T12:53:13","modified_gmt":"2025-12-06T12:53:13","slug":"bermeo-proyecta-su-primera-area-de-ciclismo-de-montana-de-cara-a-2026","status":"publish","type":"post","link":"https:\/\/www.europesays.com\/es\/274212\/","title":{"rendered":"Bermeo proyecta su primera \u00e1rea de ciclismo de monta\u00f1a de cara a 2026"},"content":{"rendered":"<p class=\"v-mdl-ath__p v-mdl-ath__p--6\">\nViernes, 5 de diciembre 2025, 15:21<\/p>\n<p class=\"v-p\">El Ayuntamiento de Bermeo (EH Bildu-Guzan) proyecta la creaci\u00f3n de un nuevo espacio deportivo al aire libre con la puesta en marcha de un &#8216;Bike Park&#8217; o \u00e1rea para la pr\u00e1ctica de ciclismo de monta\u00f1a en la localidad. El proyecto se convertir\u00e1 en realidad el a\u00f1o que viene tras haber sido la propuesta m\u00e1s votada en el marco del proceso de presupuestos participativos impulsado este a\u00f1o por el Consistorio de la villa marinera. La iniciativa contar\u00e1 con una inversi\u00f3n de 50.000 euros y responde \u00aba la demanda de muchos vecinos vinculados a la pr\u00e1ctica deportiva del ciclismo en contacto con la naturaleza\u00b7, explicaron fuentes municipales.<\/p>\n<p class=\"v-p\">El plan ha logrado el respaldo mayoritario entre las 68 propuestas que llegaron a la fase final de votaci\u00f3n del proceso en el que han participado m\u00e1s de un millar de vecinos de la localidad. \u00abSer\u00e1 una de las apuestas municipales para el pr\u00f3ximo ejercicio, con el objetivo de ofrecer a Bermeo una infraestructura moderna, accesible y adaptada a distintos niveles de pr\u00e1ctica ciclista\u00bb, apunt\u00f3 el concejal del \u00e1rea municipal de Deportes, Xabier Ortuzar. \u00abA partir de ahora abriremos una nueva etapa centrada en el dise\u00f1o concreto del espacio, la definici\u00f3n de los usos y la planificaci\u00f3n de las actuaciones necesarias para su ejecuci\u00f3n\u00bb, explic\u00f3 asimismo. <\/p>\n<p class=\"v-p\">El Ayuntamiento prev\u00e9 trabajar de forma coordinada con las asociaciones ciclistas locales \u2013Orkatzeta, Matxitxako y Bermeoko ziklistek\u2013 para consensuar el desarrollo del proyecto y asegurar que la futura instalaci\u00f3n responda a las necesidades reales de los usuarios. No obstante, falta decidir el espacio en el que se establecer\u00e1 el futuro &#8216;Bike park&#8217;, \u00abpara el que estamos valorando diferentes ubicaciones\u00bb, avanz\u00f3 Ortuzar.<\/p>\n<p class=\"v-p\">El impulso al circuito para las bicicletas se enmarca en un contexto de creciente inter\u00e9s por el deporte experimentado en los \u00faltimos a\u00f1os en Bermeo. Las seis propuestas m\u00e1s votadas este a\u00f1o, de hecho, \u00abhan estado relacionadas con la actividad f\u00edsica\u00bb, destacaron fuentes municipales. Junto al proyecto ciclista, tambi\u00e9n se han propuesto otras ideas como la ampliaci\u00f3n del gimnasio del polideportivo de Arene y la creaci\u00f3n de una pista de p\u00e1del, que han ocupado la segunda y tercera posici\u00f3n en las preferencias de los bermeotarras.<\/p>\n<p>Reporta un error<\/p>\n","protected":false},"excerpt":{"rendered":"Viernes, 5 de diciembre 2025, 15:21 El Ayuntamiento de Bermeo (EH Bildu-Guzan) proyecta la creaci\u00f3n de un nuevo&hellip;\n","protected":false},"author":2,"featured_media":274213,"comment_status":"","ping_status":"","sticky":false,"template":"","format":"standard","meta":{"footnotes":""},"categories":[273],"tags":[3076,29167,39524,2608,313,312,168,25,24,5329,1078,36014,23,167],"class_list":{"0":"post-274212","1":"post","2":"type-post","3":"status-publish","4":"format-standard","5":"has-post-thumbnail","7":"category-ciclismo","8":"tag-3076","9":"tag-area","10":"tag-bermeo","11":"tag-cara","12":"tag-ciclismo","13":"tag-cycling","14":"tag-deportes","15":"tag-es","16":"tag-espana","17":"tag-montana","18":"tag-primera","19":"tag-proyecta","20":"tag-spain","21":"tag-sports"},"share_on_mastodon":{"url":"https:\/\/pubeurope.com\/@es\/115672724460028298","error":""},"_links":{"self":[{"href":"https:\/\/www.europesays.com\/es\/wp-json\/wp\/v2\/posts\/274212","targetHints":{"allow":["GET"]}}],"collection":[{"href":"https:\/\/www.europesays.com\/es\/wp-json\/wp\/v2\/posts"}],"about":[{"href":"https:\/\/www.europesays.com\/es\/wp-json\/wp\/v2\/types\/post"}],"author":[{"embeddable":true,"href":"https:\/\/www.europesays.com\/es\/wp-json\/wp\/v2\/users\/2"}],"replies":[{"embeddable":true,"href":"https:\/\/www.europesays.com\/es\/wp-json\/wp\/v2\/comments?post=274212"}],"version-history":[{"count":0,"href":"https:\/\/www.europesays.com\/es\/wp-json\/wp\/v2\/posts\/274212\/revisions"}],"wp:featuredmedia":[{"embeddable":true,"href":"https:\/\/www.europesays.com\/es\/wp-json\/wp\/v2\/media\/274213"}],"wp:attachment":[{"href":"https:\/\/www.europesays.com\/es\/wp-json\/wp\/v2\/media?parent=274212"}],"wp:term":[{"taxonomy":"category","embeddable":true,"href":"https:\/\/www.europesays.com\/es\/wp-json\/wp\/v2\/categories?post=274212"},{"taxonomy":"post_tag","embeddable":true,"href":"https:\/\/www.europesays.com\/es\/wp-json\/wp\/v2\/tags?post=274212"}],"curies":[{"name":"wp","href":"https:\/\/api.w.org\/{rel}","templated":true}]}}