{"id":274216,"date":"2025-12-06T12:56:07","date_gmt":"2025-12-06T12:56:07","guid":{"rendered":"https:\/\/www.europesays.com\/es\/274216\/"},"modified":"2025-12-06T12:56:07","modified_gmt":"2025-12-06T12:56:07","slug":"con-una-mascara-en-la-cara-y-luz-led-roja-viendo-el-sorteo-del-mundial-2026","status":"publish","type":"post","link":"https:\/\/www.europesays.com\/es\/274216\/","title":{"rendered":"con una m\u00e1scara en la cara y luz led roja viendo el sorteo del Mundial 2026"},"content":{"rendered":"<p class=\"c-paragraph\">El <a href=\"https:\/\/www.20minutos.es\/deportes\/futbol\/grupo-sencillo-para-espana-mundial-2026-pero-primer-cruce-sera-con-argentina_6907221_6.html\" title=\"Grupo sencillo para Espa\u00f1a en el Mundial 2026, pero el primer cruce ser\u00e1 con el de Argentina\" rel=\"nofollow noopener\" target=\"_blank\">sorteo del Mundial de f\u00fatbol celebrado este viernes<\/a> congreg\u00f3 la atenci\u00f3n de un gran n\u00famero de futbolistas, y fueron varios los que quisieron compartir en redes sociales c\u00f3mo lo estaban siguiendo. Entre ellos destac\u00f3 Lamine Yamal, que subi\u00f3 una foto a sus stories de Instagram que sorprendi\u00f3 a todos:<b> sentado en el sof\u00e1 con una m\u00e1scara blanca y una especia de luz roja <\/b>que le reflejaba la cara.\u00a0<\/p>\n<p class=\"c-paragraph\">La imagen del futbolista llam\u00f3 la atenci\u00f3n. La m\u00e1scara facial, que tiene una luz led roja que<b> en teor\u00eda tiene propiedades para cuidar el rostro<\/b>, se ha popularizado recientemente en el mundo de los y las influencers tanto en Espa\u00f1a como en pa\u00edses como Estados Unidos o Gran Breta\u00f1a.\u00a0<\/p>\n<p class=\"c-paragraph\">Poco despu\u00e9s, Lamine Yamal subi\u00f3 una nueva publicaci\u00f3n, esta vez<b> con el trofeo de Mejor Jugador de LaLiga<\/b> del mes de noviembre. Este viernes por la tarde, la competici\u00f3n espa\u00f1ola inform\u00f3 de que el jugador catal\u00e1n del Bar\u00e7a hab\u00eda sido elegido como el mejor futbolista del pasado mes.\u00a0<\/p>\n<p class=\"c-paragraph\">Lo cierto es que el extremo catal\u00e1n recuperado su mejor nivel despu\u00e9s de un inicio de temporada complicado por las lesiones. <b>Tres goles y tres asistencias firm\u00f3 en las cuatro victorias ligueras del Bar\u00e7a <\/b>en el pasado mes: ante el Elche (3-1), el Celta (2-4), el Athletic (4-0) y el Alav\u00e9s (3-1). Tambi\u00e9n brill\u00f3 ante el Atl\u00e9tico de Madrid (2-1), aunque ese choque no ha contado para el galard\u00f3n, al haberse disputado ya en diciembre.\u00a0<\/p>\n","protected":false},"excerpt":{"rendered":"El sorteo del Mundial de f\u00fatbol celebrado este viernes congreg\u00f3 la atenci\u00f3n de un gran n\u00famero de futbolistas,&hellip;\n","protected":false},"author":2,"featured_media":274217,"comment_status":"","ping_status":"","sticky":false,"template":"","format":"standard","meta":{"footnotes":""},"categories":[268],"tags":[168,25,24,280,282,8138,281,23,167],"class_list":{"0":"post-274216","1":"post","2":"type-post","3":"status-publish","4":"format-standard","5":"has-post-thumbnail","7":"category-futbol","8":"tag-deportes","9":"tag-es","10":"tag-espana","11":"tag-football","12":"tag-futbol","13":"tag-lamine-yamal","14":"tag-soccer","15":"tag-spain","16":"tag-sports"},"share_on_mastodon":{"url":"https:\/\/pubeurope.com\/@es\/115672736698847778","error":""},"_links":{"self":[{"href":"https:\/\/www.europesays.com\/es\/wp-json\/wp\/v2\/posts\/274216","targetHints":{"allow":["GET"]}}],"collection":[{"href":"https:\/\/www.europesays.com\/es\/wp-json\/wp\/v2\/posts"}],"about":[{"href":"https:\/\/www.europesays.com\/es\/wp-json\/wp\/v2\/types\/post"}],"author":[{"embeddable":true,"href":"https:\/\/www.europesays.com\/es\/wp-json\/wp\/v2\/users\/2"}],"replies":[{"embeddable":true,"href":"https:\/\/www.europesays.com\/es\/wp-json\/wp\/v2\/comments?post=274216"}],"version-history":[{"count":0,"href":"https:\/\/www.europesays.com\/es\/wp-json\/wp\/v2\/posts\/274216\/revisions"}],"wp:featuredmedia":[{"embeddable":true,"href":"https:\/\/www.europesays.com\/es\/wp-json\/wp\/v2\/media\/274217"}],"wp:attachment":[{"href":"https:\/\/www.europesays.com\/es\/wp-json\/wp\/v2\/media?parent=274216"}],"wp:term":[{"taxonomy":"category","embeddable":true,"href":"https:\/\/www.europesays.com\/es\/wp-json\/wp\/v2\/categories?post=274216"},{"taxonomy":"post_tag","embeddable":true,"href":"https:\/\/www.europesays.com\/es\/wp-json\/wp\/v2\/tags?post=274216"}],"curies":[{"name":"wp","href":"https:\/\/api.w.org\/{rel}","templated":true}]}}