{"id":274220,"date":"2025-12-06T12:58:09","date_gmt":"2025-12-06T12:58:09","guid":{"rendered":"https:\/\/www.europesays.com\/es\/274220\/"},"modified":"2025-12-06T12:58:09","modified_gmt":"2025-12-06T12:58:09","slug":"para-la-construccion-del-museo-guggenheim-de-bilbao-fue-necesario-un-software-de-la-industria-aeroespacial","status":"publish","type":"post","link":"https:\/\/www.europesays.com\/es\/274220\/","title":{"rendered":"Para la construcci\u00f3n del Museo Guggenheim de Bilbao fue necesario un software de la industria aeroespacial"},"content":{"rendered":"<p>\n        La construcci\u00f3n del <a href=\"https:\/\/www.deia.eus\/tags\/museo-guggenheim-bilbao\/\" title=\"Museo Guggenheim\" class=\"link copy\" rel=\"nofollow noopener\" target=\"_blank\">Museo Guggenheim<\/a> <a href=\"https:\/\/www.deia.eus\/bilbao\/\" title=\"Bilbao\" class=\"link copy\" rel=\"nofollow noopener\" target=\"_blank\">Bilbao<\/a> se desarroll\u00f3 entre octubre de 1993 y octubre de 1997. El lugar elegido \u2014una curva de un antiguo muelle de uso portuario e industrial\u2014 permiti\u00f3 recuperar la r\u00eda del Nervi\u00f3n para la ciudad y transformarla en un espacio dedicado a la cultura y el ocio.\n<\/p>\n<p class=\"article-body__text \">\n        La complejidad matem\u00e1tica de las formas curvil\u00edneas ideadas por <a href=\"https:\/\/www.deia.eus\/tags\/frank-gehry\/\" title=\"Frank Gehry\" class=\"link copy\" rel=\"nofollow noopener\" target=\"_blank\">Frank Gehry<\/a>, <a href=\"https:\/\/www.deia.eus\/cultura\/2025\/12\/05\/muere-arquitecto-frank-gehry-guggenheim-bilbao-10440262.html\" title=\"fallecido este pasado viernes\" class=\"link copy\" rel=\"nofollow noopener\" target=\"_blank\">fallecido este pasado viernes<\/a>, <strong>llev\u00f3 al arquitecto a utilizar CATIA, un avanzado software procedente de la industria aeroespacial.<\/strong> Gracias a esta herramienta fue posible trasladar con precisi\u00f3n su visi\u00f3n al proyecto estructural y facilitar la ejecuci\u00f3n de un edificio de geometr\u00edas tan singulares.\n<\/p>\n<p>  \u00bfPor qu\u00e9 es de titanio?<\/p>\n<p class=\"article-body__text \">\n        Para la envolvente exterior, <strong>Gehry opt\u00f3 por el titanio despu\u00e9s de analizar distintos materiales<\/strong> y comprobar su resistencia y capacidad de envejecimiento en muestras expuestas en el exterior de su propio estudio. Las casi <strong>33.000 l\u00e1minas<\/strong> de este metal, ligeras y flexibles, generan un acabado ondulado y org\u00e1nico que cambia de tonalidad seg\u00fan la luz y las condiciones atmosf\u00e9ricas. La piedra caliza y el vidrio, tambi\u00e9n presentes en la construcci\u00f3n, completan un conjunto arm\u00f3nico que da forma a un dise\u00f1o de enorme impacto visual. Hoy, <strong>el museo es un icono universal <\/strong>y uno de los principales s\u00edmbolos de Bilbao.<\/p>\n","protected":false},"excerpt":{"rendered":"La construcci\u00f3n del Museo Guggenheim Bilbao se desarroll\u00f3 entre octubre de 1993 y octubre de 1997. El lugar&hellip;\n","protected":false},"author":2,"featured_media":274221,"comment_status":"","ping_status":"","sticky":false,"template":"","format":"standard","meta":{"footnotes":""},"categories":[173],"tags":[229,233,231,230,2601,10974,232,234,146,147,25,24,983,67031,470,8034,23],"class_list":{"0":"post-274220","1":"post","2":"type-post","3":"status-publish","4":"format-standard","5":"has-post-thumbnail","7":"category-arte-y-diseno","8":"tag-arte","9":"tag-arte-y-diseno","10":"tag-arts","11":"tag-arts-and-design","12":"tag-bilbao","13":"tag-construyo","14":"tag-design","15":"tag-diseno","16":"tag-entertainment","17":"tag-entretenimiento","18":"tag-es","19":"tag-espana","20":"tag-guggenheim","21":"tag-industria-aeroespacial","22":"tag-museo","23":"tag-software","24":"tag-spain"},"share_on_mastodon":{"url":"https:\/\/pubeurope.com\/@es\/115672744120071830","error":""},"_links":{"self":[{"href":"https:\/\/www.europesays.com\/es\/wp-json\/wp\/v2\/posts\/274220","targetHints":{"allow":["GET"]}}],"collection":[{"href":"https:\/\/www.europesays.com\/es\/wp-json\/wp\/v2\/posts"}],"about":[{"href":"https:\/\/www.europesays.com\/es\/wp-json\/wp\/v2\/types\/post"}],"author":[{"embeddable":true,"href":"https:\/\/www.europesays.com\/es\/wp-json\/wp\/v2\/users\/2"}],"replies":[{"embeddable":true,"href":"https:\/\/www.europesays.com\/es\/wp-json\/wp\/v2\/comments?post=274220"}],"version-history":[{"count":0,"href":"https:\/\/www.europesays.com\/es\/wp-json\/wp\/v2\/posts\/274220\/revisions"}],"wp:featuredmedia":[{"embeddable":true,"href":"https:\/\/www.europesays.com\/es\/wp-json\/wp\/v2\/media\/274221"}],"wp:attachment":[{"href":"https:\/\/www.europesays.com\/es\/wp-json\/wp\/v2\/media?parent=274220"}],"wp:term":[{"taxonomy":"category","embeddable":true,"href":"https:\/\/www.europesays.com\/es\/wp-json\/wp\/v2\/categories?post=274220"},{"taxonomy":"post_tag","embeddable":true,"href":"https:\/\/www.europesays.com\/es\/wp-json\/wp\/v2\/tags?post=274220"}],"curies":[{"name":"wp","href":"https:\/\/api.w.org\/{rel}","templated":true}]}}