{"id":274224,"date":"2025-12-06T13:02:08","date_gmt":"2025-12-06T13:02:08","guid":{"rendered":"https:\/\/www.europesays.com\/es\/274224\/"},"modified":"2025-12-06T13:02:08","modified_gmt":"2025-12-06T13:02:08","slug":"la-critica-de-boyero-a-la-ultima-de-trier-una-pelicula-nordica-angustiosa-que-no-le-hipnotiza-sera-problema-mio-cultura","status":"publish","type":"post","link":"https:\/\/www.europesays.com\/es\/274224\/","title":{"rendered":"La cr\u00edtica de Boyero a la \u00faltima de Trier, una pel\u00edcula n\u00f3rdica angustiosa que no le hipnotiza: \u201cSer\u00e1 problema m\u00edo\u201d | Cultura"},"content":{"rendered":"<p class=\"\">Carlos Boyero deja claro en su cr\u00edtica que Valor sentimental est\u00e1 presidida por la intensidad emocional. Se refiere a la \u00faltima pel\u00edcula del director de cine noruego Joachim Trier, una cinta n\u00f3rdica, que en su an\u00e1lisis, considera \u201cdeudora de Bergman\u201d.<\/p>\n<p class=\"\">El experto cuenta que fue a verla con mucho inter\u00e9s, el que le provoc\u00f3 el anterior proyecto del director en el que ejerci\u00f3 de realizador, La peor persona del mundo, as\u00ed como su actriz protagonista, Renate Reinsve. Una sensaci\u00f3n que, asegura, solo tuvo durante las primeras secuencias de Valor sentimental porque \u201cplantean si las casas y los objetos que hay en ellas tambi\u00e9n albergan sentimientos respecto a las personas que las habitan\u201d.<\/p>\n<p class=\"\">Explica que su encanto dura poco porque a partir de ah\u00ed todo est\u00e1 presidido por la intensidad emocional. \u201cN\u00f3rdica, deudora de Bergman, constatado y atormentado artista, autor de algunas pel\u00edculas que me gustan, pero al que tambi\u00e9n le debo numerosos bostezos\u201d, agrega Boyero.<\/p>\n<p>M\u00e1s informaci\u00f3n<\/p>\n<p class=\"\">La pel\u00edcula est\u00e1 protagonizada por Stellan Skarsg\u00e5rd, que en palabras de Boyero interpreta a un anciano y retirado director de cine que pretende contar la que ser\u00e1 su \u00faltima pel\u00edcula, una tragedia familiar que quiere que protagonice su hija mayor. Elle Fanning es la otra gran estrella de la cinta y la actriz que finalmente har\u00e1 ese papel de hija mayor en la ficci\u00f3n que prepara el director.<\/p>\n<p class=\"\">Reinsve tambi\u00e9n encabeza el reparto de esta cinta y, sin embargo, en esta ocasi\u00f3n a Boyero no le convence su \u201cinterpretaci\u00f3n sufriente\u201d. El cineasta escribe esta pel\u00edcula con un material psicol\u00f3gico y angustiado que no le provoca hipnosis y que no le contagia el sentimiento y la complejidad que pretende transmitir. \u201cSer\u00e1 problema m\u00edo\u201d, concluye.<\/p>\n<p class=\"\">Si quieres leer la cr\u00edtica completa de Carlos Boyero puedes hacerlo siguiendo este enlace: <a href=\"https:\/\/elpais.com\/cultura\/cine\/2025-12-05\/valor-sentimental-demasiada-intensidad-nordica.html\" target=\"_self\" rel=\"nofollow noopener\" title=\"https:\/\/elpais.com\/cultura\/cine\/2025-12-05\/valor-sentimental-demasiada-intensidad-nordica.html\">\u2018Valor sentimental\u2019: demasiada intensidad n\u00f3rdica.<\/a><\/p>\n<p>Valor sentimental<\/p>\n<p><strong style=\"color: rgb(25, 25, 25); background-color: rgb(255, 255, 255);\">Direcci\u00f3n: <\/strong>Joachim Trier.<\/p>\n<p><strong style=\"color: rgb(25, 25, 25); background-color: rgb(255, 255, 255);\">Int\u00e9rpretes:<\/strong> Renate Reinsve, Stellan Skarsg\u00e5rd, Elle Fanning, Inga Ibsdotter Lilleaas.<\/p>\n<p><strong style=\"color: rgb(25, 25, 25); background-color: rgb(255, 255, 255);\">G\u00e9nero:<\/strong> drama. Noruega, 2025.<\/p>\n<p><strong style=\"color: rgb(25, 25, 25); background-color: rgb(255, 255, 255);\">Duraci\u00f3n:<\/strong> 133 minutos.<\/p>\n<p><strong style=\"color: rgb(25, 25, 25); background-color: rgb(255, 255, 255);\">Estreno: 5 de diciembre.<\/strong><\/p>\n","protected":false},"excerpt":{"rendered":"Carlos Boyero deja claro en su cr\u00edtica que Valor sentimental est\u00e1 presidida por la intensidad emocional. Se refiere&hellip;\n","protected":false},"author":2,"featured_media":274225,"comment_status":"","ping_status":"","sticky":false,"template":"","format":"standard","meta":{"footnotes":""},"categories":[169],"tags":[1014,177,26334,28667,209,9265,146,147,25,24,176,175,753,23],"class_list":{"0":"post-274224","1":"post","2":"type-post","3":"status-publish","4":"format-standard","5":"has-post-thumbnail","7":"category-cine","8":"tag-actores","9":"tag-cine","10":"tag-cine-autor","11":"tag-cine-europeo","12":"tag-cultura","13":"tag-directores-cine","14":"tag-entertainment","15":"tag-entretenimiento","16":"tag-es","17":"tag-espana","18":"tag-film","19":"tag-movies","20":"tag-peliculas","21":"tag-spain"},"share_on_mastodon":{"url":"https:\/\/pubeurope.com\/@es\/115672759927437047","error":""},"_links":{"self":[{"href":"https:\/\/www.europesays.com\/es\/wp-json\/wp\/v2\/posts\/274224","targetHints":{"allow":["GET"]}}],"collection":[{"href":"https:\/\/www.europesays.com\/es\/wp-json\/wp\/v2\/posts"}],"about":[{"href":"https:\/\/www.europesays.com\/es\/wp-json\/wp\/v2\/types\/post"}],"author":[{"embeddable":true,"href":"https:\/\/www.europesays.com\/es\/wp-json\/wp\/v2\/users\/2"}],"replies":[{"embeddable":true,"href":"https:\/\/www.europesays.com\/es\/wp-json\/wp\/v2\/comments?post=274224"}],"version-history":[{"count":0,"href":"https:\/\/www.europesays.com\/es\/wp-json\/wp\/v2\/posts\/274224\/revisions"}],"wp:featuredmedia":[{"embeddable":true,"href":"https:\/\/www.europesays.com\/es\/wp-json\/wp\/v2\/media\/274225"}],"wp:attachment":[{"href":"https:\/\/www.europesays.com\/es\/wp-json\/wp\/v2\/media?parent=274224"}],"wp:term":[{"taxonomy":"category","embeddable":true,"href":"https:\/\/www.europesays.com\/es\/wp-json\/wp\/v2\/categories?post=274224"},{"taxonomy":"post_tag","embeddable":true,"href":"https:\/\/www.europesays.com\/es\/wp-json\/wp\/v2\/tags?post=274224"}],"curies":[{"name":"wp","href":"https:\/\/api.w.org\/{rel}","templated":true}]}}