{"id":274234,"date":"2025-12-06T13:10:08","date_gmt":"2025-12-06T13:10:08","guid":{"rendered":"https:\/\/www.europesays.com\/es\/274234\/"},"modified":"2025-12-06T13:10:08","modified_gmt":"2025-12-06T13:10:08","slug":"victor-guillot-los-mensajes-de-mazon-y-cuenca-son-de-una-miseria-moral-dificil-de-medir","status":"publish","type":"post","link":"https:\/\/www.europesays.com\/es\/274234\/","title":{"rendered":"V\u00edctor Guillot: \u00abLos mensajes de Maz\u00f3n y Cuenca son de una miseria moral dif\u00edcil de medir\u00bb"},"content":{"rendered":"<p class=\"articleParagraph\">Los mensajes entre el expresident de la Generalitat, Carlos Maz\u00f3n, y el jefe de Gabinete, Jos\u00e9 Manuel Cuenca, con la exconsellera de Emergencias, Salom\u00e9 Pradas, han confirmado que el expresident no estaba preocupado por lo que estaba sucediendo el 29 de octubre. <a title=\"&quot;Cojonudo&quot;, fue la respuesta al mensaje de Prada\" href=\"https:\/\/www.ondacero.es\/noticias\/sociedad\/respuesta-mazon-cuando-pradas-aviso-que-preocupaba-barranco-poyo-cojonudo_202512056932d0909261f37ec73d713a.html\" target=\"_blank\" rel=\"nofollow noopener\">\u00abCojonudo\u00bb, fue la respuesta al mensaje de Prada<\/a>s avisando de que \u00abpreocupa\u00bb el barranco del Poyo. Adem\u00e1s, Cuenca le advirti\u00f3 a Pradas \u00abde confinar nada, por favor\u00bb y que se lo quitase \u00abde la cabeza\u00bb.<\/p>\n<p class=\"articleParagraph\">As\u00ed las cosas, V\u00edctor Guillot se ha mostrado contundente en Julia en la onda:<b> \u00abSon de una miseria moral dif\u00edcil de medir\u00bb, <\/b>al mismo tiempo que ha asegurado que \u00abel cerco a Maz\u00f3n es cada vez m\u00e1s estrecho\u00bb. A su juicio, \u00abla condescendencia machista\u00bb del jefe de gabinete de Maz\u00f3n hacia Pradas \u00abqueda patente\u00bb, as\u00ed como la evidencia de que \u00abdesde la una del mediod\u00eda ten\u00edan informaci\u00f3n suficiente\u00bb para actuar \u00abde otra manera\u00bb.<\/p>\n<blockquote class=\"articleQuote\"><p>Un jefe de gabinete en condiciones hubiera entrado en el reservado y habr\u00eda cogido por la pechera al presidente <\/p><\/blockquote>\n<p class=\"articleParagraph\">En este contexto, Julia Otero ha sembrado la duda sobre cu\u00e1les eran en realidad \u00ablas expectativas\u00bb de Maz\u00f3n para esa tarde, pero que eran \u00abmuy altas\u00bb para pensar que <b>\u00absu cabeza\u00bb estaba en \u00abotra parte\u00bb, <\/b>dado que su respuesta a la descripci\u00f3n de la situaci\u00f3n de emergencia fue \u00abcojonudo\u00bb.<\/p>\n<p class=\"articleParagraph\">La presentadora del programa, adem\u00e1s, se ha preguntado: \u00ab\u00bfQui\u00e9n es un jefe de gabinete para decirle a una consejera de emergencias lo que tiene que hacer?\u00bb, en referencia a la petici\u00f3n de Cuenca a Pradas que \u00abde confinar, nada\u00bb. En este sentido, Guillot ha sentenciado: \u00ab<b>Un jefe de gabinete en condiciones hubiera entrado en el reservado y habr\u00eda cogido por la pechera al presidente<\/b> y lo habr\u00eda sacado de all\u00ed\u00bb.<\/p>\n<p class=\"articleParagraph\">El periodista, adem\u00e1s, ha se\u00f1alado que<b> todav\u00eda queda \u00abla duda\u00bb de si Maribel Vilaplana estaba comiendo con Maz\u00f3n <\/b>y si lo que le dijo a la jueza de Catarroja era verdad. Por eso, \u00abel cerco sobre Maz\u00f3n es cada vez m\u00e1s estrecho\u00bb.<\/p>\n<blockquote class=\"articleQuote\"><p>La red del poder del PP en Valencia contin\u00faa <\/p><\/blockquote>\n<p class=\"articleParagraph\">Aunque Maz\u00f3n ha dimitido, <b>\u00abla red de poder del PP en Valencia contin\u00faa\u00bb,<\/b> ha apuntado Arantxa Tirado, porque miembros de su gabinete contin\u00faan en el actual gobierno de la Generalitat. Adem\u00e1s de que, aunque ha dimitido como president, Maz\u00f3n sigue \u00absaliendo a la calle, cobrando adem\u00e1s un plus que le han dado\u00bb, en referencia al nuevo cargo con el que le ha nombrado el actual president, Juanfran P\u00e9rez Llorca.<\/p>\n<p class=\"articleParagraph\">Es por ello que \u00absi Maz\u00f3n no ha dimitido antes, es porque no ten\u00eda garantizado un futuro inmediatamente despu\u00e9s de su dimisi\u00f3n\u00bb, ha afirmado Guillot. Seg\u00fan sus propias palabras, a lo largo de este a\u00f1o en el que se ten\u00eda que gestionar la crisis de la dana, hab\u00eda que \u00abasegurar el futuro de un expresidente, <b>probablemente el presidente m\u00e1s miserable que ha tenido la Comunidad Valenciana\u00bb. <\/b><\/p>\n","protected":false},"excerpt":{"rendered":"Los mensajes entre el expresident de la Generalitat, Carlos Maz\u00f3n, y el jefe de Gabinete, Jos\u00e9 Manuel Cuenca,&hellip;\n","protected":false},"author":2,"featured_media":274235,"comment_status":"","ping_status":"","sticky":false,"template":"","format":"standard","meta":{"footnotes":""},"categories":[8],"tags":[17,18,25,24,13,14,11,19,20,9,10,15,16,23,12,21,22],"class_list":{"0":"post-274234","1":"post","2":"type-post","3":"status-publish","4":"format-standard","5":"has-post-thumbnail","7":"category-espana","8":"tag-breaking-news","9":"tag-breakingnews","10":"tag-es","11":"tag-espana","12":"tag-featured-news","13":"tag-featurednews","14":"tag-headlines","15":"tag-latest-news","16":"tag-latestnews","17":"tag-news","18":"tag-noticias","19":"tag-noticias-destacadas","20":"tag-noticiasdestacadas","21":"tag-spain","22":"tag-titulares","23":"tag-ultimas-noticias","24":"tag-ultimasnoticias"},"share_on_mastodon":{"url":"https:\/\/pubeurope.com\/@es\/115672791407674073","error":""},"_links":{"self":[{"href":"https:\/\/www.europesays.com\/es\/wp-json\/wp\/v2\/posts\/274234","targetHints":{"allow":["GET"]}}],"collection":[{"href":"https:\/\/www.europesays.com\/es\/wp-json\/wp\/v2\/posts"}],"about":[{"href":"https:\/\/www.europesays.com\/es\/wp-json\/wp\/v2\/types\/post"}],"author":[{"embeddable":true,"href":"https:\/\/www.europesays.com\/es\/wp-json\/wp\/v2\/users\/2"}],"replies":[{"embeddable":true,"href":"https:\/\/www.europesays.com\/es\/wp-json\/wp\/v2\/comments?post=274234"}],"version-history":[{"count":0,"href":"https:\/\/www.europesays.com\/es\/wp-json\/wp\/v2\/posts\/274234\/revisions"}],"wp:featuredmedia":[{"embeddable":true,"href":"https:\/\/www.europesays.com\/es\/wp-json\/wp\/v2\/media\/274235"}],"wp:attachment":[{"href":"https:\/\/www.europesays.com\/es\/wp-json\/wp\/v2\/media?parent=274234"}],"wp:term":[{"taxonomy":"category","embeddable":true,"href":"https:\/\/www.europesays.com\/es\/wp-json\/wp\/v2\/categories?post=274234"},{"taxonomy":"post_tag","embeddable":true,"href":"https:\/\/www.europesays.com\/es\/wp-json\/wp\/v2\/tags?post=274234"}],"curies":[{"name":"wp","href":"https:\/\/api.w.org\/{rel}","templated":true}]}}