{"id":274250,"date":"2025-12-06T13:24:11","date_gmt":"2025-12-06T13:24:11","guid":{"rendered":"https:\/\/www.europesays.com\/es\/274250\/"},"modified":"2025-12-06T13:24:11","modified_gmt":"2025-12-06T13:24:11","slug":"la-venganza-de-seren-se-vuelve-en-su-contra-en-los-proximos-capitulos-de-renacer","status":"publish","type":"post","link":"https:\/\/www.europesays.com\/es\/274250\/","title":{"rendered":"La venganza de Seren se vuelve en su contra en los pr\u00f3ximos cap\u00edtulos de Renacer"},"content":{"rendered":"<p>En los pr\u00f3ximos cap\u00edtulos de <b>Renacer<\/b>, la tensi\u00f3n vuelve a subir para la familia Yavuzoglu. Despu\u00e9s de descubrir la traici\u00f3n, <b>Seren <\/b>decide no callarse m\u00e1s y presenta una <b>queja <\/b>formal en el <b>hospital<\/b>. Su testimonio pone a Uras y Maral en el punto de mira justo cuando la junta m\u00e9dica se re\u00fane para <b>revisar el caso<\/b>.<\/p>\n<p>Mientras tanto, <b>Uras <\/b>intenta desesperadamente evitar que todo vaya a peor. Nervioso y sin pensar con claridad, le pide a <b>Maral <\/b>que <b>borre los v\u00eddeos de seguridad <\/b>que podr\u00edan mostrar lo que pas\u00f3 en el hospital. Pero<b> ella se niega<\/b>. Esa grabaci\u00f3n existe y puede caer en malas manos en cualquier momento.<\/p>\n<p>En medio de este caos, <b>Bahar <\/b>teme que esta vez la familia no logre sostenerse. Pero cuando parece que las cosas no pueden complicarse m\u00e1s, la <b>polic\u00eda <\/b>llega al hospital buscando a <b>Seren<\/b>: \u201cHay una denuncia contra usted por agresi\u00f3n y da\u00f1os materiales. Acomp\u00e1\u00f1enos a comisar\u00eda\u201d.<\/p>\n<p>No te pierdas <b>Renacer<\/b>, lunes y martes a las 22:50 h en Antena 3. <b><a title=\"Disponible tambi\u00e9n en atresplayer\" href=\"https:\/\/www.atresplayer.com\/antena3\/series\/renacer\/\" rel=\"nofollow noopener\" target=\"_blank\">Disponible tambi\u00e9n en atresplayer<\/a><\/b>.<\/p>\n","protected":false},"excerpt":{"rendered":"En los pr\u00f3ximos cap\u00edtulos de Renacer, la tensi\u00f3n vuelve a subir para la familia Yavuzoglu. Despu\u00e9s de descubrir&hellip;\n","protected":false},"author":2,"featured_media":274251,"comment_status":"","ping_status":"","sticky":false,"template":"","format":"standard","meta":{"footnotes":""},"categories":[171],"tags":[146,147,25,24,23,214],"class_list":{"0":"post-274250","1":"post","2":"type-post","3":"status-publish","4":"format-standard","5":"has-post-thumbnail","7":"category-tv","8":"tag-entertainment","9":"tag-entretenimiento","10":"tag-es","11":"tag-espana","12":"tag-spain","13":"tag-tv"},"share_on_mastodon":{"url":"https:\/\/pubeurope.com\/@es\/115672846345103159","error":""},"_links":{"self":[{"href":"https:\/\/www.europesays.com\/es\/wp-json\/wp\/v2\/posts\/274250","targetHints":{"allow":["GET"]}}],"collection":[{"href":"https:\/\/www.europesays.com\/es\/wp-json\/wp\/v2\/posts"}],"about":[{"href":"https:\/\/www.europesays.com\/es\/wp-json\/wp\/v2\/types\/post"}],"author":[{"embeddable":true,"href":"https:\/\/www.europesays.com\/es\/wp-json\/wp\/v2\/users\/2"}],"replies":[{"embeddable":true,"href":"https:\/\/www.europesays.com\/es\/wp-json\/wp\/v2\/comments?post=274250"}],"version-history":[{"count":0,"href":"https:\/\/www.europesays.com\/es\/wp-json\/wp\/v2\/posts\/274250\/revisions"}],"wp:featuredmedia":[{"embeddable":true,"href":"https:\/\/www.europesays.com\/es\/wp-json\/wp\/v2\/media\/274251"}],"wp:attachment":[{"href":"https:\/\/www.europesays.com\/es\/wp-json\/wp\/v2\/media?parent=274250"}],"wp:term":[{"taxonomy":"category","embeddable":true,"href":"https:\/\/www.europesays.com\/es\/wp-json\/wp\/v2\/categories?post=274250"},{"taxonomy":"post_tag","embeddable":true,"href":"https:\/\/www.europesays.com\/es\/wp-json\/wp\/v2\/tags?post=274250"}],"curies":[{"name":"wp","href":"https:\/\/api.w.org\/{rel}","templated":true}]}}