{"id":274275,"date":"2025-12-06T13:44:09","date_gmt":"2025-12-06T13:44:09","guid":{"rendered":"https:\/\/www.europesays.com\/es\/274275\/"},"modified":"2025-12-06T13:44:09","modified_gmt":"2025-12-06T13:44:09","slug":"me-hace-bien-y-estamos-muy-felices","status":"publish","type":"post","link":"https:\/\/www.europesays.com\/es\/274275\/","title":{"rendered":"\u00abMe hace bien y estamos muy felices\u00bb"},"content":{"rendered":"<p style=\"\">La relaci\u00f3n entre<a href=\"https:\/\/www.abc.es\/gente\/amelia-bono-viral-misterioso-objeto-fotos-suelo-20250506180756-nt.html\" target=\"_self\" data-voc-vtm-id=\"in-text-traffic\" title=\" Amelia Bono\" data-mrf-link=\"www.abc.es\" rel=\"nofollow noopener\"> Amelia Bono<\/a> (44 a\u00f1os) y <a href=\"https:\/\/www.abc.es\/gente\/amelia-bono-manuel-martos-puertas-enesima-reconciliacion-20240827110530-nt.html\" target=\"_self\" data-voc-vtm-id=\"in-text-traffic\" title=\"Manuel Martos\" data-mrf-link=\"www.abc.es\" rel=\"nofollow noopener\">Manuel Martos<\/a> (46 a\u00f1os) siempre ha estado sujeta a <strong>numerosos vaivenes<\/strong>, pasando por varias etapas de alejamiento y reconciliaciones pasionales. Pero parece que <strong>aquello ya acab\u00f3 definitivamente<\/strong> porque la hija de Jos\u00e9 Bono  &#8230; ha encontrado<strong> una nueva ilusi\u00f3n<\/strong> y hasta ha presentado en sociedad -es decir, en las redes sociales- a quien es su nuevo novio. \u00abEstoy en una etapa bonita, tranquila, con <strong>una sonrisa que me sale sola<\/strong>\u00bb, ha asegurado.<\/p>\n<p class=\"voc-p\" style=\"\"><a href=\"https:\/\/www.abc.es\/gente\/amelia-bono-emite-comunicado-tras-polemica-foto-20250509120327-nt.html\" target=\"_self\" data-voc-vtm-id=\"in-text-traffic\" title=\"Amelia Bono\" data-mrf-link=\"www.abc.es\" rel=\"nofollow noopener\">Amelia Bono<\/a> y Manuel Martos decidieron romper a comienzos de este a\u00f1o y as\u00ed lo comunicaron en sus redes sociales tras realizar el en\u00e9simo intento por salvar la relaci\u00f3n. No fue posible y tanto la influencer como el hijo de <a href=\"https:\/\/www.abc.es\/gente\/amelia-bono-sobre-raphael-fuerte-bien-20250118114204-vi.html\" target=\"_self\" data-voc-vtm-id=\"in-text-traffic\" title=\"Raphael\" data-mrf-link=\"www.abc.es\" rel=\"nofollow noopener\">Raphael<\/a> decidieron empezar una etapa de solter\u00eda. <strong>Que ha durado poco en el caso de Amelia Bono<\/strong>.<\/p>\n<p class=\"voc-p\" style=\"\">Y eso que durante algunos meses hasta <strong>se aliment\u00f3 la posibilidad de reconciliaci\u00f3n<\/strong> -lo que tampoco hubiera sido novedad- entre los dos despu\u00e9s de verlos juntos p\u00fablicamente. Pero no. \u00abQue una ex pareja se lleve bien, se respete, pueda salir con amigos y, es m\u00e1s, que se quiera, \u00bf<strong>cuesta tanto aceptarlo y creerlo<\/strong>? Acostumbraros, por favor, a vernos muchas veces juntos y dejadnos vivir nuestra vida y nuestra felicidad con nuestras familias y amigos\u00bb, zanj\u00f3 en una ocasi\u00f3n Amelia Bono en sus redes sociales.<\/p>\n<p>\nCompartir una noticia\n<\/p>\n<p class=\"voc-p\" style=\"\">En las \u00faltimas semanas, Amelia Bono ha ido llenando su Instagram de contenido relacionado con sus entrenamientos para correr <strong>la marat\u00f3n de Nueva York<\/strong>. Pero resulta que no ha estado sola y as\u00ed lo ha hecho saber finalmente en otra publicaci\u00f3n en redes sociales. <\/p>\n<p class=\"voc-p\" style=\"\">\u00abAl final sois como una peque\u00f1a familia que me acompa\u00f1a desde hace muchos a\u00f1os y me encantar\u00eda compartir con vosotros esta noticia\u00ab, comenzaba escribiendo la hija de Jos\u00e9 Bono junto a una imagen en la que se la pod\u00eda ver junto a un joven muchacho posando con ropa deportiva en el emblem\u00e1tico Central Park de Manhattan.<\/p>\n<p class=\"voc-title\">\u00abEstoy en una etapa bonita, tranquila, con una sonrisa que me sale sola y con el coraz\u00f3n bastante en calma\u00bb<\/p>\n<p class=\"voc-p\" style=\"\">\u00abEstoy en una etapa bonita, tranquila, con una sonrisa que me sale sola y con el coraz\u00f3n bastante en calma.<strong> Agradecida por lo que llega<\/strong>, por lo que suma y por sentirme tan feliz. Y s\u00ed\u2026 hay una persona especial en mi vida. No voy a hacer discursos eternos, solo decir que me hace bien y que <strong>estamos muy felices<\/strong>\u00bb, a\u00f1ad\u00eda para dejarlo todo bien clarito.<\/p>\n<p>\nFelices a su ritmo\n<\/p>\n<p class=\"voc-p\" style=\"\">Amelia Bono ped\u00eda que respetaran su intimidad al desear: \u00abOjal\u00e1 podamos vivirlo en paz, sin curiosidades que pesen. <strong>Que nos dejen tranquilos<\/strong>, que podamos ser felices a nuestro ritmo, a nuestra manera\u00bb. Y terminaba: \u00abDe verdad, gracias por estar, por acompa\u00f1arme con tanto cari\u00f1o siempre, por leerme, <strong>por formar parte de esta peque\u00f1a familia virtual que tanto significa para m\u00ed<\/strong>. Me hace ilusi\u00f3n poder compartir estas cosas con vosotros y sentir vuestro apoyo y cari\u00f1o siempre\u00bb.<\/p>\n<p class=\"voc-p\" style=\"\">As\u00ed que la hija de Jos\u00e9 Bono terminar\u00e1 el a\u00f1o con pareja diferente y con nuevas perspectivas para el que viene. Tiene una nueva ilusi\u00f3n, la ha presentado en sociedad y de paso ha confirmado que Manuel Martos ya es pasado.<\/p>\n","protected":false},"excerpt":{"rendered":"La relaci\u00f3n entre Amelia Bono (44 a\u00f1os) y Manuel Martos (46 a\u00f1os) siempre ha estado sujeta a numerosos&hellip;\n","protected":false},"author":2,"featured_media":274276,"comment_status":"","ping_status":"","sticky":false,"template":"","format":"standard","meta":{"footnotes":""},"categories":[174],"tags":[67033,14649,6794,255,146,147,25,24,256,48704,25265,524,2782,492,23],"class_list":{"0":"post-274275","1":"post","2":"type-post","3":"status-publish","4":"format-standard","5":"has-post-thumbnail","7":"category-famosos","8":"tag-amelia","9":"tag-bien","10":"tag-bono","11":"tag-celebrities","12":"tag-entertainment","13":"tag-entretenimiento","14":"tag-es","15":"tag-espana","16":"tag-famosos","17":"tag-felices","18":"tag-novio","19":"tag-nuevo","20":"tag-presenta","21":"tag-sociedad","22":"tag-spain"},"share_on_mastodon":{"url":"https:\/\/pubeurope.com\/@es\/115672925159888940","error":""},"_links":{"self":[{"href":"https:\/\/www.europesays.com\/es\/wp-json\/wp\/v2\/posts\/274275","targetHints":{"allow":["GET"]}}],"collection":[{"href":"https:\/\/www.europesays.com\/es\/wp-json\/wp\/v2\/posts"}],"about":[{"href":"https:\/\/www.europesays.com\/es\/wp-json\/wp\/v2\/types\/post"}],"author":[{"embeddable":true,"href":"https:\/\/www.europesays.com\/es\/wp-json\/wp\/v2\/users\/2"}],"replies":[{"embeddable":true,"href":"https:\/\/www.europesays.com\/es\/wp-json\/wp\/v2\/comments?post=274275"}],"version-history":[{"count":0,"href":"https:\/\/www.europesays.com\/es\/wp-json\/wp\/v2\/posts\/274275\/revisions"}],"wp:featuredmedia":[{"embeddable":true,"href":"https:\/\/www.europesays.com\/es\/wp-json\/wp\/v2\/media\/274276"}],"wp:attachment":[{"href":"https:\/\/www.europesays.com\/es\/wp-json\/wp\/v2\/media?parent=274275"}],"wp:term":[{"taxonomy":"category","embeddable":true,"href":"https:\/\/www.europesays.com\/es\/wp-json\/wp\/v2\/categories?post=274275"},{"taxonomy":"post_tag","embeddable":true,"href":"https:\/\/www.europesays.com\/es\/wp-json\/wp\/v2\/tags?post=274275"}],"curies":[{"name":"wp","href":"https:\/\/api.w.org\/{rel}","templated":true}]}}