{"id":274293,"date":"2025-12-06T13:56:10","date_gmt":"2025-12-06T13:56:10","guid":{"rendered":"https:\/\/www.europesays.com\/es\/274293\/"},"modified":"2025-12-06T13:56:10","modified_gmt":"2025-12-06T13:56:10","slug":"espana-celebra-el-dia-de-la-constitucion-entre-criticas-y-llamados-a-proteger-el-estado-de-bienestar","status":"publish","type":"post","link":"https:\/\/www.europesays.com\/es\/274293\/","title":{"rendered":"Espa\u00f1a celebra el D\u00eda de la Constituci\u00f3n entre cr\u00edticas y llamados a proteger el Estado de Bienestar"},"content":{"rendered":"<p>\n         Publicado<br \/>\n            06\/12\/2025 &#8211; 14:17 CET\n            <\/p>\n<p>La celebraci\u00f3n este s\u00e1bado del <strong>aniversario de la Constituci\u00f3n espa\u00f1ola<\/strong> estuvo marcado por la ausencia de varios presidentes auton\u00f3micos y socios parlamentarios, mientras que el presidente <strong>Pedro S\u00e1nchez<\/strong> reivindicaba el Estado del bienestar y el l\u00edder de la oposici\u00f3n, <strong>Alberto N\u00fa\u00f1ez Feij\u00f3o<\/strong>, acusaba al Gobierno de atacar a la Carta Magna.<\/p>\n<p>Espa\u00f1a celebr\u00f3 el 47 aniversario de la Constituci\u00f3n de 1978 con un acto institucional en el Congreso de los Diputados en el que fue patente la divisi\u00f3n pol\u00edtica y la creciente tensi\u00f3n en v\u00edsperas de <a href=\"https:\/\/es.euronews.com\/2025\/10\/27\/extremadura-elecciones-anticipadas-diciembre\" rel=\"nofollow noopener\" target=\"_blank\">la campa\u00f1a electoral extreme\u00f1a<\/a>. La tradicional recepci\u00f3n en el Palacio de las Cortes reuni\u00f3 a autoridades del Estado, diputados y representantes de la sociedad civil, aunque <strong>sin la presencia de Vox ni de los socios del Ejecutivo<\/strong>, que volvieron a desmarcarse del evento.<\/p>\n<p>La jornada comenz\u00f3 a las 10:30, en la carrera de San Jer\u00f3nimo, con el izado de la bandera nacional. Los invitados fueron recibidos poco despu\u00e9s en <strong>el Sal\u00f3n de los Pasos Perdidos<\/strong>, donde alumnos de primaria de varias nacionalidades europeas leyeron art\u00edculos de la Carta Magna. La presidenta del Congreso, <strong>Francina Armengol<\/strong>, reivindic\u00f3 en su discurso el esp\u00edritu de consenso de la Transici\u00f3n y alert\u00f3 contra los proyectos \u00abtotalitarios\u00bb que, dijo, amenazan logros sociales como la sanidad, la educaci\u00f3n y las pol\u00edticas de redistribuci\u00f3n.<\/p>\n<p>S\u00e1nchez reivindica el Estado del bienestar<\/p>\n<p>Apenas un d\u00eda despu\u00e9s de que la Administraci\u00f3n Trump <a href=\"https:\/\/es.euronews.com\/my-europe\/2025\/12\/05\/la-administracion-trump-advierte-a-europa-del-declive-civilizador-en-su-nueva-estrategia-d\" rel=\"nofollow noopener\" target=\"_blank\">asegurara que la civilizaci\u00f3n en Europa est\u00e1 en \u00abdeclive\u00bb<\/a>, el presidente S\u00e1nchez aprovech\u00f3 su intervenci\u00f3n para <strong>defender la vigencia del texto constitucional y de los valores europeos<\/strong>, y para alertar sobre los intentos de \u00abdesmantelar el Estado del bienestar\u00bb . <\/p>\n<p>\u00abEs importante reivindicar la Constituci\u00f3n y la acci\u00f3n de un Gobierno progresista que apuesta por una Europa fuerte y por un Estado del bienestar fuerte\u00bb, afirm\u00f3. S\u00e1nchez destac\u00f3 el valor del art\u00edculo 43, que garantiza el derecho a una \u00absanidad p\u00fablica, gratuita y universal\u00bb, y prometi\u00f3 emplear \u00abtodas las herramientas\u00bb para blindarla frente a quienes, seg\u00fan \u00e9l, buscan debilitarla <strong>desde administraciones conservadoras<\/strong>.<\/p>\n<p>El presidente tambi\u00e9n respondi\u00f3 a quienes aseguran que Espa\u00f1a podr\u00eda entrar en una deriva autoritaria. \u00abLos profetas del desastre dicen que Espa\u00f1a se hunde o se rompe, pero muchos de ellos son nost\u00e1lgicos de la dictadura o sus herederos\u00bb, declar\u00f3. Para S\u00e1nchez, la solidez de la democracia espa\u00f1ola es prueba de la fortaleza de la Constituci\u00f3n.<\/p>\n<p>Feij\u00f3o acusa al Gobierno de atacar la Carta Magna<\/p>\n<p>En contraste, el l\u00edder del Partido Popular (PP), <strong>Feij\u00f3o, acus\u00f3 al Ejecutivo de ser \u00abel que m\u00e1s ha atacado la Constituci\u00f3n en 47 a\u00f1os\u00bb<\/strong>. Afirm\u00f3 que el Gobierno ha da\u00f1ado la separaci\u00f3n de poderes, la igualdad ante la ley y la neutralidad institucional. \u201cNo puedo agradecer al Gobierno la defensa de la Constituci\u00f3n porque no lo est\u00e1 haciendo\u201d, sostuvo, insistiendo en que \u00abla mejor forma de defenderla es se\u00f1alar a quien la ataca\u00bb.<\/p>\n<p>Feij\u00f3o a\u00f1adi\u00f3 que <strong>al PP le \u00abda igual qui\u00e9n venga o qui\u00e9n falte\u00bb<\/strong>, porque -seg\u00fan asegur\u00f3- su partido \u00absiempre estar\u00e1 con la Constituci\u00f3n\u00bb y con el respeto a los principios de la Carta Magna.<\/p>\n<p>La jornada estuvo adem\u00e1s marcada por <strong>la ausencia de m\u00e1s de dos tercios de los presidentes auton\u00f3micos<\/strong> -incluido el catal\u00e1n <strong>Salvador Illa<\/strong>&#8211; y por los mensajes de varias fuerzas pol\u00edticas. La portavoz de EH Bildu en el Congreso, <strong>Mertxe Aizpurua<\/strong>, asegur\u00f3 que la Constituci\u00f3n \u00abno representa al sentir mayoritario\u00bb en el Pa\u00eds Vasco, mientras que la vicepresidenta <strong>Yolanda D\u00edaz<\/strong> reclam\u00f3 actuar contra la \u00abespeculaci\u00f3n\u00bb en el mercado inmobiliaria para as\u00ed cumplir los derechos sociales que recoge la Carta Magna.<\/p>\n<p>El acto concluy\u00f3 con <strong>una pieza musical y un c\u00f3ctel<\/strong> en los salones anexos al hemiciclo, poniendo fin a una celebraci\u00f3n que, un a\u00f1o m\u00e1s, dej\u00f3 en evidencia la fractura pol\u00edtica, en esta ocasi\u00f3n, en torno a la Constituci\u00f3n.<\/p>\n","protected":false},"excerpt":{"rendered":"Publicado 06\/12\/2025 &#8211; 14:17 CET La celebraci\u00f3n este s\u00e1bado del aniversario de la Constituci\u00f3n espa\u00f1ola estuvo marcado por&hellip;\n","protected":false},"author":2,"featured_media":274294,"comment_status":"","ping_status":"","sticky":false,"template":"","format":"standard","meta":{"footnotes":""},"categories":[8],"tags":[6069,17,18,11298,25,24,13,14,11,19,20,9,10,15,16,7499,2959,1699,23,12,21,22],"class_list":{"0":"post-274293","1":"post","2":"type-post","3":"status-publish","4":"format-standard","5":"has-post-thumbnail","7":"category-espana","8":"tag-alberto-nunez-feijoo","9":"tag-breaking-news","10":"tag-breakingnews","11":"tag-constitucion","12":"tag-es","13":"tag-espana","14":"tag-featured-news","15":"tag-featurednews","16":"tag-headlines","17":"tag-latest-news","18":"tag-latestnews","19":"tag-news","20":"tag-noticias","21":"tag-noticias-destacadas","22":"tag-noticiasdestacadas","23":"tag-partido-popular","24":"tag-pedro-sanchez","25":"tag-psoe","26":"tag-spain","27":"tag-titulares","28":"tag-ultimas-noticias","29":"tag-ultimasnoticias"},"share_on_mastodon":{"url":"https:\/\/pubeurope.com\/@es\/115672972321511110","error":""},"_links":{"self":[{"href":"https:\/\/www.europesays.com\/es\/wp-json\/wp\/v2\/posts\/274293","targetHints":{"allow":["GET"]}}],"collection":[{"href":"https:\/\/www.europesays.com\/es\/wp-json\/wp\/v2\/posts"}],"about":[{"href":"https:\/\/www.europesays.com\/es\/wp-json\/wp\/v2\/types\/post"}],"author":[{"embeddable":true,"href":"https:\/\/www.europesays.com\/es\/wp-json\/wp\/v2\/users\/2"}],"replies":[{"embeddable":true,"href":"https:\/\/www.europesays.com\/es\/wp-json\/wp\/v2\/comments?post=274293"}],"version-history":[{"count":0,"href":"https:\/\/www.europesays.com\/es\/wp-json\/wp\/v2\/posts\/274293\/revisions"}],"wp:featuredmedia":[{"embeddable":true,"href":"https:\/\/www.europesays.com\/es\/wp-json\/wp\/v2\/media\/274294"}],"wp:attachment":[{"href":"https:\/\/www.europesays.com\/es\/wp-json\/wp\/v2\/media?parent=274293"}],"wp:term":[{"taxonomy":"category","embeddable":true,"href":"https:\/\/www.europesays.com\/es\/wp-json\/wp\/v2\/categories?post=274293"},{"taxonomy":"post_tag","embeddable":true,"href":"https:\/\/www.europesays.com\/es\/wp-json\/wp\/v2\/tags?post=274293"}],"curies":[{"name":"wp","href":"https:\/\/api.w.org\/{rel}","templated":true}]}}