{"id":274319,"date":"2025-12-06T14:18:14","date_gmt":"2025-12-06T14:18:14","guid":{"rendered":"https:\/\/www.europesays.com\/es\/274319\/"},"modified":"2025-12-06T14:18:14","modified_gmt":"2025-12-06T14:18:14","slug":"veto-trump-y-temor-de-las-aerolineas-extranjeras-es-seguro-volar-en-venezuela-france-24","status":"publish","type":"post","link":"https:\/\/www.europesays.com\/es\/274319\/","title":{"rendered":"Veto Trump y temor de las aerol\u00edneas extranjeras: \u00bfes seguro volar en Venezuela? &#8211; France 24"},"content":{"rendered":"<ol>\n<li><a href=\"https:\/\/news.google.com\/rss\/articles\/CBMi0AFBVV95cUxQTTRzZi1pTWMyNHVlNy1Rdk5UVFQ5a19pak02YTk0eWpvU3R3RTBldDlYdVRzUWpvc1J6R1NOS1JKVlpoYmpFZEFuWGFSeHIwOXFmbUgxMWQwc2F2LWJ1TlhVTE8ySHQxMUhxdzMydnpfVF9kbDl4V0JWLU9Da2ZSOFktaFdtdi1DMklpOXZNaWl4N3BCY2ZLTTZqWWpZN2VnM2pKdmpyRUpxaWN1MkVfck5ob3FBU09PTzNrbDlFU2pNTkhMdlpGSmlOZDg3d0hI?oc=5\" target=\"_blank\" rel=\"nofollow noopener\">Veto Trump y temor de las aerol\u00edneas extranjeras: \u00bfes seguro volar en Venezuela?<\/a>&nbsp;&nbsp;France 24<\/li>\n<li><a href=\"https:\/\/news.google.com\/rss\/articles\/CBMitwFBVV95cUxQWkszdjZIenlIenhPX1cxTDdVMG5JZjQ5ME9qWi1uazhpXzdpeHBibUhUWTJJbnc0U09iMmE5aVJuWTlEdkl1UGNPU1pEMWtKU0VnYkNIdU9CRWk2YWJvUWY2UHRiUU5HRXRUZ1M5Y19WcW1YMXhURnNVNjlPYUpMa3VBOHZrQW5mREZ2bmxjZjdzc0NmaXBTV3ZWTUN1b0w0aXBiTWp2V1NBaG0xNVhOczJCcjRCOVk?oc=5\" target=\"_blank\" rel=\"nofollow noopener\">Venezuela: Estados Unidos rescata el intervencionismo en su \u00abpatio trasero\u00bb<\/a>&nbsp;&nbsp;RTVE.es<\/li>\n<li><a href=\"https:\/\/news.google.com\/rss\/articles\/CBMigwFBVV95cUxNQ0hyMzJNQXhzbVJSVExhNGRnUnFhM0FQLXNrR0tQMlRZZ0NsbnppdzBvZ3EySjFYcGYwZzlvd0ItVVVpWmZGaUJoMUZBU2dRc1haQU1QOUZDUnFCaDBGZjZJNVBtVVdRTnFsLVl6V2FGU1RWT3R0eFRuZ0dCMk9SaElGZ9IBgwFBVV95cUxOclZhajFKSHdhOTExQ0praWJLT21IWHIwdDB6QUQyMDROZDNTWmJEa3pkaHgzbnJibFA2SlNpTFBGR0pZclhZTFpIT2tPVVNjQTBGWFhfOVVGOUNid0FYQjVLaEQ0cHcxQWt2YW1IZTNaZXdST3dwcWVwcHc0QzNYTVpxUQ?oc=5\" target=\"_blank\" rel=\"nofollow noopener\">Trump prepara ataques por tierra en Venezuela: \u00abVamos a acabar con esos hijos de perra\u00bb<\/a>&nbsp;&nbsp;El Mundo<\/li>\n<li><a href=\"https:\/\/news.google.com\/rss\/articles\/CBMinwFBVV95cUxPeEhyYWdKMWZ1eHpuRG0xOVdpTF9rM0NSOFNEMjdqV1RFMXA1OC1Mc2xCcC1TY2RGYXFudm84WUM3Z21zNkJFeHRybEQzMW9oQW40SjU3blRrdjQwaGh0R1hVYnFsdTVSZnNNbWJEOTZXcWdFbV9XX1VZLVRKT0xETi0ycEpwT3llZWpZZHYxbDBweU44bTZtZHd0VG9wcUk?oc=5\" target=\"_blank\" rel=\"nofollow noopener\">Ministro chavista dice que ha habido 1.474 vuelos en Venezuela pese a \u00abamenaza\u00bb de EE.UU.<\/a>&nbsp;&nbsp;ABC<\/li>\n<li><a href=\"https:\/\/news.google.com\/rss\/articles\/CBMisgFBVV95cUxNWTlkblBSamxYSXdFNEQ4Mm5EbVBHRnZhQUFIemo2WERIVVlreW8wZ1pScUdNYnUwOEhacVEwTGRNZTE0RDJLWVJ3RzhYNnBaemthRGwxZTE4X0VJQmpaXzBNN0Rpa0Z5ZktXYWJfSXlhdVNmV0pseEl5bTFXcVh5aUdLTzJocDdlWVY3YktUd0I2SGFGZE1hOVhYU2s0MVlmQlRSSndfSkRjSHMtcVBzVkRn0gG3AUFVX3lxTE9PMC1Cdm1pdXh4MXZ5VlJ2c19SY1dsNFFROGpPNjBsYXRFU0hjS2QxOFNlVzN3MnBpY3lxZXRpbTR5cXdmZzVWN0VRMWtkZUVfTmpwc0ZobVZsY0p4QmM2UmRON0phbjByVjlzVlFxcHB1cTFNcTF4X181dEZFTkFERXR0Rlc5d1N0dEhhcmRLOWpVZXprazV5TlA0bDNtS094NXpTQXdSM3BRTDBydFBWaVlXb0FtYw?oc=5\" target=\"_blank\" rel=\"nofollow noopener\">Trump asfixia a Maduro y va un paso m\u00e1s all\u00e1 en su pol\u00edtica intervencionista en Latinoam\u00e9rica<\/a>&nbsp;&nbsp;Diario P\u00fablico<\/li>\n<\/ol>\n","protected":false},"excerpt":{"rendered":"Veto Trump y temor de las aerol\u00edneas extranjeras: \u00bfes seguro volar en Venezuela?&nbsp;&nbsp;France 24 Venezuela: Estados Unidos rescata&hellip;\n","protected":false},"author":2,"featured_media":274320,"comment_status":"","ping_status":"","sticky":false,"template":"","format":"standard","meta":{"footnotes":""},"categories":[42],"tags":[17,18,13,14,11,61,62,63,64,19,20,9,10,15,16,12,21,22,65,66,67],"class_list":{"0":"post-274319","1":"post","2":"type-post","3":"status-publish","4":"format-standard","5":"has-post-thumbnail","7":"category-internacional","8":"tag-breaking-news","9":"tag-breakingnews","10":"tag-featured-news","11":"tag-featurednews","12":"tag-headlines","13":"tag-internacional","14":"tag-international","15":"tag-international-news","16":"tag-internationalnews","17":"tag-latest-news","18":"tag-latestnews","19":"tag-news","20":"tag-noticias","21":"tag-noticias-destacadas","22":"tag-noticiasdestacadas","23":"tag-titulares","24":"tag-ultimas-noticias","25":"tag-ultimasnoticias","26":"tag-world","27":"tag-world-news","28":"tag-worldnews"},"share_on_mastodon":{"url":"https:\/\/pubeurope.com\/@es\/115673058893511843","error":""},"_links":{"self":[{"href":"https:\/\/www.europesays.com\/es\/wp-json\/wp\/v2\/posts\/274319","targetHints":{"allow":["GET"]}}],"collection":[{"href":"https:\/\/www.europesays.com\/es\/wp-json\/wp\/v2\/posts"}],"about":[{"href":"https:\/\/www.europesays.com\/es\/wp-json\/wp\/v2\/types\/post"}],"author":[{"embeddable":true,"href":"https:\/\/www.europesays.com\/es\/wp-json\/wp\/v2\/users\/2"}],"replies":[{"embeddable":true,"href":"https:\/\/www.europesays.com\/es\/wp-json\/wp\/v2\/comments?post=274319"}],"version-history":[{"count":0,"href":"https:\/\/www.europesays.com\/es\/wp-json\/wp\/v2\/posts\/274319\/revisions"}],"wp:featuredmedia":[{"embeddable":true,"href":"https:\/\/www.europesays.com\/es\/wp-json\/wp\/v2\/media\/274320"}],"wp:attachment":[{"href":"https:\/\/www.europesays.com\/es\/wp-json\/wp\/v2\/media?parent=274319"}],"wp:term":[{"taxonomy":"category","embeddable":true,"href":"https:\/\/www.europesays.com\/es\/wp-json\/wp\/v2\/categories?post=274319"},{"taxonomy":"post_tag","embeddable":true,"href":"https:\/\/www.europesays.com\/es\/wp-json\/wp\/v2\/tags?post=274319"}],"curies":[{"name":"wp","href":"https:\/\/api.w.org\/{rel}","templated":true}]}}