{"id":274329,"date":"2025-12-06T14:29:11","date_gmt":"2025-12-06T14:29:11","guid":{"rendered":"https:\/\/www.europesays.com\/es\/274329\/"},"modified":"2025-12-06T14:29:11","modified_gmt":"2025-12-06T14:29:11","slug":"tenemos-que-seguir-mirando-posibilidades-para-incorporar-alguna-pieza-mas-en-la-parte-de-atras","status":"publish","type":"post","link":"https:\/\/www.europesays.com\/es\/274329\/","title":{"rendered":"Tenemos que seguir mirando posibilidades para incorporar alguna pieza m\u00e1s en la parte de atr\u00e1s"},"content":{"rendered":"<p>El <strong>Deportivo<\/strong> sigue <a href=\"https:\/\/www.riazor.org\/deportivo-busca-lateral-derecho-mercado-invierno\/\" rel=\"nofollow noopener\" target=\"_blank\"><strong>peinando el mercado de cara a la ventana invernal<\/strong><\/a> en busca de un jugador que pueda completar la l\u00ednea defensiva blanquiazul. A pesar de que la recuperaci\u00f3n de <a href=\"https:\/\/www.riazor.org\/deportivo-meses-ximo-navarro-volver-igual-siempre\/\" rel=\"nofollow noopener\" target=\"_blank\"><strong>Ximo Navarro<\/strong><\/a> vaya por buen camino -completando algunos ejercicios con el resto de sus compa\u00f1eros-, <strong>Antonio Hidalgo<\/strong> -en rueda de prensa- asegur\u00f3 que siguen observando las posibilidades que les plantea el mercado para <strong>incorporar una pieza m\u00e1s a una defensa corta de efectivos<\/strong>. En una semana de poco descanso, el m\u00edster catal\u00e1n se mostr\u00f3 <strong>contento por el pase en Copa<\/strong> pero ya se centr\u00f3 en un <strong>Castell\u00f3n que ha encontrado la estabilidad <\/strong>de la mano de Pablo Hern\u00e1ndez.<\/p>\n<p>La recuperaci\u00f3n de Ximo y la posibilidad de salir al mercado<\/p>\n<p>\u00abVamos a ver la recuperaci\u00f3n de Ximo, ya sab\u00edamos m\u00e1s o menos sus plazos. Est\u00e1 haciendo todo lo posible para estar lo antes posible, aun le quedan unas cuantas semanas por delante. Veremos las situaciones. Estamos en una situaci\u00f3n en la que <strong>tenemos que seguir miando posibilidades para incorporar alguna pieza m\u00e1s en la parte de atr\u00e1s<\/strong>. Veremos al final que opciones tenemos y qu\u00e9 decidimos\u00bb.<\/p>\n<p>Molestias atr\u00e1s y el cansancio de la Copa<\/p>\n<p>\u00abTenemos muchas <strong>situaciones de molestias en la parte de atr\u00e1s<\/strong>. Seguramente, con m\u00e1s efectivos Lou podr\u00eda haber descansado algo m\u00e1s. \u00c9l est\u00e1 encantado de jugar todos los d\u00edas al m\u00e1ximo nivel. Va a estar bien el d\u00eda de partido, intentaremos recuperarlo a \u00e9l y al resto de jugadores\u00bb.<\/p>\n<p>\u00abEn Copa pod\u00edamos haber tenido un plan diferente, pero Lucas no se encontraba bien, hoy ya se encuentra bastante mejor. El resto lo sabido, Ximo y Escu siguen fuera, Luis empieza a evolucionar bastante bien. <strong>Ese cansancio que puede haber hasta el \u00faltimo momento, pero el resto est\u00e1 bien<\/strong>\u00ab.<\/p>\n<p>Bachmann, cada vez mejor<\/p>\n<p>\u00abCada vez est\u00e1 mejor, pero hay que ir paso a paso y con tranquilidad. Vamos a ver los tiempos que marca esa rodilla. Est\u00e1 con nosotros entrenando, <strong>poco a poco le va dando confianza y vamos a esperar a que est\u00e9 recuperado al 100%<\/strong>\u00ab.<\/p>\n<p>Contento por avanzar en Copa, pero ya centrado en la Liga<\/p>\n<p>\u00abPasar de ronda es una alegr\u00eda tremenda por el trabajo de los chicos y la ilusi\u00f3n que nos hace seguir en esta competici\u00f3n, traer a un equipo de Primera Divisi\u00f3n y pasar a la tercera ronda, que hac\u00eda mucho tiempo que no se consegu\u00eda. <strong>Hay poco tiempo para descansar, es lo que hay, estamos encantados de que sea as\u00ed porque eso quiere decir que estamos haciendo las cosas bien<\/strong>. Intentar recuperar de la mejor manera posible a los jugadores que tuvieron mas minutos el otro d\u00eda y poder prepararlo de la mejor manera posible, hemos trabajado desde el lunes el Sabadell y el Castell\u00f3n en pizarra, hoy el entrenamiento le hemos dado algo m\u00e1s de matices\u00bb.<\/p>\n<p>Sin preferencias de cara al sorteo<\/p>\n<p>\u00abEstoy muy contento por pasar de ronda, <strong>cualquier equipo que venga a Riazor va a ser complicado y una alegr\u00eda para nosotros y la afici\u00f3n<\/strong>. Un primera divisi\u00f3n, con la dificultad y el talento que todos tienen. Esperando a ver qu\u00e9 equipo nos toca\u00bb.<\/p>\n<p>Un Castell\u00f3n que ha encontrado la estabilidad<\/p>\n<p>\u00abUn partido de m\u00e1xima dificultad, como todos de la categor\u00eda. <strong>El Castell\u00f3n viene trabajando desde hace tiempo con una idea muy marcada<\/strong>, un f\u00fatbol ofensivo, con much\u00edsimas variantes, jugadores de talento\u2026 Han ido matizando la idea sin bal\u00f3n y <strong>ahora est\u00e1n m\u00e1s ordenados, eso les da mucha m\u00e1s estabilidad<\/strong>. Es un equipo que nos va a poner much\u00edsimos problemas, hay que estar atentos. Nosotros tambi\u00e9n vamos a intentar ponerlos en problemas, sabemos el talento que tenemos y estamos con nuestra gente\u00bb.<\/p>\n<p>\u00abTenemos clar\u00edsimo que es un equipo que va a poner mucha gente en \u00faltimo l\u00ednea, con gran amplitud con fuera y mucha gente por dentro amenaz\u00e1ndote los espacios. Te van a atacar en cuanto pueda, no con tanta gente como antes porque tienen ese equilibrio y le han dado una vuelta de tuerca. <strong>Ahora se est\u00e1n encontrando con los resultados porque tienen jugadores de mucho talento y muy desequilibrantes en el uno contra uno.<\/strong> Veremos los matices que puede introducir Pablo en el once y, a partir de ah\u00ed, nosotros tambi\u00e9n haremos nuestras situaciones\u00bb.<\/p>\n<p>\u00bfRiesgo a caer en la complaciencia ante la buena racha?<\/p>\n<p>\u00abNo lo veo en el d\u00eda a d\u00eda y si lo veo se lo hago saber a los jugadores. <strong>Humildad y respeto a cualquier rival y a la categor\u00eda<\/strong>. Nos viene uno con un grand\u00edsimo potencial y que est\u00e1 haciendo las cosas muy bien, en un gran momento, igual que nosotros. A partir de ah\u00ed, la exigencia m\u00e1xima del club, lo demostramos el otro d\u00eda en Sabadell con gente de la cantera dando ese plus y con la ambici\u00f3n de poder estar. La competencia dentro de la plantilla, cuando vamos poniendo a uno u otro en funci\u00f3n de la situaci\u00f3n que interese, hace que todo el mundo est\u00e9 en alerta. Seguir compitiendo cada partido con la dificultad que tiene\u00bb.<\/p>\n<p>La importancia de los menos habituales<\/p>\n<p>\u00abHay veces que no hablamos lo suficiente de la importancia de las plantillas. Quiero darle much\u00edsimo valor, en este caso, a Cristian, <strong>no es f\u00e1cil aceptar el rol que tiene<\/strong>. Est\u00e1 empujando much\u00edsimo desde dentro, es muy necesario. Quiere jugar todos los minutos, como el resto de compa\u00f1eros, pero tanto \u00e9l como Rub\u00e9n o Eric empujan much\u00edsimo. La gente que antes ten\u00eda minutos y ahora menos tambi\u00e9n sigue empujando, hay que darle valor. Hay veces que solo vemos a la gente que participa los domingos, pero los objetivos se consiguen con gente como Cris o Rub\u00e9n. <strong>Ellos est\u00e1n preparados para estar disponibles en cada momento<\/strong>.\u00a0 Cada minuto que les doy lo reciben como buenos profesionales, son jugadores de la plantilla que est\u00e1n preparados para jugar en cada momento\u00bb.<\/p>\n<p>La mejora f\u00edsica de Yeremay<\/p>\n<p>\u00abDesde el primer d\u00eda hemos incidido en ese trabajo, <strong>haciendo much\u00edsimo hincapi\u00e9 en que cuanto mejor est\u00e9 f\u00edsicamente m\u00e1s diferencial va a ser<\/strong>. En el f\u00fatbol de hoy necesitamos la implicaci\u00f3n de todo el mundo en todas las facetas, \u00e9l lo hace. Nos da much\u00edsimo en todos los \u00e1mbitos, ese plus para estar juntos, robar m\u00e1s alto y cuando le llegue le bal\u00f3n ser tan diferencial como est\u00e1 demostrando. Estoy contento con su evoluci\u00f3n, tenemos un jugador de primer nivel y entre todos tenemos que seguir empuj\u00e1ndole\u00bb.<\/p>\n<p>Sobre el debate en la delantera<\/p>\n<p>\u00abTenemos much\u00edsimos recursos y variantes arriba, todos no caben a la vez. <strong>Todo el mundo est\u00e1 dando su mejor versi\u00f3n, estamos intentando ayudarlos para que nos den much\u00edsimo y sean conscientes de que no solo viven del gol<\/strong>. El otro d\u00eda tambi\u00e9n sali\u00f3 Bil, que nos dio unos grandes minutos y fue una alegr\u00eda, tiene mucha competencia. Tenemos recursos suficientes y vamos a utilizarlos en funci\u00f3n del rival\u00bb.<\/p>\n","protected":false},"excerpt":{"rendered":"El Deportivo sigue peinando el mercado de cara a la ventana invernal en busca de un jugador que&hellip;\n","protected":false},"author":2,"featured_media":274330,"comment_status":"","ping_status":"","sticky":false,"template":"","format":"standard","meta":{"footnotes":""},"categories":[268],"tags":[168,25,24,280,282,281,23,167],"class_list":{"0":"post-274329","1":"post","2":"type-post","3":"status-publish","4":"format-standard","5":"has-post-thumbnail","7":"category-futbol","8":"tag-deportes","9":"tag-es","10":"tag-espana","11":"tag-football","12":"tag-futbol","13":"tag-soccer","14":"tag-spain","15":"tag-sports"},"share_on_mastodon":{"url":"https:\/\/pubeurope.com\/@es\/115673102159127383","error":""},"_links":{"self":[{"href":"https:\/\/www.europesays.com\/es\/wp-json\/wp\/v2\/posts\/274329","targetHints":{"allow":["GET"]}}],"collection":[{"href":"https:\/\/www.europesays.com\/es\/wp-json\/wp\/v2\/posts"}],"about":[{"href":"https:\/\/www.europesays.com\/es\/wp-json\/wp\/v2\/types\/post"}],"author":[{"embeddable":true,"href":"https:\/\/www.europesays.com\/es\/wp-json\/wp\/v2\/users\/2"}],"replies":[{"embeddable":true,"href":"https:\/\/www.europesays.com\/es\/wp-json\/wp\/v2\/comments?post=274329"}],"version-history":[{"count":0,"href":"https:\/\/www.europesays.com\/es\/wp-json\/wp\/v2\/posts\/274329\/revisions"}],"wp:featuredmedia":[{"embeddable":true,"href":"https:\/\/www.europesays.com\/es\/wp-json\/wp\/v2\/media\/274330"}],"wp:attachment":[{"href":"https:\/\/www.europesays.com\/es\/wp-json\/wp\/v2\/media?parent=274329"}],"wp:term":[{"taxonomy":"category","embeddable":true,"href":"https:\/\/www.europesays.com\/es\/wp-json\/wp\/v2\/categories?post=274329"},{"taxonomy":"post_tag","embeddable":true,"href":"https:\/\/www.europesays.com\/es\/wp-json\/wp\/v2\/tags?post=274329"}],"curies":[{"name":"wp","href":"https:\/\/api.w.org\/{rel}","templated":true}]}}