{"id":274333,"date":"2025-12-06T14:31:37","date_gmt":"2025-12-06T14:31:37","guid":{"rendered":"https:\/\/www.europesays.com\/es\/274333\/"},"modified":"2025-12-06T14:31:37","modified_gmt":"2025-12-06T14:31:37","slug":"ontinyent-els-anys-decisius-el-legado-fotografico-de-juan-caparros","status":"publish","type":"post","link":"https:\/\/www.europesays.com\/es\/274333\/","title":{"rendered":"Ontinyent, els anys decisius: el legado fotogr\u00e1fico de Juan Caparr\u00f3s"},"content":{"rendered":"<p>\n            El Magn\u00e0nim publica \u2018Ontinyent, els anys decisius\u2019, un recorrido fotogr\u00e1fico de Juan Caparr\u00f3s que revela la transformaci\u00f3n social y urbana de Ontinyent en los a\u00f1os 50 y 60\n        <\/p>\n<p>La Instituci\u00f3 Alfons el Magn\u00e0nim ha publicado el n\u00famero 2 de la colecci\u00f3n L\u2019Instant, Fotografia bajo el t\u00edtulo \u201cOntinyent, els anys decisius\u201d, una obra que profundiza en la mirada documental y art\u00edstica del fot\u00f3grafo alicantino Juan Caparr\u00f3s.<\/p>\n<p>El libro recoge la evoluci\u00f3n econ\u00f3mica, social y urban\u00edstica de Ontinyent durante las d\u00e9cadas de 1950 y 1960, un periodo clave en el desarrollo de la capital de la Vall d\u2019Albaida.<\/p>\n<p>Un archivo visual \u00fanico sobre la transformaci\u00f3n de Ontinyent<\/p>\n<p>Las im\u00e1genes de Caparr\u00f3s van mucho m\u00e1s all\u00e1 de las fiestas locales. Su obra constituye un testimonio gr\u00e1fico de:<\/p>\n<p>La actividad de la industria textil y los oficios vinculados.<\/p>\n<p>El crecimiento urbano y las nuevas edificaciones.<\/p>\n<p>Los cambios sociales asociados a la modernizaci\u00f3n.<\/p>\n<p>La llegada de los primeros s\u00edmbolos de consumo: frigor\u00edfico, televisor, Vespa o Seat 600.<\/p>\n<p>El progresivo abandono de la agricultura como actividad principal.<\/p>\n<p>Con una mirada documental y po\u00e9tica, Caparr\u00f3s utiliza \u00e1ngulos inusuales, composiciones oblicuas y recursos t\u00e9cnicos que aportan profundidad y valor art\u00edstico a cada fotograf\u00eda.<\/p>\n<p>Contenidos del volumen<\/p>\n<p>El libro incluye:<\/p>\n<p>Un pr\u00f3logo de Josep Gandia, economista e historiador.<\/p>\n<p>Un an\u00e1lisis cr\u00edtico de la obra, firmado por Francesc Vera, director de la colecci\u00f3n.<\/p>\n<p>Una completa nota biogr\u00e1fica elaborada por el soci\u00f3logo Pau Caparr\u00f3s.<\/p>\n<p>Este enfoque multidisciplinar convierte al volumen en una referencia indispensable para quienes estudian la historia contempor\u00e1nea de Ontinyent y de la industria valenciana.<\/p>\n<p>Juan Caparr\u00f3s: biograf\u00eda del fot\u00f3grafo que document\u00f3 el cambio<\/p>\n<p>Juan Caparr\u00f3s (Alicante, 1905-1992) naci\u00f3 en el seno de una familia de peque\u00f1a burgues\u00eda dedicada al comercio textil. Estudi\u00f3 en el Liceo Franc\u00e9s de Alicante, donde comenz\u00f3 a tener contacto con pilotos franceses en el aer\u00f3dromo de Rabassa, experiencia que despert\u00f3 su inter\u00e9s por la fotograf\u00eda.<\/p>\n<p>Tras la Guerra Civil, Caparr\u00f3s se traslad\u00f3 a Ontinyent para dirigir la empresa Tortosa y Delgado, labor que combin\u00f3 con la representaci\u00f3n comercial del sector textil, participando activamente en el auge industrial de la ciudad.<\/p>\n<p>A mediados del siglo XX intensific\u00f3 su actividad fotogr\u00e1fica, registrando la profunda transformaci\u00f3n urban\u00edstica y social de Ontinyent. Junto al fot\u00f3grafo Juan Gasteizi, fund\u00f3 la Agrupaci\u00f3n Fotogr\u00e1fica de Ontinyent en los bajos del C\u00edrculo Industrial, punto de encuentro para aficionados y profesionales.<\/p>\n<p>Sus \u00faltimos a\u00f1os los pas\u00f3 en su residencia de Ciutat Jard\u00ed (Alicante), donde ya hab\u00eda vivido antes de la guerra.<\/p>\n","protected":false},"excerpt":{"rendered":"El Magn\u00e0nim publica \u2018Ontinyent, els anys decisius\u2019, un recorrido fotogr\u00e1fico de Juan Caparr\u00f3s que revela la transformaci\u00f3n social&hellip;\n","protected":false},"author":2,"featured_media":274334,"comment_status":"","ping_status":"","sticky":false,"template":"","format":"standard","meta":{"footnotes":""},"categories":[173],"tags":[229,233,231,230,232,234,146,147,25,24,23],"class_list":{"0":"post-274333","1":"post","2":"type-post","3":"status-publish","4":"format-standard","5":"has-post-thumbnail","7":"category-arte-y-diseno","8":"tag-arte","9":"tag-arte-y-diseno","10":"tag-arts","11":"tag-arts-and-design","12":"tag-design","13":"tag-diseno","14":"tag-entertainment","15":"tag-entretenimiento","16":"tag-es","17":"tag-espana","18":"tag-spain"},"share_on_mastodon":{"url":"https:\/\/pubeurope.com\/@es\/115673109823829403","error":""},"_links":{"self":[{"href":"https:\/\/www.europesays.com\/es\/wp-json\/wp\/v2\/posts\/274333","targetHints":{"allow":["GET"]}}],"collection":[{"href":"https:\/\/www.europesays.com\/es\/wp-json\/wp\/v2\/posts"}],"about":[{"href":"https:\/\/www.europesays.com\/es\/wp-json\/wp\/v2\/types\/post"}],"author":[{"embeddable":true,"href":"https:\/\/www.europesays.com\/es\/wp-json\/wp\/v2\/users\/2"}],"replies":[{"embeddable":true,"href":"https:\/\/www.europesays.com\/es\/wp-json\/wp\/v2\/comments?post=274333"}],"version-history":[{"count":0,"href":"https:\/\/www.europesays.com\/es\/wp-json\/wp\/v2\/posts\/274333\/revisions"}],"wp:featuredmedia":[{"embeddable":true,"href":"https:\/\/www.europesays.com\/es\/wp-json\/wp\/v2\/media\/274334"}],"wp:attachment":[{"href":"https:\/\/www.europesays.com\/es\/wp-json\/wp\/v2\/media?parent=274333"}],"wp:term":[{"taxonomy":"category","embeddable":true,"href":"https:\/\/www.europesays.com\/es\/wp-json\/wp\/v2\/categories?post=274333"},{"taxonomy":"post_tag","embeddable":true,"href":"https:\/\/www.europesays.com\/es\/wp-json\/wp\/v2\/tags?post=274333"}],"curies":[{"name":"wp","href":"https:\/\/api.w.org\/{rel}","templated":true}]}}