{"id":274354,"date":"2025-12-06T14:43:12","date_gmt":"2025-12-06T14:43:12","guid":{"rendered":"https:\/\/www.europesays.com\/es\/274354\/"},"modified":"2025-12-06T14:43:12","modified_gmt":"2025-12-06T14:43:12","slug":"la-asociacion-complutense-de-belenistas-abre-este-ano-su-gran-belen-tradicional-en-santa-maria-la-rica-hasta-el-proximo-4-de-enero-ayuntamiento-de-alcala-de-henares","status":"publish","type":"post","link":"https:\/\/www.europesays.com\/es\/274354\/","title":{"rendered":"La Asociaci\u00f3n Complutense de Belenistas abre este a\u00f1o su Gran Bel\u00e9n Tradicional en Santa Mar\u00eda La Rica hasta el pr\u00f3ximo 4 de enero &#8211; Ayuntamiento de Alcal\u00e1 de Henares"},"content":{"rendered":"<ol>\n<li><a href=\"https:\/\/news.google.com\/rss\/articles\/CBMi-wFBVV95cUxPT0xUZlVUM1hRMS1PS3pRUlRZYnJpNm92SGhMemZkNFh6Sk5nS3d4YnZ0RkdyMGZuQV8wdDlBYlhwcVBtZXlZcTZyS0V6MmwwUUxtYnFlN19PdHFBNjhWNGFNUFAyM2xWd2N5WXhMX3J2WjhGZTFPUjhJWjc1WjN2a0MxU0swclNsTGdwM0xfVWY0TTRmYnNxSWRNVUxtNVpKb2xpVHBVemJWT2ZkUzhMYTZUUFVXbkN4Rkk2YjV4cE5RbF9pQ3B2ZnNRcktObi1EbTJuVkVLcHZQZ3B4RVFqZ0xuX29ETDVVVUFXbDJHdVNTVEdjeWNod3R2MA?oc=5\" target=\"_blank\" rel=\"nofollow noopener\">La Asociaci\u00f3n Complutense de Belenistas abre este a\u00f1o su Gran Bel\u00e9n Tradicional en Santa Mar\u00eda La Rica hasta el pr\u00f3ximo 4 de enero<\/a>&nbsp;&nbsp;Ayuntamiento de Alcal\u00e1 de Henares<\/li>\n<li><a href=\"https:\/\/news.google.com\/rss\/articles\/CBMitgFBVV95cUxQa2hheHhweDU3VE54MHE1RXBMSUlJZ3BtUm1zUUJSWWFfQTl1T0FCTi1pcDlVemtYUWVWVkk5RGZwTy1kTHlqUlZUX0xBZFByMHF3Z2tLeWlZQklYS1dCWmpYa3lNWEhzSW9MeVl4MGQ5RUpEdU5ham9aZWNmZ1RWMkNSaFJKMXBzZTdYanY5LWwtRGN2R2ViaGU4ZHNYM2lhT1dIT2Z1YXBYWWdyZ2RVSHZmSkFqQQ?oc=5\" target=\"_blank\" rel=\"nofollow noopener\">Belenistas Complutenses cumplen 30 a\u00f1os con casi un millar de figuras en su cat\u00e1logo<\/a>&nbsp;&nbsp;ABC<\/li>\n<li><a href=\"https:\/\/news.google.com\/rss\/articles\/CBMiwgFBVV95cUxOTVF5SkR6T0djSG5objlMNmI2dHpZLV9oczhnam9NRFRSaHZtcUsyQ01Jc29YaGY0dEJldVlEYjI4c0FLVDZqYmdVREFFM012NnhvTld0QXhHT1JocGJRTDVsdkIxcE1WOF96N1VaZ3VEMzZES1RWclFJZFFfelV3TFJqaEVTVXlEbGdSZ3BJcXNUOUlKWm9xN1RBQm0zRE9HX1BsVlVCaWwtUUJhTFcwSGNOUGFXVWdZODJFY3JfMlRXZw?oc=5\" target=\"_blank\" rel=\"nofollow noopener\">El Bel\u00e9n que no descansa: la ilusi\u00f3n complutense tambi\u00e9n se monta en Santa Mar\u00eda la Rica<\/a>&nbsp;&nbsp;Alcal\u00e1 Hoy<\/li>\n<li><a href=\"https:\/\/news.google.com\/rss\/articles\/CBMiigFBVV95cUxNYmJOLVZLR0VyYXhPWjM3a0VfU0s1OTc4NWdCOE4zTXNMRXJieVNQMnNNU3VRNHJtcXAtbFhGWTllZTg3V3ZwV0ZQSXB4MnNwS3Zhc1RhVnZSM1RlTEJDQV9KY2Y5WXRhbDdoQ2s0Q0JvdVRYX2NNOFhOR2wtUzFpLTJ0OWpuY3d0YkE?oc=5\" target=\"_blank\" rel=\"nofollow noopener\">Conoce el Bel\u00e9n Monumental 2025 de Alcal\u00e1 de Henares<\/a>&nbsp;&nbsp;Dream Alcal\u00e1<\/li>\n<li><a href=\"https:\/\/news.google.com\/rss\/articles\/CBMiyAFBVV95cUxQVFMyS1E4VUd3LUVpdVI2WEg2c19zM3g0Nm9ZVHVRNXhtY3piU1E5MGJ4V2pHVzJzaGkxUldsTldzNTFyb2xRSkJTNU1MSy1hekJ0b2tPbGQ0V2s5TVZKWE1qUWtIX3J2bFFxMWpjZW80MlpacC0xc3NTSkZLN21Kb2JFLUhVVHlPT2I5RkYtTlFaUEY2ZUtCdTZqME0waWt0RDEwNWpYRndJVzlIbXF1UnZSLXYxc2F3Z1lrWlc3X014MGdVZTZSRQ?oc=5\" target=\"_blank\" rel=\"nofollow noopener\">Arranca la Navidad en Alcal\u00e1 con el Bel\u00e9n de la Asociaci\u00f3n Complutense de Belenistas<\/a>&nbsp;&nbsp;Vivir Ediciones<\/li>\n<\/ol>\n","protected":false},"excerpt":{"rendered":"La Asociaci\u00f3n Complutense de Belenistas abre este a\u00f1o su Gran Bel\u00e9n Tradicional en Santa Mar\u00eda La Rica hasta&hellip;\n","protected":false},"author":2,"featured_media":248356,"comment_status":"","ping_status":"","sticky":false,"template":"","format":"standard","meta":{"footnotes":""},"categories":[5],"tags":[17,18,25,24,13,14,11,19,20,9,10,15,16,23,12,21,22],"class_list":{"0":"post-274354","1":"post","2":"type-post","3":"status-publish","4":"format-standard","5":"has-post-thumbnail","7":"category-titulares","8":"tag-breaking-news","9":"tag-breakingnews","10":"tag-es","11":"tag-espana","12":"tag-featured-news","13":"tag-featurednews","14":"tag-headlines","15":"tag-latest-news","16":"tag-latestnews","17":"tag-news","18":"tag-noticias","19":"tag-noticias-destacadas","20":"tag-noticiasdestacadas","21":"tag-spain","22":"tag-titulares","23":"tag-ultimas-noticias","24":"tag-ultimasnoticias"},"share_on_mastodon":{"url":"https:\/\/pubeurope.com\/@es\/115673156979777884","error":""},"_links":{"self":[{"href":"https:\/\/www.europesays.com\/es\/wp-json\/wp\/v2\/posts\/274354","targetHints":{"allow":["GET"]}}],"collection":[{"href":"https:\/\/www.europesays.com\/es\/wp-json\/wp\/v2\/posts"}],"about":[{"href":"https:\/\/www.europesays.com\/es\/wp-json\/wp\/v2\/types\/post"}],"author":[{"embeddable":true,"href":"https:\/\/www.europesays.com\/es\/wp-json\/wp\/v2\/users\/2"}],"replies":[{"embeddable":true,"href":"https:\/\/www.europesays.com\/es\/wp-json\/wp\/v2\/comments?post=274354"}],"version-history":[{"count":0,"href":"https:\/\/www.europesays.com\/es\/wp-json\/wp\/v2\/posts\/274354\/revisions"}],"wp:featuredmedia":[{"embeddable":true,"href":"https:\/\/www.europesays.com\/es\/wp-json\/wp\/v2\/media\/248356"}],"wp:attachment":[{"href":"https:\/\/www.europesays.com\/es\/wp-json\/wp\/v2\/media?parent=274354"}],"wp:term":[{"taxonomy":"category","embeddable":true,"href":"https:\/\/www.europesays.com\/es\/wp-json\/wp\/v2\/categories?post=274354"},{"taxonomy":"post_tag","embeddable":true,"href":"https:\/\/www.europesays.com\/es\/wp-json\/wp\/v2\/tags?post=274354"}],"curies":[{"name":"wp","href":"https:\/\/api.w.org\/{rel}","templated":true}]}}