{"id":274357,"date":"2025-12-06T14:49:08","date_gmt":"2025-12-06T14:49:08","guid":{"rendered":"https:\/\/www.europesays.com\/es\/274357\/"},"modified":"2025-12-06T14:49:08","modified_gmt":"2025-12-06T14:49:08","slug":"por-que-francia-prohibio-a-paul-seixas-competir-en-ciclocross","status":"publish","type":"post","link":"https:\/\/www.europesays.com\/es\/274357\/","title":{"rendered":"Por qu\u00e9 Francia prohibi\u00f3 a Paul Seixas competir en ciclocross"},"content":{"rendered":"<p>Como es habitual en el ciclismo de hoy en d\u00eda, la joven perla del ciclismo franc\u00e9s, Paul Seixas tambi\u00e9n era un amante de otras disciplinas como es el caso del ciclocross. Sin embargo una cosa es que te guste y otra muy distinta tener las cualidades necesarias para desenvolverse bien en ello. Esto lo vio el ex seleccionador franc\u00e9s, Fran\u00e7ois Trarieux que aconsej\u00f3 a Seixas olvidarse del barro y centrarse \u00fanicamente en la carretera.<\/p>\n<p><img class=\" lazyload\" border=\"0\" alt=\"Por qu\u00e9 Francia prohibi\u00f3 a Paul Seixas competir en ciclocross\" width=\"1600\" height=\"1067\"  data-\/><\/p>\n<p>Os hemos hablado muchas veces de la especia de trauma nacional que existe en Francia por que ning\u00fan franc\u00e9s, desde que en 1985 lo lograra Bernard Hinault por \u00faltima vez, consiga vencer el Tour. M\u00e1s de 40 a\u00f1os sin lograr el maillot amarillo. Es por ello que el surgimiento de un portento como es Paul Seixas a devuelto, por en\u00e9sima vez, la ilusi\u00f3n a los franceses por romper tan infausta racha.<\/p>\n<p>Un ciclista al que se busca proteger al m\u00e1ximo para que vaya fragu\u00e1ndose paso a paso camino del a\u00f1o 2030 cuando desde su equipo han vaticinado que ser\u00eda el a\u00f1o para conseguir tal haza\u00f1a. No olvidemos que ha cumplimentado \u00fanicamente su primera campa\u00f1a como profesional y que cuenta tan s\u00f3lo con 19 a\u00f1os. Una juventud que no le ha impedido codearse ya con Tadej Pogacar o Remco Evenepoel con quienes comparti\u00f3 el podio del \u00faltimo Campeonato de Europa.<\/p>\n<p><img class=\" lazyload\" border=\"0\" alt=\"Por qu\u00e9 Francia prohibi\u00f3 a Paul Seixas competir en ciclocross\" width=\"3840\" height=\"2560\"  data-\/><\/p>\n<p>Hasta tal punto llega la obsesi\u00f3n de cuidar a su estrella que en una entrevista a un peri\u00f3dico franc\u00e9s, el exseleccionador Fran\u00e7ois Trarieux explicaba c\u00f3mo insisti\u00f3 a Seixas para que se olvidara del ciclocross. Una disciplina que apasionaba al joven ciclista del Decathlon CMA-CGM en la que incluso, el a\u00f1o pasado, logr\u00f3 conquistar el Campeonato de Francia. Sin embargo, entrenando en los d\u00edas previos a la carrera de Copa del Mundo de Benidorm se rompi\u00f3 la mu\u00f1eca, lo que hizo saltar todas las alarmas.<\/p>\n<p>Si bien Seixas hab\u00eda venido compitiendo durante sus a\u00f1os de junior en ciclocross en invierno, el exseleccionador explicaba que desde el principio hab\u00edan detectado en \u00e9l bastantes deficiencias t\u00e9cnicas. Compet\u00eda, estaba delante y ganaba carreteras por el mero hecho de ser un portento f\u00edsico pero ten\u00eda muchas limitaciones t\u00e9cnicas, \u201cen especial a la hora de correr a pie con la bici\u201d explicaba Trarieux.<\/p>\n<p>Tras la lesi\u00f3n sufrida en Benidorm el entonces seleccionador se plant\u00f3 frente a Seixas y le planteo a las claras \u201cS\u00e9 que te encanta el ciclocross, pero dado tu nivel en carretera, mejor olvidal\u00f3, porque te vas a lesionar cada vez m\u00e1s\u201d. \u201cMe doli\u00f3 pero era necesario\u201d se sinceraba Frn\u00e7ois Trarieux.<\/p>\n<p>\u00a0<\/p>\n","protected":false},"excerpt":{"rendered":"Como es habitual en el ciclismo de hoy en d\u00eda, la joven perla del ciclismo franc\u00e9s, Paul Seixas&hellip;\n","protected":false},"author":2,"featured_media":274358,"comment_status":"","ping_status":"","sticky":false,"template":"","format":"standard","meta":{"footnotes":""},"categories":[273],"tags":[313,312,168,25,24,23,167],"class_list":{"0":"post-274357","1":"post","2":"type-post","3":"status-publish","4":"format-standard","5":"has-post-thumbnail","7":"category-ciclismo","8":"tag-ciclismo","9":"tag-cycling","10":"tag-deportes","11":"tag-es","12":"tag-espana","13":"tag-spain","14":"tag-sports"},"share_on_mastodon":{"url":"https:\/\/pubeurope.com\/@es\/115673180624485824","error":""},"_links":{"self":[{"href":"https:\/\/www.europesays.com\/es\/wp-json\/wp\/v2\/posts\/274357","targetHints":{"allow":["GET"]}}],"collection":[{"href":"https:\/\/www.europesays.com\/es\/wp-json\/wp\/v2\/posts"}],"about":[{"href":"https:\/\/www.europesays.com\/es\/wp-json\/wp\/v2\/types\/post"}],"author":[{"embeddable":true,"href":"https:\/\/www.europesays.com\/es\/wp-json\/wp\/v2\/users\/2"}],"replies":[{"embeddable":true,"href":"https:\/\/www.europesays.com\/es\/wp-json\/wp\/v2\/comments?post=274357"}],"version-history":[{"count":0,"href":"https:\/\/www.europesays.com\/es\/wp-json\/wp\/v2\/posts\/274357\/revisions"}],"wp:featuredmedia":[{"embeddable":true,"href":"https:\/\/www.europesays.com\/es\/wp-json\/wp\/v2\/media\/274358"}],"wp:attachment":[{"href":"https:\/\/www.europesays.com\/es\/wp-json\/wp\/v2\/media?parent=274357"}],"wp:term":[{"taxonomy":"category","embeddable":true,"href":"https:\/\/www.europesays.com\/es\/wp-json\/wp\/v2\/categories?post=274357"},{"taxonomy":"post_tag","embeddable":true,"href":"https:\/\/www.europesays.com\/es\/wp-json\/wp\/v2\/tags?post=274357"}],"curies":[{"name":"wp","href":"https:\/\/api.w.org\/{rel}","templated":true}]}}