{"id":274363,"date":"2025-12-06T14:53:15","date_gmt":"2025-12-06T14:53:15","guid":{"rendered":"https:\/\/www.europesays.com\/es\/274363\/"},"modified":"2025-12-06T14:53:15","modified_gmt":"2025-12-06T14:53:15","slug":"adornado-con-mix-de-bolas-con-cubre-pie-de-tela-y-entre-munecos","status":"publish","type":"post","link":"https:\/\/www.europesays.com\/es\/274363\/","title":{"rendered":"adornado con mix de bolas, con cubre pie de tela y entre mu\u00f1ecos"},"content":{"rendered":"<p>Hay quien lleva semanas <a href=\"https:\/\/www.lecturas.com\/trending\/imponente-arbol-navidad-que-isabel-preysler-ha-decorado-clase-mix-adornos-clasicos-colores-muy-elegantes-toque-infantil_185398\" rel=\"nofollow noopener\" target=\"_blank\">con la decoraci\u00f3n de Navidad puesta<\/a>. Pero tambi\u00e9n hay quien espera a lo que dice la tradici\u00f3n, que es decorar las casas con los motivos navide\u00f1os <strong>en el puente de la Inmaculada<\/strong>. Una de las famosas que ha esperado hasta este momento para ambientar su casa con el esp\u00edritu navide\u00f1o, <strong>ha sido Jessica Bueno<\/strong>. <a href=\"https:\/\/www.lecturas.com\/television\/los-titulares-de-jota-peleteiro-en-su-entrevista-en-de-viernes-que-traeran-cola-jessica-bueno-y-kiko-rivera_185434\" rel=\"nofollow noopener\" target=\"_blank\">Mientras su exmarido Jota Peleteiro<\/a> ha hablado en televisi\u00f3n, ella ha compartido en Instagram el momento entra\u00f1able que ha vivido <strong>junto a sus hijos y sus padres<\/strong>.<\/p>\n<p>De colores cl\u00e1sicos y f\u00e1cil de montar<\/p>\n<p>Jessica Bueno ha publicado unas im\u00e1genes con las que ha mostrado que han pasado tarde poniendo <strong>la decoraci\u00f3n de Navidad en su casa.<\/strong> Los padres de la modelo se han sumado a este plan con el que ella ha revivido recuerdos de su infancia. Entre todos, han dejado listo <strong>un \u00e1rbol de Navidad de lo m\u00e1s coqueto<\/strong>, ideal para montarlo con ni\u00f1os y en el que est\u00e1 muy presente el estilo cl\u00e1sico.<\/p>\n<p><img loading=\"lazy\" decoding=\"async\"   src=\"https:\/\/www.europesays.com\/es\/wp-content\/uploads\/2025\/12\/jessica-bueno-arbol-de-navidad_a2916fd9_251206100446_1200x2172.webp.webp\" alt=\"Jessica Bueno \u00e1rbol de Navidad\" class=\"lazyload\" width=\"1200\" height=\"2172\" data-aspectratio=\"1200\/2172\"\/><\/p>\n<p>Jessica ha decorado su sal\u00f3n junto a sus hijos y junto a sus padres.<\/p>\n<p>&#13;@jessica_bueno<\/p>\n<p>El \u00e1rbol de Navidad de Jessica Bueno tiene <strong>una altura perfecta\u00a0<\/strong>para que los m\u00e1s peque\u00f1os de la casa puedan participar de forma activa en su decoraci\u00f3n. La que fuera <strong>concursante de \u2018Supervivientes All Stars\u2019<\/strong> lo ha situado en <strong>uno de los rincones del sal\u00f3n.<\/strong> Y en cuanto al color, hay que resaltar que ha ido a lo tradicional al elegir un \u00e1rbol de hojas verdes.<\/p>\n<p><img loading=\"lazy\" decoding=\"async\"   src=\"https:\/\/www.europesays.com\/es\/wp-content\/uploads\/2025\/12\/arbol-de-navidad-jessica-bueno_0df88403_251206100508_1200x2160.webp.webp\" alt=\"\u00e1rbol de Navidad JEssica Bueno\" class=\"lazyload\" width=\"1200\" height=\"2160\" data-aspectratio=\"1200\/2160\"\/><\/p>\n<p>El estilo cl\u00e1sico est\u00e1 muy presente en el \u00e1rbol de Navidad de la modelo.<\/p>\n<p>&#13;@jessica_bueno<br \/>\nLos adornos que ha elegido para su \u00e1rbol de Navidad<\/p>\n<p>Lo cl\u00e1sico tambi\u00e9n est\u00e1 presente en los adornos que Jessica ha escogido para su \u00e1rbol de Navidad. <strong>Las bolas son las grandes protagonistas<\/strong>. La modelo ha optado por bolas diferentes en cuanto a color, decoraci\u00f3n y dibujos. Lisas, con dibujos de nieve, rojas, blancas, con detalles verdes\u2026 Al unirlas, ha conseguido dar ese toque de originalidad que nunca est\u00e1 de m\u00e1s.<\/p>\n<p>Entre tantas bolas, Jessica Bueno tambi\u00e9n ha dejado hueco para <strong>unos adornos de madera<\/strong> con forma de coraz\u00f3n, alg\u00fan colgante de mu\u00f1eco de nieve,\u00a0<strong>las luces<\/strong> y\u00a0<strong>la estrella<\/strong> que corona el \u00e1rbol. Con todo esto, ha conseguido un resultado coqueto, colorido y al mismo tiempo fiel a lo que marca la tradici\u00f3n navide\u00f1a.<\/p>\n<p><img loading=\"lazy\" decoding=\"async\"   src=\"https:\/\/www.europesays.com\/es\/wp-content\/uploads\/2025\/12\/arbol-de-navidad-jessica-bueno_b6b2fe12_251206100533_1200x2130.webp.webp\" alt=\"\u00c1rbol de Navidad Jessica Bueno\" class=\"lazyload\" width=\"1200\" height=\"2130\" data-aspectratio=\"1200\/2130\"\/><\/p>\n<p>Bolas, luces y la estrella son los elementos principales del abeto.<\/p>\n<p>&#13;@jessica_bueno<\/p>\n<p>Tambi\u00e9n hay que resaltar la forma en la que Jessica Bueno <strong>ha tapado la base del \u00e1rbol de Navidad.<\/strong> Existen diferentes opciones como cestos, sacos, telas\u2026 En su caso, se ha decantado como cubre pie por una<strong> tela en color rojo con un dibujo de un mu\u00f1eco de nieve<\/strong>. Un dise\u00f1o con el que ha aportado ese toque infantil que seguro encanta a sus ni\u00f1os.<\/p>\n<p>Otros detalles de la decoraci\u00f3n navide\u00f1a del sal\u00f3n<\/p>\n<p>Adem\u00e1s del \u00e1rbol de Navidad, Jessica Bueno ha decorado el sal\u00f3n <strong>con otros adornos<\/strong>. En su casa no faltan los calcetines con estampado navide\u00f1o. Tambi\u00e9n hay. Hueco para una <strong>guirnalda de Papa Noel.<\/strong> Santa Claus tambi\u00e9n est\u00e1 presente a trav\u00e9s de <strong>los mu\u00f1ecos que a los lados del \u00e1rbol de Navidad.<\/strong> Adem\u00e1s, ha puesto un mu\u00f1eco del soldado <strong>Cascanueces<\/strong>.<\/p>\n<p><img loading=\"lazy\" decoding=\"async\"   src=\"https:\/\/www.europesays.com\/es\/wp-content\/uploads\/2025\/12\/jessica-bueno-arbol-de-navidad_d96d5b9a_251206100723_1200x2207.webp.webp\" alt=\"Jessica Bueno \u00e1rbol de Navidad\" class=\"lazyload\" width=\"1200\" height=\"2207\" data-aspectratio=\"1200\/2207\"\/><\/p>\n<p>Mu\u00f1ecos y guirnaldas tambi\u00e9n est\u00e1n presentes en el sal\u00f3n de Jessica.<\/p>\n<p>&#13;@jessica_bueno<br \/>\nAnte una Navidad rodeada de familiares y amigos<\/p>\n<p>Con la decoraci\u00f3n de Navidad, Jessica Bueno ha dado por inauguradas unas fiestas con las que <strong>va a cerrar un a\u00f1o muy important<\/strong>e para ella. Una \u00e9poca que tambi\u00e9n ha inaugurado con una cena navide\u00f1a en compa\u00f1\u00eda de amigos. La clara muestra de c\u00f3mo va a ser esta Navidad para ella, una mezcla de planes con familia y amigos.\u00a0<\/p>\n<p>Porque si algo caracteriza a Jessica Bueno, es su <strong>car\u00e1cter familiar. <\/strong>As\u00ed lo dej\u00f3 ver durante su experiencia en \u2018Supervivientes All Stars 2\u2019. Mientras estuvo en Honduras, hizo referencia a c\u00f3mo su familia y sus amigos son sus grandes apoyos en un momento de su vida en el que est\u00e1 centrada en su vida en Sevilla junto a sus tres hijos mientras se resuelven temas relacionados con sus <strong>ex Jota Peleteiro y Kiko Rivera.<\/strong><\/p>\n","protected":false},"excerpt":{"rendered":"Hay quien lleva semanas con la decoraci\u00f3n de Navidad puesta. Pero tambi\u00e9n hay quien espera a lo que&hellip;\n","protected":false},"author":2,"featured_media":274364,"comment_status":"","ping_status":"","sticky":false,"template":"","format":"standard","meta":{"footnotes":""},"categories":[174],"tags":[255,146,147,25,24,256,23],"class_list":{"0":"post-274363","1":"post","2":"type-post","3":"status-publish","4":"format-standard","5":"has-post-thumbnail","7":"category-famosos","8":"tag-celebrities","9":"tag-entertainment","10":"tag-entretenimiento","11":"tag-es","12":"tag-espana","13":"tag-famosos","14":"tag-spain"},"share_on_mastodon":{"url":"https:\/\/pubeurope.com\/@es\/115673197545123179","error":""},"_links":{"self":[{"href":"https:\/\/www.europesays.com\/es\/wp-json\/wp\/v2\/posts\/274363","targetHints":{"allow":["GET"]}}],"collection":[{"href":"https:\/\/www.europesays.com\/es\/wp-json\/wp\/v2\/posts"}],"about":[{"href":"https:\/\/www.europesays.com\/es\/wp-json\/wp\/v2\/types\/post"}],"author":[{"embeddable":true,"href":"https:\/\/www.europesays.com\/es\/wp-json\/wp\/v2\/users\/2"}],"replies":[{"embeddable":true,"href":"https:\/\/www.europesays.com\/es\/wp-json\/wp\/v2\/comments?post=274363"}],"version-history":[{"count":0,"href":"https:\/\/www.europesays.com\/es\/wp-json\/wp\/v2\/posts\/274363\/revisions"}],"wp:featuredmedia":[{"embeddable":true,"href":"https:\/\/www.europesays.com\/es\/wp-json\/wp\/v2\/media\/274364"}],"wp:attachment":[{"href":"https:\/\/www.europesays.com\/es\/wp-json\/wp\/v2\/media?parent=274363"}],"wp:term":[{"taxonomy":"category","embeddable":true,"href":"https:\/\/www.europesays.com\/es\/wp-json\/wp\/v2\/categories?post=274363"},{"taxonomy":"post_tag","embeddable":true,"href":"https:\/\/www.europesays.com\/es\/wp-json\/wp\/v2\/tags?post=274363"}],"curies":[{"name":"wp","href":"https:\/\/api.w.org\/{rel}","templated":true}]}}