{"id":274365,"date":"2025-12-06T14:54:45","date_gmt":"2025-12-06T14:54:45","guid":{"rendered":"https:\/\/www.europesays.com\/es\/274365\/"},"modified":"2025-12-06T14:54:45","modified_gmt":"2025-12-06T14:54:45","slug":"fallece-frank-gehry-estos-son-sus-edificios-mas-emblematicos","status":"publish","type":"post","link":"https:\/\/www.europesays.com\/es\/274365\/","title":{"rendered":"Fallece Frank Gehry: estos son sus edificios m\u00e1s emblem\u00e1ticos"},"content":{"rendered":"<p>Fallece Frank Gehry: estos son sus edificios m\u00e1s emblem\u00e1ticos &#8211; AS.com<a class=\"a_k\" href=\"https:\/\/as.com\/noticias\/arquitectura\/\" data-tb-external-data=\"\" data-taboola-external=\"\" rel=\"nofollow noopener\" target=\"_blank\">Arquitectura<\/a>El aclamado arquitecto conocido por su estilo deconstructivista y por obras ic\u00f3nicas como el Museo Guggenheim de Bilbao y el Walt Disney Concert Hall de Los \u00c1ngeles.<img decoding=\"async\" src=\"https:\/\/www.europesays.com\/es\/wp-content\/uploads\/2025\/12\/S5MBB3KRIZBHBPBM6NK3UTERVI.jpg\" alt=\"Bilbao City, Frank Gehry architect, Gugenheim Museum, spain, Vasc Country (Photo by: Dukas\/Universal Images Group via Getty Images)\" height=\"9\" width=\"16\"   loading=\"eager\"\/>Dukas Actualizado a 6 de diciembre de 2025 13:58 CET<img decoding=\"async\" src=\"https:\/\/www.europesays.com\/es\/wp-content\/uploads\/2025\/12\/4HBMD2EFBZCU5DRJ6BTRACS7QQ.jpg\" alt=\"El arquitecto canadiense posa con maquetas de sus edificios en su estudio de Los \u00c1ngeles en 1989. Nacido en Toronto, termin\u00f3 sus estudios en Estados Unidos, donde estudi\u00f3 Urbanismo, y Francia, donde aprendi\u00f3 de las obras de Le Corbusier. A su vuelta de Francia, se afinc\u00f3 en Los \u00c1ngeles donde abri\u00f3 su estudio de Arquitectura.\" class=\"event__photostory\" height=\"3160\" width=\"4200\"   loading=\"lazy\"\/>Frank Gehry con sus maquetasFOTO: Bonnie Schiffman Photography \/ Getty ImagesEl arquitecto canadiense posa con maquetas de sus edificios en su estudio de Los \u00c1ngeles en 1989. Nacido en Toronto, termin\u00f3 sus estudios en Estados Unidos, donde estudi\u00f3 Urbanismo, y Francia, donde aprendi\u00f3 de las obras de Le Corbusier. A su vuelta de Francia, se afinc\u00f3 en Los \u00c1ngeles donde abri\u00f3 su estudio de Arquitectura.<img decoding=\"async\" src=\"https:\/\/www.europesays.com\/es\/wp-content\/uploads\/2025\/12\/EBJABEVLFVBNPODWXMD5PKP47Q.jpg\" alt=\"En Espa\u00f1a el nombre de Frank Gehry, va inherente a uno de sus edificios m\u00e1s emblem\u00e1ticos,  el Museo Guggenheim de Bilbao. En la imagen, el arquitecto posa con el edificio al fondo.\" class=\"event__photostory\" height=\"2587\" width=\"3870\"   loading=\"lazy\"\/>Frank Gehry, arquitecto del Museo Guggenheim en BilbaoFOTO: Carlos de Andres \/ Cover\/Getty ImagesEn Espa\u00f1a el nombre de Frank Gehry, va inherente a uno de sus edificios m\u00e1s emblem\u00e1ticos,  el Museo Guggenheim de Bilbao. En la imagen, el arquitecto posa con el edificio al fondo.<img decoding=\"async\" src=\"https:\/\/www.europesays.com\/es\/wp-content\/uploads\/2025\/12\/1765032854_479_S5MBB3KRIZBHBPBM6NK3UTERVI.jpg\" alt=\"Inaugurado en 1997, es el tercer museo, tras el de Nueva York y el de Venecia, ligado a la Fundaci\u00f3n Solomon R. Guggenheim, creada en 1937 para la difusi\u00f3n del arte moderno.\" class=\"event__photostory\" height=\"2966\" width=\"5100\"   loading=\"lazy\"\/>Museo Guggenheim en BilbaoFOTO: Dukas \/ Universal Images Group via GettyInaugurado en 1997, es el tercer museo, tras el de Nueva York y el de Venecia, ligado a la Fundaci\u00f3n Solomon R. Guggenheim, creada en 1937 para la difusi\u00f3n del arte moderno.<img decoding=\"async\" src=\"https:\/\/www.europesays.com\/es\/wp-content\/uploads\/2025\/12\/KBAXPHKCGJBI3P2HINFYTOPHCE.jpg\" alt=\"La misi\u00f3n de la construcci\u00f3n de este museo tambi\u00e9n fue la limpieza de cara de la ciudad de forma que Bilbao pas\u00f3 a ser inter\u00e9s cultural para toda la naci\u00f3n e incluso para el extranjero y sobre todo podemos ver como de eficaz fue su propaganda a trav\u00e9s del internet teniendo un museo muy contempor\u00e1neo y moderno.\" class=\"event__photostory\" height=\"3890\" width=\"5804\"   loading=\"lazy\"\/>Museo Guggenheim en BilbaoFOTO: Sean Gallup \/ Getty ImagesLa misi\u00f3n de la construcci\u00f3n de este museo tambi\u00e9n fue la limpieza de cara de la ciudad de forma que Bilbao pas\u00f3 a ser inter\u00e9s cultural para toda la naci\u00f3n e incluso para el extranjero y sobre todo podemos ver como de eficaz fue su propaganda a trav\u00e9s del internet teniendo un museo muy contempor\u00e1neo y moderno.<img decoding=\"async\" src=\"https:\/\/www.europesays.com\/es\/wp-content\/uploads\/2025\/12\/SW6TWFNWXFAKNPOISHH5J6AJZY.jpg\" alt=\"En 2006 se inaugur\u00f3 este edificio en el pueblo vasco de Elciego. La idea de la empresa vin\u00edcola Marques de Riscal era la creaci\u00f3n de una 'Ciudad del Vino' para atraer turistas a la regi\u00f3n y el mayor atractivo ser\u00eda este edificio del estilo del Guggenheim pero con tonos rosados que recuerdan el color del vino.\" class=\"event__photostory\" height=\"3218\" width=\"5100\"   loading=\"lazy\"\/>Hotel Marqu\u00e9s de Riscal, Elciego, \u00c1lavaFOTO: Dukas \/ Universal Images Group via GettyEn 2006 se inaugur\u00f3 este edificio en el pueblo vasco de Elciego. La idea de la empresa vin\u00edcola Marques de Riscal era la creaci\u00f3n de una &#8216;Ciudad del Vino&#8217; para atraer turistas a la regi\u00f3n y el mayor atractivo ser\u00eda este edificio del estilo del Guggenheim pero con tonos rosados que recuerdan el color del vino.Noticias relacionadas<img decoding=\"async\" src=\"https:\/\/www.europesays.com\/es\/wp-content\/uploads\/2025\/12\/6JG3D2TPJFFNDOQLJZIRZGIEEM.jpg\" alt=\"Es una escultura monumental situada en el Puerto Ol\u00edmpico de Barcelona , \u200b\u200ba los pies del Hotel Arts. Inaugurado el 11 de julio de 1992 para los Juegos Ol\u00edmpicos de Barcelona , \u200b\u200bse ha convertido en uno de los s\u00edmbolos de la Villa Ol\u00edmpica.\" class=\"event__photostory\" height=\"3354\" width=\"5300\"   loading=\"lazy\"\/>Escultura Peix d&#8217;Or, BarcelonaFOTO: UCG \/ UCG\/Universal Images Group via GEs una escultura monumental situada en el Puerto Ol\u00edmpico de Barcelona , \u200b\u200ba los pies del Hotel Arts. Inaugurado el 11 de julio de 1992 para los Juegos Ol\u00edmpicos de Barcelona , \u200b\u200bse ha convertido en uno de los s\u00edmbolos de la Villa Ol\u00edmpica.<img decoding=\"async\" src=\"https:\/\/www.europesays.com\/es\/wp-content\/uploads\/2025\/12\/W6QQPIW6XNALXO3F6QXKISQAHA.jpg\" alt=\"En el Puerto Ol\u00edmpico de Barcelona hay otra escultura de Frank Gehry. Una esfera que parece suspendida en el aire a punto de caer de su pedestal. Sin embargo, a \u00e9sta escultura a\u00fan no se le ha dado ning\u00fan s\u00edmbolo mas\u00f3nico. Simplemente representa la perfecci\u00f3n de la geometr\u00eda y su fr\u00e1gil, pero seguro ordenamiento.\" class=\"event__photostory\" height=\"3792\" width=\"5300\"   loading=\"lazy\"\/>La Escultura de la Esfera, BarcelonaFOTO: UCG \/ UCG\/Universal Images Group via GEn el Puerto Ol\u00edmpico de Barcelona hay otra escultura de Frank Gehry. Una esfera que parece suspendida en el aire a punto de caer de su pedestal. Sin embargo, a \u00e9sta escultura a\u00fan no se le ha dado ning\u00fan s\u00edmbolo mas\u00f3nico. Simplemente representa la perfecci\u00f3n de la geometr\u00eda y su fr\u00e1gil, pero seguro ordenamiento.<img decoding=\"async\" src=\"https:\/\/www.europesays.com\/es\/wp-content\/uploads\/2025\/12\/XZT2E6NRNZALJAJ2OYYHSRVNOE.jpg\" alt=\"El 20 de octubre de 2003 se inaugur\u00f3 este pabell\u00f3n de conciertos que contrat\u00f3 la empresa Disney. El dise\u00f1o es parecido al Guggenheim en Bilbao, pero a pesar de que su inauguraci\u00f3n fue posterior, fue dise\u00f1ado con anterioridad, solamente problemas en la financiaci\u00f3n de la construcci\u00f3n provocaron que este solemne edificio se inaugurara despu\u00e9s.\" class=\"event__photostory\" height=\"1968\" width=\"3000\"   loading=\"lazy\"\/>Walt Disney Concert Hall, Los \u00c1ngeles, Estados UnidosFOTO: Bob Riha Jr \/ Getty ImagesEl 20 de octubre de 2003 se inaugur\u00f3 este pabell\u00f3n de conciertos que contrat\u00f3 la empresa Disney. El dise\u00f1o es parecido al Guggenheim en Bilbao, pero a pesar de que su inauguraci\u00f3n fue posterior, fue dise\u00f1ado con anterioridad, solamente problemas en la financiaci\u00f3n de la construcci\u00f3n provocaron que este solemne edificio se inaugurara despu\u00e9s.<img decoding=\"async\" src=\"https:\/\/www.europesays.com\/es\/wp-content\/uploads\/2025\/12\/K2GPEZ2PAFFW7CBIOMJ6UIF24M.jpg\" alt=\"El aclamado arquitecto Frank Gehry posa delante de su ic\u00f3nico edificio angelino.\" class=\"event__photostory\" height=\"3579\" width=\"5368\"   loading=\"lazy\"\/>Walt Disney Concert Hall, Los \u00c1ngeles, Estados UnidosFOTO: Jay L. Clendenin \/ Los Angeles Times via Getty ImagEl aclamado arquitecto Frank Gehry posa delante de su ic\u00f3nico edificio angelino.<img decoding=\"async\" src=\"https:\/\/www.europesays.com\/es\/wp-content\/uploads\/2025\/12\/57CPGUOA5ZG2LF2JHEPV6NDZNI.jpg\" alt=\"Esta gran proeza arquitect\u00f3nica ya se ha consolidado entre las obras ic\u00f3nicas de la arquitectura del siglo XXI. El edificio de Frank Gehry, que revela formas nunca antes imaginadas, se encuentra ubicado en una cuenca especialmente dise\u00f1ada para este fin, el edificio se integra con facilidad en el entorno natural, entre el bosque y el jard\u00edn, a la vez que juega con la luz y los efectos de espejo. El edificio se encuentra junto al Jard\u00edn de Aclimataci\u00f3n, en el Bois de Boulogne, el famoso parque al oeste de Par\u00eds.\" class=\"event__photostory\" height=\"2796\" width=\"4202\"   loading=\"lazy\"\/>Edificio de la Fundaci\u00f3n Louis Vuitton, Par\u00edsFOTO: Michael Jacobs\/Art in All of Us \/ Corbis via Getty ImagesEsta gran proeza arquitect\u00f3nica ya se ha consolidado entre las obras ic\u00f3nicas de la arquitectura del siglo XXI. El edificio de Frank Gehry, que revela formas nunca antes imaginadas, se encuentra ubicado en una cuenca especialmente dise\u00f1ada para este fin, el edificio se integra con facilidad en el entorno natural, entre el bosque y el jard\u00edn, a la vez que juega con la luz y los efectos de espejo. El edificio se encuentra junto al Jard\u00edn de Aclimataci\u00f3n, en el Bois de Boulogne, el famoso parque al oeste de Par\u00eds.<img decoding=\"async\" src=\"https:\/\/www.europesays.com\/es\/wp-content\/uploads\/2025\/12\/LW7VC7DWRVAYTPT6ZY7PXSCGZU.jpg\" alt=\"El trabajo de Frank Gehry en Luma Arles es la culminaci\u00f3n de un centro cultural masivo en Francia. El edificio central es la Torre Luma, una estructura de 56 metros de altura dise\u00f1ada para albergar galer\u00edas de arte, talleres y archivos de investigaci\u00f3n. \" class=\"event__photostory\" height=\"4160\" width=\"6240\"   loading=\"lazy\"\/>Centro cultural LUMA en Arl\u00e9s, FranciaFOTO: Xurxo Lobato \/ Getty ImagesEl trabajo de Frank Gehry en Luma Arles es la culminaci\u00f3n de un centro cultural masivo en Francia. El edificio central es la Torre Luma, una estructura de 56 metros de altura dise\u00f1ada para albergar galer\u00edas de arte, talleres y archivos de investigaci\u00f3n. <img decoding=\"async\" src=\"https:\/\/www.europesays.com\/es\/wp-content\/uploads\/2025\/12\/K6GFTAZ66ZCSPAW2UBKFGMHDIY.jpg\" alt=\"Su dise\u00f1o deconstructivista, ic\u00f3nico de Gehry, se inspira en elementos locales: la base circular imita el anfiteatro romano de Arl\u00e9s, mientras que la fachada de m\u00e1s de 11.000 paneles de acero inoxidable busca reflejar la luz de la Provenza, aludiendo tambi\u00e9n a la obra La noche estrellada de Van Gogh. La torre se alza sobre un antiguo terreno industrial y se complementa con un atrio de vidrio y acero, consolidando un nuevo hito arquitect\u00f3nico que fusiona arte, ingenier\u00eda y el patrimonio hist\u00f3rico de la regi\u00f3n.\" class=\"event__photostory\" height=\"3024\" width=\"4032\"   loading=\"lazy\"\/>Centro cultural LUMA en Arl\u00e9s, FranciaFOTO: Francois LOCHON \/ Gamma-Rapho via Getty ImagesSu dise\u00f1o deconstructivista, ic\u00f3nico de Gehry, se inspira en elementos locales: la base circular imita el anfiteatro romano de Arl\u00e9s, mientras que la fachada de m\u00e1s de 11.000 paneles de acero inoxidable busca reflejar la luz de la Provenza, aludiendo tambi\u00e9n a la obra La noche estrellada de Van Gogh. La torre se alza sobre un antiguo terreno industrial y se complementa con un atrio de vidrio y acero, consolidando un nuevo hito arquitect\u00f3nico que fusiona arte, ingenier\u00eda y el patrimonio hist\u00f3rico de la regi\u00f3n.<img decoding=\"async\" src=\"https:\/\/www.europesays.com\/es\/wp-content\/uploads\/2025\/12\/MQE55OFD3JFRVPNKNLWXHVVWEI.jpg\" alt=\"El 7 de julio de 2021 se inaugur\u00f3 el edificio de la Fundaci\u00f3n Luma en Arl\u00e9s, sur de Francia. La torre retorcida, revestida con placas de aluminio reflectantes, dise\u00f1ada por el arquitecto estadounidense Frank Gehry, alberga la Fundaci\u00f3n de Arte Luma en Arles.\" class=\"event__photostory\" height=\"4480\" width=\"6720\"   loading=\"lazy\"\/>Centro cultural LUMA en Arl\u00e9s, FranciaFOTO: Patrick Aventurier \/ Getty ImagesEl 7 de julio de 2021 se inaugur\u00f3 el edificio de la Fundaci\u00f3n Luma en Arl\u00e9s, sur de Francia. La torre retorcida, revestida con placas de aluminio reflectantes, dise\u00f1ada por el arquitecto estadounidense Frank Gehry, alberga la Fundaci\u00f3n de Arte Luma en Arles.<img decoding=\"async\" src=\"https:\/\/www.europesays.com\/es\/wp-content\/uploads\/2025\/12\/CLQ7KDWFONBA3CUKAXLJFJMZZY.jpg\" alt=\"ARLES FRANCE - SEPTEMBER 7: A general view of the Centro Luma Museum (Luma Arles) complex at night on September 7, 2022, Arles, France. (Photo by Xurxo Lobato\/Getty Images)\" class=\"event__photostory\" height=\"4160\" width=\"6240\"   loading=\"lazy\"\/>Centro cultural LUMA en Arl\u00e9s, FranciaFOTO: Xurxo Lobato \/ Getty ImagesARLES FRANCE &#8211; SEPTEMBER 7: A general view of the Centro Luma Museum (Luma Arles) complex at night on September 7, 2022, Arles, France. (Photo by Xurxo Lobato\/Getty Images)<img decoding=\"async\" src=\"https:\/\/www.europesays.com\/es\/wp-content\/uploads\/2025\/12\/LR2JFRSLTZAY5LAOZSHMX3RIVQ.jpg\" alt=\"Vista de la Casa Danzante, un rascacielos residencial de estilo art d\u00e9co ubicado en Spruce Street, en el Distrito Financiero de Manhattan, Nueva York, EE. UU., edificio constructivista de Nationale-Nederlanden, dise\u00f1ado por el arquitecto croata-checo Vlado Miluni en colaboraci\u00f3n con Frank Gehry, con vistas al r\u00edo Moldava.\" class=\"event__photostory\" height=\"3826\" width=\"5000\"   loading=\"lazy\"\/>La Casa Danzante, PragaFOTO: NurPhoto \/ NurPhoto via Getty ImagesVista de la Casa Danzante, un rascacielos residencial de estilo art d\u00e9co ubicado en Spruce Street, en el Distrito Financiero de Manhattan, Nueva York, EE. UU., edificio constructivista de Nationale-Nederlanden, dise\u00f1ado por el arquitecto croata-checo Vlado Miluni en colaboraci\u00f3n con Frank Gehry, con vistas al r\u00edo Moldava.<img decoding=\"async\" src=\"https:\/\/www.europesays.com\/es\/wp-content\/uploads\/2025\/12\/J7GKNITH2VAN3ISHYH5HAYEP4U.jpg\" alt=\"Es un rascacielos de 76 pisos dise\u00f1ado por el Gehry en la Ciudad de Nueva York, en el n.\u00ba 8 de la calle Spruce, en el barrio de Manhattan, justo al sur del City Hall Plaza y el puente de Brooklyn. Este edificio de viviendas de lujo alberga en su parte inferior, sus primeras cinco plantas, una escuela primaria p\u00fablica. Adem\u00e1s hay una zona del edificio que alberga un hospital.\" class=\"event__photostory\" height=\"4340\" width=\"3255\"   loading=\"lazy\"\/>El edificio 8 Spruce Street, Nueva York.FOTO: UCG \/ UCG\/Universal Images Group via GEs un rascacielos de 76 pisos dise\u00f1ado por el Gehry en la Ciudad de Nueva York, en el n.\u00ba 8 de la calle Spruce, en el barrio de Manhattan, justo al sur del City Hall Plaza y el puente de Brooklyn. Este edificio de viviendas de lujo alberga en su parte inferior, sus primeras cinco plantas, una escuela primaria p\u00fablica. Adem\u00e1s hay una zona del edificio que alberga un hospital.<img decoding=\"async\" src=\"https:\/\/www.europesays.com\/es\/wp-content\/uploads\/2025\/12\/KK7LCEBBXNCBVG4QSWOCSCGWCM.jpg\" alt=\"Conocido por muchos como el edificio Nueva York de Gehry. Se inaugur\u00f3 en febrero de 2011 con el nombre de Torre Beekman.\" class=\"event__photostory\" height=\"6671\" width=\"4447\"   loading=\"lazy\"\/>El edificio 8 Spruce Street, Nueva York.FOTO: Roy Rochlin \/ Getty ImagesConocido por muchos como el edificio Nueva York de Gehry. Se inaugur\u00f3 en febrero de 2011 con el nombre de Torre Beekman.<img decoding=\"async\" src=\"https:\/\/www.europesays.com\/es\/wp-content\/uploads\/2025\/12\/B2YPSSMTUZD6DNDB5ALFEG3RFA.jpg\" alt=\"El Museo Aeroespacial de California, inagurado en 1984 pone en evidencia aspectos caracter\u00edsticos de la arquitectura de Gehry, incluyendo  la presencia del F104 Starfighter en la fachada.\" class=\"event__photostory\" height=\"4480\" width=\"6552\"   loading=\"lazy\"\/>Museo Aeroespacial de California, Los \u00c1ngeles.FOTO: Raymond Boyd \/ Getty ImagesEl Museo Aeroespacial de California, inagurado en 1984 pone en evidencia aspectos caracter\u00edsticos de la arquitectura de Gehry, incluyendo  la presencia del F104 Starfighter en la fachada.<img decoding=\"async\" src=\"https:\/\/www.europesays.com\/es\/wp-content\/uploads\/2025\/12\/RIHMQFLC3VG5PD3L66PCFJU6LU.jpg\" alt=\"inaugurado en 1999 en el campus m\u00e9dico de la Universidad de Cincinnati, es una obra clave de Gehry en EE. UU. Destaca por ser uno de sus pocos edificios principales donde sustituy\u00f3 el metal reflectante por ladrillo rojo, el material dominante en el campus. A pesar del material tradicional, Gehry aplic\u00f3 su estilo distintivo de formas curvas y vol\u00famenes salientes, creando un edificio que parece estar en constante movimiento.\" class=\"event__photostory\" height=\"4480\" width=\"6720\"   loading=\"lazy\"\/>Centro de Estudios Moleculares Albert H. Vontz en la Universidad de Cincinnati, OhioFOTO: Raymond Boyd \/ Getty Imagesinaugurado en 1999 en el campus m\u00e9dico de la Universidad de Cincinnati, es una obra clave de Gehry en EE. UU. Destaca por ser uno de sus pocos edificios principales donde sustituy\u00f3 el metal reflectante por ladrillo rojo, el material dominante en el campus. A pesar del material tradicional, Gehry aplic\u00f3 su estilo distintivo de formas curvas y vol\u00famenes salientes, creando un edificio que parece estar en constante movimiento.<img decoding=\"async\" src=\"https:\/\/www.europesays.com\/es\/wp-content\/uploads\/2025\/12\/ITUGUE2KFFCTNOIS6NJGMXN3Q4.jpg\" alt=\"Este parque conmemorativo inaugurado en 2020 tras un prolongado desarrollo, es un ejemplo at\u00edpico en la obra de Frank Gehry. El dise\u00f1o se centra en un gran espacio p\u00fablico, enmarcado por una monumental tapicer\u00eda met\u00e1lica tejida de acero inoxidable que act\u00faa como tel\u00f3n de fondo. La figura escult\u00f3rica que se ve en la imagene, representa el Pointe du Hoc en la costa de Normand\u00eda en tiempos de paz, un lugar clave en la Segunda Guerra Mundial. El memorial tambi\u00e9n incluye varias esculturas de bronce que retratan la vida de Dwight D. Eisenhower, desde su ni\u00f1ez hasta su papel como presidente de los Estados Unidos.\" class=\"event__photostory\" height=\"3543\" width=\"5315\"   loading=\"lazy\"\/>Eisenhower Memorial en Washington D.C.FOTO: Caroline Brehman \/ CQ-Roll Call, Inc via Getty ImagEste parque conmemorativo inaugurado en 2020 tras un prolongado desarrollo, es un ejemplo at\u00edpico en la obra de Frank Gehry. El dise\u00f1o se centra en un gran espacio p\u00fablico, enmarcado por una monumental tapicer\u00eda met\u00e1lica tejida de acero inoxidable que act\u00faa como tel\u00f3n de fondo. La figura escult\u00f3rica que se ve en la imagene, representa el Pointe du Hoc en la costa de Normand\u00eda en tiempos de paz, un lugar clave en la Segunda Guerra Mundial. El memorial tambi\u00e9n incluye varias esculturas de bronce que retratan la vida de Dwight D. Eisenhower, desde su ni\u00f1ez hasta su papel como presidente de los Estados Unidos.<img decoding=\"async\" src=\"https:\/\/www.europesays.com\/es\/wp-content\/uploads\/2025\/12\/TECHVUVHGBFC3JJB7BFM5SO2BA.jpg\" alt=\"El Pabell\u00f3n de M\u00fasica de Frank O. Gehry en el Ch\u00e2teau la Coste, cerca de Aix-en-Provence, en la Provenza francesa.\" class=\"event__photostory\" height=\"3328\" width=\"5000\"   loading=\"lazy\"\/>FOTO: Wolfgang Kaehler \/ LightRocket via Getty ImagesEl Pabell\u00f3n de M\u00fasica de Frank O. Gehry en el Ch\u00e2teau la Coste, cerca de Aix-en-Provence, en la Provenza francesa.<img decoding=\"async\" src=\"https:\/\/www.europesays.com\/es\/wp-content\/uploads\/2025\/12\/IIS3H5FUP5C7DLT7QFONUMPFN4.jpg\" alt=\"El Vitra Design Museum, terminado en 1989 en Weil am Rhein, Alemania, es a menudo considerado la primera obra europea importante de Frank Gehry y una de las piezas que lo catapult\u00f3 al estrellato global. El museo, dise\u00f1ado para albergar la colecci\u00f3n de mobiliario de la empresa Vitra, es un conjunto de vol\u00famenes blancos y contorsionados que interact\u00faan din\u00e1micamente. A diferencia de sus obras posteriores de metal, Gehry utiliz\u00f3 aqu\u00ed un revoco blanco liso para cubrir las formas angulares y las superficies inclinadas. Aunque peque\u00f1o, el edificio encapsula perfectamente los principios del deconstructivismo, con rampas y escaleras que atraviesan los espacios de exhibici\u00f3n. Este proyecto fue crucial porque marc\u00f3 la transici\u00f3n de Gehry de la arquitectura residencial a los grandes encargos culturales, sentando las bases de su estilo ic\u00f3nico.\" class=\"event__photostory\" height=\"3404\" width=\"5100\"   loading=\"lazy\"\/>Edificio de la f\u00e1brica Vitra en Weil am Rhein, AlemaniaFOTO: Education Images \/ Universal Images Group via GettyEl Vitra Design Museum, terminado en 1989 en Weil am Rhein, Alemania, es a menudo considerado la primera obra europea importante de Frank Gehry y una de las piezas que lo catapult\u00f3 al estrellato global. El museo, dise\u00f1ado para albergar la colecci\u00f3n de mobiliario de la empresa Vitra, es un conjunto de vol\u00famenes blancos y contorsionados que interact\u00faan din\u00e1micamente. A diferencia de sus obras posteriores de metal, Gehry utiliz\u00f3 aqu\u00ed un revoco blanco liso para cubrir las formas angulares y las superficies inclinadas. Aunque peque\u00f1o, el edificio encapsula perfectamente los principios del deconstructivismo, con rampas y escaleras que atraviesan los espacios de exhibici\u00f3n. Este proyecto fue crucial porque marc\u00f3 la transici\u00f3n de Gehry de la arquitectura residencial a los grandes encargos culturales, sentando las bases de su estilo ic\u00f3nico.<img decoding=\"async\" src=\"https:\/\/www.europesays.com\/es\/wp-content\/uploads\/2025\/12\/26AQ4EAOPJFRXC2XSU3G5CLSZU.jpg\" alt=\"LONDON, UNITED KINGDOM - 2021\/09\/20: General view of the Battersea Power Station and the adjacent new building by renowned architect Frank Gehry, as the development and renovation nears completion. (Photo by Vuk Valcic\/SOPA Images\/LightRocket via Getty Images)\" class=\"event__photostory\" height=\"3333\" width=\"5000\"   loading=\"lazy\"\/>General view of the Battersea Power Station and the adjacentFOTO: SOPA Images \/ SOPA Images\/LightRocket via GettLONDON, UNITED KINGDOM &#8211; 2021\/09\/20: General view of the Battersea Power Station and the adjacent new building by renowned architect Frank Gehry, as the development and renovation nears completion. (Photo by Vuk Valcic\/SOPA Images\/LightRocket via Getty Images)<img decoding=\"async\" src=\"https:\/\/www.europesays.com\/es\/wp-content\/uploads\/2025\/12\/HJ47JASEK5EVJA2WHUGVNW4GNE.jpg\" alt=\"Los &quot;Gehry Buildings&quot;, formalmente conocidos como &quot;El nuevo Zollhof&quot;, son un complejo de tres edificios de oficinas terminado en 1999 en el puerto medio (MedienHafen) de D\u00fcsseldorf. Este conjunto se destaca por su ruptura con la alineaci\u00f3n estricta de la calle, generando espacios p\u00fablicos abiertos hacia el Rin, a diferencia de las estructuras vecinas. Lo m\u00e1s distintivo es el uso de tres materiales diferentes para cada una de las estructuras, a pesar de sus formas deconstructivistas asim\u00e9tricas y fluidas. \" class=\"event__photostory\" height=\"3072\" width=\"4080\"   loading=\"lazy\"\/>Los edificios Gehry en D\u00fcsseldorf, AlemaniaFOTO: NurPhoto \/ NurPhoto via Getty ImagesLos \u00abGehry Buildings\u00bb, formalmente conocidos como \u00abEl nuevo Zollhof\u00bb, son un complejo de tres edificios de oficinas terminado en 1999 en el puerto medio (MedienHafen) de D\u00fcsseldorf. Este conjunto se destaca por su ruptura con la alineaci\u00f3n estricta de la calle, generando espacios p\u00fablicos abiertos hacia el Rin, a diferencia de las estructuras vecinas. Lo m\u00e1s distintivo es el uso de tres materiales diferentes para cada una de las estructuras, a pesar de sus formas deconstructivistas asim\u00e9tricas y fluidas. <img decoding=\"async\" src=\"https:\/\/www.europesays.com\/es\/wp-content\/uploads\/2025\/12\/YI4PRNMOGNE5ZLOVJZGHS2KPLU.jpg\" alt=\"Los edificios est\u00e1n revestidos con revoco blanco, prefabricado de ladrillo, y, el m\u00e1s ic\u00f3nico y central, con l\u00e1minas de acero inoxidable reflectante. El proyecto utiliza la variedad de materiales y el escalonamiento de alturas como estrategia para manejar la escala del complejo, consolid\u00e1ndolo como un s\u00edmbolo moderno del desarrollo urbano en el puerto.\" class=\"event__photostory\" height=\"3072\" width=\"4080\"   loading=\"lazy\"\/>Los edificios Gehry en D\u00fcsseldorf, AlemaniaFOTO: NurPhoto \/ NurPhoto via Getty ImagesLos edificios est\u00e1n revestidos con revoco blanco, prefabricado de ladrillo, y, el m\u00e1s ic\u00f3nico y central, con l\u00e1minas de acero inoxidable reflectante. El proyecto utiliza la variedad de materiales y el escalonamiento de alturas como estrategia para manejar la escala del complejo, consolid\u00e1ndolo como un s\u00edmbolo moderno del desarrollo urbano en el puerto.<img decoding=\"async\" src=\"https:\/\/www.europesays.com\/es\/wp-content\/uploads\/2025\/12\/B4T242YMD5FENB6ELKT6HF5Z6Q.jpg\" alt=\" Inaugurado en 2004, es una &quot;concha ac\u00fastica&quot; y un escenario al aire libre ubicado en el Millennium Park de Chicago, y es una de las obras m\u00e1s distintivas de Gehry en EE. UU. Su caracter\u00edstica m\u00e1s llamativa es el techo escultural formado por cintas onduladas de acero inoxidable cepillado que se alzan sobre el escenario y parte de las 4.000 butacas. El pabell\u00f3n no solo destaca por su forma deconstructivista, sino tambi\u00e9n por su avanzada ac\u00fastica: una red de celos\u00edas de tubos de acero curvos se extiende sobre el c\u00e9sped para soportar un sistema de sonido que replica la calidad de una sala de conciertos. \" class=\"event__photostory\" height=\"4480\" width=\"6720\"   loading=\"lazy\"\/>El Pabell\u00f3n Jay Pritzker, Chicago, Estados UnidosFOTO: Raymond Boyd \/ Getty Images Inaugurado en 2004, es una \u00abconcha ac\u00fastica\u00bb y un escenario al aire libre ubicado en el Millennium Park de Chicago, y es una de las obras m\u00e1s distintivas de Gehry en EE. UU. Su caracter\u00edstica m\u00e1s llamativa es el techo escultural formado por cintas onduladas de acero inoxidable cepillado que se alzan sobre el escenario y parte de las 4.000 butacas. El pabell\u00f3n no solo destaca por su forma deconstructivista, sino tambi\u00e9n por su avanzada ac\u00fastica: una red de celos\u00edas de tubos de acero curvos se extiende sobre el c\u00e9sped para soportar un sistema de sonido que replica la calidad de una sala de conciertos. <img decoding=\"async\" src=\"https:\/\/www.europesays.com\/es\/wp-content\/uploads\/2025\/12\/GGMCQIGK7FBBHI544FVKLMRGFQ.jpg\" alt=\"La estructura se complementa con el adyacente BP Bridge, tambi\u00e9n dise\u00f1ado por Gehry, y se ha convertido en un ic\u00f3nico punto de encuentro para festivales y eventos culturales.\" class=\"event__photostory\" height=\"4107\" width=\"6160\"   loading=\"lazy\"\/>El Pabell\u00f3n Jay Pritzker, Chicago, Estados UnidosFOTO: Raymond Boyd \/ Getty ImagesLa estructura se complementa con el adyacente BP Bridge, tambi\u00e9n dise\u00f1ado por Gehry, y se ha convertido en un ic\u00f3nico punto de encuentro para festivales y eventos culturales.<img decoding=\"async\" src=\"https:\/\/www.europesays.com\/es\/wp-content\/uploads\/2025\/12\/GEUXKSD4SJBTXDKYKGAAQSYIOY.jpg\" alt=\"Ubicado en Las Vegas, Nevada, fue dise\u00f1ado por Frank Gehry con una dualidad simb\u00f3lica que alude a la funci\u00f3n l\u00f3gica y creativa del cerebro. El complejo se divide en dos secciones principales: una parte es un bloque m\u00e9dico de cuatro pisos de formas ortogonales y sobrias, revestido de estuco blanco. \" class=\"event__photostory\" height=\"3694\" width=\"5573\"   loading=\"lazy\"\/>Centro Lou Ruvo de Las Vegas, Estados UnidosFOTO: George Rose \/ Getty ImagesUbicado en Las Vegas, Nevada, fue dise\u00f1ado por Frank Gehry con una dualidad simb\u00f3lica que alude a la funci\u00f3n l\u00f3gica y creativa del cerebro. El complejo se divide en dos secciones principales: una parte es un bloque m\u00e9dico de cuatro pisos de formas ortogonales y sobrias, revestido de estuco blanco. <img decoding=\"async\" src=\"https:\/\/www.europesays.com\/es\/wp-content\/uploads\/2025\/12\/FLWMYV4XMZDP7ACXOLIZQCBZRE.jpg\" alt=\"La otra es un pabell\u00f3n de eventos curvil\u00edneo y radical, cubierto por 18.000 tejas de acero inoxidable que parecen derretirse y levitar. Ambas partes est\u00e1n unidas por un atrio cubierto, creando un espacio lum\u00ednico que busca un ambiente sanador, rompiendo con la est\u00e9tica cl\u00ednica tradicional. La construcci\u00f3n, financiada para apoyar la investigaci\u00f3n de enfermedades cerebrales, se ha convertido en un \u00edcono de Las Vegas.  \" class=\"event__photostory\" height=\"4480\" width=\"6720\"   loading=\"lazy\"\/>Centro Lou Ruvo de Las Vegas, Estados UnidosFOTO: Raymond Boyd \/ Getty ImagesLa otra es un pabell\u00f3n de eventos curvil\u00edneo y radical, cubierto por 18.000 tejas de acero inoxidable que parecen derretirse y levitar. Ambas partes est\u00e1n unidas por un atrio cubierto, creando un espacio lum\u00ednico que busca un ambiente sanador, rompiendo con la est\u00e9tica cl\u00ednica tradicional. La construcci\u00f3n, financiada para apoyar la investigaci\u00f3n de enfermedades cerebrales, se ha convertido en un \u00edcono de Las Vegas.  Etiquetado en:<\/p>\n","protected":false},"excerpt":{"rendered":"Fallece Frank Gehry: estos son sus edificios m\u00e1s emblem\u00e1ticos &#8211; AS.comArquitecturaEl aclamado arquitecto conocido por su estilo deconstructivista&hellip;\n","protected":false},"author":2,"featured_media":274366,"comment_status":"","ping_status":"","sticky":false,"template":"","format":"standard","meta":{"footnotes":""},"categories":[173],"tags":[229,233,231,230,232,234,146,147,25,24,23],"class_list":{"0":"post-274365","1":"post","2":"type-post","3":"status-publish","4":"format-standard","5":"has-post-thumbnail","7":"category-arte-y-diseno","8":"tag-arte","9":"tag-arte-y-diseno","10":"tag-arts","11":"tag-arts-and-design","12":"tag-design","13":"tag-diseno","14":"tag-entertainment","15":"tag-entretenimiento","16":"tag-es","17":"tag-espana","18":"tag-spain"},"share_on_mastodon":{"url":"https:\/\/pubeurope.com\/@es\/115673201615952135","error":""},"_links":{"self":[{"href":"https:\/\/www.europesays.com\/es\/wp-json\/wp\/v2\/posts\/274365","targetHints":{"allow":["GET"]}}],"collection":[{"href":"https:\/\/www.europesays.com\/es\/wp-json\/wp\/v2\/posts"}],"about":[{"href":"https:\/\/www.europesays.com\/es\/wp-json\/wp\/v2\/types\/post"}],"author":[{"embeddable":true,"href":"https:\/\/www.europesays.com\/es\/wp-json\/wp\/v2\/users\/2"}],"replies":[{"embeddable":true,"href":"https:\/\/www.europesays.com\/es\/wp-json\/wp\/v2\/comments?post=274365"}],"version-history":[{"count":0,"href":"https:\/\/www.europesays.com\/es\/wp-json\/wp\/v2\/posts\/274365\/revisions"}],"wp:featuredmedia":[{"embeddable":true,"href":"https:\/\/www.europesays.com\/es\/wp-json\/wp\/v2\/media\/274366"}],"wp:attachment":[{"href":"https:\/\/www.europesays.com\/es\/wp-json\/wp\/v2\/media?parent=274365"}],"wp:term":[{"taxonomy":"category","embeddable":true,"href":"https:\/\/www.europesays.com\/es\/wp-json\/wp\/v2\/categories?post=274365"},{"taxonomy":"post_tag","embeddable":true,"href":"https:\/\/www.europesays.com\/es\/wp-json\/wp\/v2\/tags?post=274365"}],"curies":[{"name":"wp","href":"https:\/\/api.w.org\/{rel}","templated":true}]}}