{"id":274373,"date":"2025-12-06T14:59:12","date_gmt":"2025-12-06T14:59:12","guid":{"rendered":"https:\/\/www.europesays.com\/es\/274373\/"},"modified":"2025-12-06T14:59:12","modified_gmt":"2025-12-06T14:59:12","slug":"osasuna-se-ejercita-en-tajonar-a-dos-dias-de-recibir-al-levante","status":"publish","type":"post","link":"https:\/\/www.europesays.com\/es\/274373\/","title":{"rendered":"Osasuna se ejercita en Tajonar a dos d\u00edas de recibir al Levante"},"content":{"rendered":"<p>El Club Atl\u00e9tico Osasuna se ha entrenado esta ma\u00f1ana en Tajonar en una sesi\u00f3n dividida en dos partes como es habitual a dos d\u00edas de disputar un encuentro. En la primera, el equipo ha realizado ejercicios de bal\u00f3n parado a puerta cerrada, mientras que posteriormente ha realizado f\u00fatbol-tenis a puerta abierta.<\/p>\n<p>Kike Barja se ha ejercitado de manera individual debido a las molestias musculares en el isquiotibial de la pierna derecha sufridas en el encuentro de Copa del Rey ante el Ebro. Por su parte, Valentin Rosier ha proseguido con su plan de recuperaci\u00f3n programado y Ante Budimir ha continuado con su plan espec\u00edfico de trabajo.<\/p>\n<p>El equipo completar\u00e1 la preparaci\u00f3n del encuentro ante el Levante (lunes 8 de diciembre, 21:00 horas, El Sadar) ma\u00f1ana con una sesi\u00f3n a puerta abierta en Tajonar a partir de las 11:00 horas. Posteriormente, Alessio Lisci comparecer\u00e1 ante los medios de comunicaci\u00f3n en una rueda de prensa que se podr\u00e1 seguir en OsasunaTV y Radio Osasuna a partir de las 12:50 horas.<\/p>\n","protected":false},"excerpt":{"rendered":"El Club Atl\u00e9tico Osasuna se ha entrenado esta ma\u00f1ana en Tajonar en una sesi\u00f3n dividida en dos partes&hellip;\n","protected":false},"author":2,"featured_media":274374,"comment_status":"","ping_status":"","sticky":false,"template":"","format":"standard","meta":{"footnotes":""},"categories":[93],"tags":[168,25,24,23,167],"class_list":{"0":"post-274373","1":"post","2":"type-post","3":"status-publish","4":"format-standard","5":"has-post-thumbnail","7":"category-deportes","8":"tag-deportes","9":"tag-es","10":"tag-espana","11":"tag-spain","12":"tag-sports"},"share_on_mastodon":{"url":"https:\/\/pubeurope.com\/@es\/115673220078906963","error":""},"_links":{"self":[{"href":"https:\/\/www.europesays.com\/es\/wp-json\/wp\/v2\/posts\/274373","targetHints":{"allow":["GET"]}}],"collection":[{"href":"https:\/\/www.europesays.com\/es\/wp-json\/wp\/v2\/posts"}],"about":[{"href":"https:\/\/www.europesays.com\/es\/wp-json\/wp\/v2\/types\/post"}],"author":[{"embeddable":true,"href":"https:\/\/www.europesays.com\/es\/wp-json\/wp\/v2\/users\/2"}],"replies":[{"embeddable":true,"href":"https:\/\/www.europesays.com\/es\/wp-json\/wp\/v2\/comments?post=274373"}],"version-history":[{"count":0,"href":"https:\/\/www.europesays.com\/es\/wp-json\/wp\/v2\/posts\/274373\/revisions"}],"wp:featuredmedia":[{"embeddable":true,"href":"https:\/\/www.europesays.com\/es\/wp-json\/wp\/v2\/media\/274374"}],"wp:attachment":[{"href":"https:\/\/www.europesays.com\/es\/wp-json\/wp\/v2\/media?parent=274373"}],"wp:term":[{"taxonomy":"category","embeddable":true,"href":"https:\/\/www.europesays.com\/es\/wp-json\/wp\/v2\/categories?post=274373"},{"taxonomy":"post_tag","embeddable":true,"href":"https:\/\/www.europesays.com\/es\/wp-json\/wp\/v2\/tags?post=274373"}],"curies":[{"name":"wp","href":"https:\/\/api.w.org\/{rel}","templated":true}]}}