{"id":274377,"date":"2025-12-06T15:01:46","date_gmt":"2025-12-06T15:01:46","guid":{"rendered":"https:\/\/www.europesays.com\/es\/274377\/"},"modified":"2025-12-06T15:01:46","modified_gmt":"2025-12-06T15:01:46","slug":"prisas-chic-en-el-metro-de-nueva-york-el-mundo","status":"publish","type":"post","link":"https:\/\/www.europesays.com\/es\/274377\/","title":{"rendered":"Prisas chic en el metro de Nueva York &#8211; El Mundo"},"content":{"rendered":"<ol>\n<li><a href=\"https:\/\/news.google.com\/rss\/articles\/CBMihgFBVV95cUxPRlhpVTNULVhkVWd5TER5RWtERnpHbjFidXp3N1dDbXZYc0Y5cF9vOXExMldaZzNMYVFVdEdyUFhoa3NGdWZYXzFNRGpKYlNCNmFKWG5qRTVmSW1mZEFnVHp6eEYyUXI3R3Z6X05mWXlpTG9LV2tNMUVsWEFqYlBUdGpMamhsQdIBhgFBVV95cUxNQWI0cDlSZGhzd2NLc1NTaWlVSHZnM3dyTGRfWTNHU0JNMUZuWGZHbDAzTkRDSVVZR0lHSHk4eU54S3ZTVjFJWGN1bEd0OUo0Q05VRlFmSDVsWTk4R2hOSnFkNVBGTDFyRWdTTDFrSjVZYXlGUHBNTlVzT0NzOG03Zy1vaGx1UQ?oc=5\" target=\"_blank\" rel=\"nofollow noopener\">Prisas chic en el metro de Nueva York<\/a>&nbsp;&nbsp;El Mundo<\/li>\n<li><a href=\"https:\/\/news.google.com\/rss\/articles\/CBMiqgFBVV95cUxOenBsNUlGZHhsZlQ3aWVmMXh1dGdUbWl1UDVPbmlrQUpZUkVoZWVPbnFVQWtjZVdoVmppOVd6a3FrU0FDS1A2NkVDazJ6SVJ0bkNwR082QWc4WU9Ebkk4cVVjcUFRNlJuQ2Y4N3RUelFJRE5CYVdwdUR1WFQ3cVl4ckRzRWRiZkNEb1FLVGNwYTQ5ajAwb0JoYUhaLTl3Y2J0bWRRck1DVm5PZw?oc=5\" target=\"_blank\" rel=\"nofollow noopener\">La editora de moda m\u00e1s elegante del mundo en los 80 ha inspirado el look de Chanel que llevaremos en 2026<\/a>&nbsp;&nbsp;Harper&#8217;s BAZAAR<\/li>\n<li><a href=\"https:\/\/news.google.com\/rss\/articles\/CBMigwFBVV95cUxNQWxxY1l3UllWQl80T1VzTU5wWVlIc1Z1VFFGY3FWc2h6bGVhZkFfNG9idTQ3cVNvcEFBTHNORWlLd3FhZFJsT3NLaWJVN3p1bnQ1MWdUcXlGVzZ1MWlCbmp0Tm0wVXE1MUpBOUp5UVVlTHFBVnN2T21hUVpLb1JIdlFlVdIBgwFBVV95cUxObXVDRExHaW5MeHYzYU83Sk82MkozN2VobFhLVlpmZzQtN3VSQjZmcXZ0WTlpMGRuczJWamMxYjE4NDM3SjkwWWsyUzBzbTg0ZW1uQTV6UHA5LUNtS1JUMi1WMU16RFd1YUtGQndidlJPeWU3LVhQaU5HeGM2YzNYSGMzUQ?oc=5\" target=\"_blank\" rel=\"nofollow noopener\">Las invitadas m\u00e1s cool del desfile de Chanel: Carlota con el abrigo que llevar\u00eda Grace Kelly, Tilda con unos salones de ensue\u00f1o y Emily con la chaqueta negra impecable<\/a>&nbsp;&nbsp;Telva<\/li>\n<li><a href=\"https:\/\/news.google.com\/rss\/articles\/CBMiqwFBVV95cUxPSnByNzRmYjZ5OE5TSFdObUplVkc1RHRpVURhTktaem9WQWVKMHFyUHhnRHhIZExQRHM4NWE3RlFUd2pQMDBLQXVvc1JYckVoZHRKdFFCT0VKMkhmbjJ4REhZU0JXWmxacHJJLWVRdF95WjZuLXh1RVpyTEVfaFo5eVRWMFdSaTJCd0VvRWd4ay1La3BhSEt6aTlLNVF5ZXFnWFdzVEhNLWoyMnc?oc=5\" target=\"_blank\" rel=\"nofollow noopener\">M\u00e9tiers d\u2019Art 2026 o c\u00f3mo el Chanel de Matthieu Blazy viaja por el metro de Nueva York<\/a>&nbsp;&nbsp;instyle.es<\/li>\n<li><a href=\"https:\/\/news.google.com\/rss\/articles\/CBMiowFBVV95cUxNbDBBX256RWJlZjJzenBoQno0SHI2QUxXZEhUMm5lN0FpaFdwWUx0eGF5aUNTQ1plUm1hckVOWlRRQWhTMzNaTWJWLTFRNGVFYXVCb0lXUlhoZGE5NnEwWmNSSlFzWEdvUTExRlpNWEtITDg5T2RpTlR5UDNxSHkxUnRraml6TUdiZnpHbjdSQ0pHeC1Ya0hNbURLYVJ4T3FwVGtN?oc=5\" target=\"_blank\" rel=\"nofollow noopener\">Carlota Casiraghi sorprende en el metro de Nueva York con un salvaje abrigo de tigre hecho especialmente para ella<\/a>&nbsp;&nbsp;HOLA<\/li>\n<\/ol>\n","protected":false},"excerpt":{"rendered":"Prisas chic en el metro de Nueva York&nbsp;&nbsp;El Mundo La editora de moda m\u00e1s elegante del mundo en&hellip;\n","protected":false},"author":2,"featured_media":274378,"comment_status":"","ping_status":"","sticky":false,"template":"","format":"standard","meta":{"footnotes":""},"categories":[91],"tags":[146,147,25,24,10536,23],"class_list":{"0":"post-274377","1":"post","2":"type-post","3":"status-publish","4":"format-standard","5":"has-post-thumbnail","7":"category-entretenimiento","8":"tag-entertainment","9":"tag-entretenimiento","10":"tag-es","11":"tag-espana","12":"tag-loc-celebrities","13":"tag-spain"},"share_on_mastodon":{"url":"https:\/\/pubeurope.com\/@es\/115673228678836539","error":""},"_links":{"self":[{"href":"https:\/\/www.europesays.com\/es\/wp-json\/wp\/v2\/posts\/274377","targetHints":{"allow":["GET"]}}],"collection":[{"href":"https:\/\/www.europesays.com\/es\/wp-json\/wp\/v2\/posts"}],"about":[{"href":"https:\/\/www.europesays.com\/es\/wp-json\/wp\/v2\/types\/post"}],"author":[{"embeddable":true,"href":"https:\/\/www.europesays.com\/es\/wp-json\/wp\/v2\/users\/2"}],"replies":[{"embeddable":true,"href":"https:\/\/www.europesays.com\/es\/wp-json\/wp\/v2\/comments?post=274377"}],"version-history":[{"count":0,"href":"https:\/\/www.europesays.com\/es\/wp-json\/wp\/v2\/posts\/274377\/revisions"}],"wp:featuredmedia":[{"embeddable":true,"href":"https:\/\/www.europesays.com\/es\/wp-json\/wp\/v2\/media\/274378"}],"wp:attachment":[{"href":"https:\/\/www.europesays.com\/es\/wp-json\/wp\/v2\/media?parent=274377"}],"wp:term":[{"taxonomy":"category","embeddable":true,"href":"https:\/\/www.europesays.com\/es\/wp-json\/wp\/v2\/categories?post=274377"},{"taxonomy":"post_tag","embeddable":true,"href":"https:\/\/www.europesays.com\/es\/wp-json\/wp\/v2\/tags?post=274377"}],"curies":[{"name":"wp","href":"https:\/\/api.w.org\/{rel}","templated":true}]}}