{"id":274391,"date":"2025-12-06T15:12:14","date_gmt":"2025-12-06T15:12:14","guid":{"rendered":"https:\/\/www.europesays.com\/es\/274391\/"},"modified":"2025-12-06T15:12:14","modified_gmt":"2025-12-06T15:12:14","slug":"el-misil-que-movistar-team-puede-perder-por-culpa-del-uae-de-pogacar","status":"publish","type":"post","link":"https:\/\/www.europesays.com\/es\/274391\/","title":{"rendered":"el &#8216;misil&#8217; que Movistar Team puede perder por culpa del UAE de Pogacar"},"content":{"rendered":"<p>El sue\u00f1o por lograr un comienzo impecable del nuevo trienio 2025-2028 para <a href=\"https:\/\/ciclismoaldia.es\/movistar-team\" title=\"Movistar Team\" rel=\"nofollow noopener\" target=\"_blank\">Movistar Team<\/a> ha empezado. El equipo telef\u00f3nico se encuentra en pleno training camp en Valencia tras hacer un gran <a href=\"https:\/\/ciclismoaldia.es\/mercado-ciclista\" title=\"Mercado Ciclista\" rel=\"nofollow noopener\" target=\"_blank\">mercado ciclista<\/a>. Se han fichado corredores de mucho nivel, como Cian Uijtdebroeks, y cerrado renovaciones clave. Pero no todas, ya que <a href=\"https:\/\/ciclismoaldia.es\/lorenzo-milesi\" title=\"Lorenzo Milesi\" rel=\"nofollow noopener\" target=\"_blank\">Lorenzo Milesi<\/a> termina contrato en 2026.<\/p>\n<p>* Antes que nada, aclarar que no se trata de informaci\u00f3n ni de rumores. En el art\u00edculo se analiza la relevancia de Milesi actualmente y el motivo por el que puede interesar a gigantes del WorldTour.<\/p>\n<p>El italiano es <a href=\"https:\/\/ciclismoaldia.es\/ciclismo\/mercado-ciclista-los-10-corredores-de-movistar-team-que-se-jugaran-la-renovacion-en-2026\" target=\"_self\" rel=\"nofollow noopener\">uno de los 10 corredores de Movistar<\/a> cuyo v\u00ednculo con la escuadra de Eusebio Unzu\u00e9 llega a su fin la pr\u00f3xima temporada. En principio, se espera que su renovaci\u00f3n sea uno de los principales objetivos del equipo espa\u00f1ol durante la temporada, sobre todo tras su gran rendimiento en la finalizada campa\u00f1a 2025 en carretera.Pero, cuidado, porque al igual que su nivel ha subido, el inter\u00e9s de los gigantes WorldTour seguro que lo ha hecho tambi\u00e9n. No es ninguna locura pensar que Lorenzo Milesi se ha convertido en objetivo de equipos como <a href=\"https:\/\/ciclismoaldia.es\/uae-team-emirates-xrg\" title=\"UAE Team Emirates XRG\" rel=\"nofollow noopener\" target=\"_blank\">UAE Team Emirates XRG<\/a>. El conjunto de <a href=\"https:\/\/www.procyclingstats.com\/rider\/tadej-pogacar\" target=\"_blank\" rel=\"nofollow noopener\">Tadej Pogacar<\/a> est\u00e1 obsesionado con las victorias, y el italiano apunta a ser una gran estrella de las cl\u00e1sicas en el futuro a corto plazo.<\/p>\n<p>A sus 23 a\u00f1os, Lorenzo Milesi a\u00fan no ha podido levantar los brazos en ninguna carrera. Pero por sus cualidades, que le convierten en un aut\u00e9ntico misil para cl\u00e1sicas de media monta\u00f1a y, adem\u00e1s, en un seguro de vida para contrarrelojes, no se espera que tarde mucho en darle a Movistar Team una victoria m\u00e1s pronto que tarde en 2026.<\/p>\n<p>De hecho, no hay que olvidar que Milesi se convirti\u00f3 en campe\u00f3n del mundo contrarreloj sub 23 en el a\u00f1o 2023, donde super\u00f3 a otros grandes talentos de la disciplina como Alec Segaert, Ra\u00fal Garc\u00eda Pierna o Jakob Soderqvist. Una oportunidad como la suya en el mercado ciclista no pasar\u00e1 desapercibida, y si no es por parte del UAE, no la desaprovechar\u00e1n otros como Red Bull o Visma.<\/p>\n<p><img decoding=\"async\" width=\"500\" height=\"280\" loading=\"lazy\" src=\"https:\/\/www.europesays.com\/es\/wp-content\/uploads\/2025\/12\/milesi-1218265228-688648341fe0d.jpg@webp.webp\" class=\"w-auto h-auto\" alt=\"Lorenzo Milesi, ciclista de Movistar Team\"\/><\/p>\n<p>Lorenzo Milesi finaliza contrato con Movistar en 2026 y ser\u00e1 una gran oportunidad de mercado<\/p>\n<p>La explosi\u00f3n de Lorenzo Milesi en 2025<\/p>\n<p>Aunque ya hab\u00eda conseguido resultados prometedores en a\u00f1os anteriores, como el Top 2 en el Memorial Marco Pantani 2024 o el 5\u00ba puesto en el Mundial en Ruta sub 23 de 2023, no hay duda de que la segunda mitad de la temporada 2025 ha sido el momento de explosi\u00f3n de Milesi. El italiano se puso a Movistar a sus espaldas en el peor momento del a\u00f1o para el equipo, y fue:<\/p>\n<ul class=\"&#10;          list-outside pl-10&#10;          list-disc &#10;        \">\n<li class=\"[&amp;&gt;a]:text-primary dark:[&amp;&gt;a]:text-white [&amp;&gt;a]:underline md:text-lg text-base\">Top 2 y Top 3 en dos etapas del Tour de Valonia 2025, finalizando 3\u00ba en la clasificaci\u00f3n de los puntos.<\/li>\n<li class=\"[&amp;&gt;a]:text-primary dark:[&amp;&gt;a]:text-white [&amp;&gt;a]:underline md:text-lg text-base\">2\u00ba en la contrarreloj final del Tour de Polonia 2025, carrera WorldTour en la que solo le pudo superar otro especialista, Brandon McNulty, precisamente de UAE.<\/li>\n<li class=\"[&amp;&gt;a]:text-primary dark:[&amp;&gt;a]:text-white [&amp;&gt;a]:underline md:text-lg text-base\">Top 6 en la etapa final del Renewi Tour 2025.<\/li>\n<li class=\"[&amp;&gt;a]:text-primary dark:[&amp;&gt;a]:text-white [&amp;&gt;a]:underline md:text-lg text-base\">Top 5 en el Memorial Marco Pantani 2025.<\/li>\n<li class=\"[&amp;&gt;a]:text-primary dark:[&amp;&gt;a]:text-white [&amp;&gt;a]:underline md:text-lg text-base\">Top 5 en la Coppa Agostoni 2025.<\/li>\n<li class=\"[&amp;&gt;a]:text-primary dark:[&amp;&gt;a]:text-white [&amp;&gt;a]:underline md:text-lg text-base\">Fugado durante 178 km en una Tre Valli Varesine 2025 que gan\u00f3 Tadej Pogacar.<\/li>\n<\/ul>\n","protected":false},"excerpt":{"rendered":"El sue\u00f1o por lograr un comienzo impecable del nuevo trienio 2025-2028 para Movistar Team ha empezado. El equipo&hellip;\n","protected":false},"author":2,"featured_media":274392,"comment_status":"","ping_status":"","sticky":false,"template":"","format":"standard","meta":{"footnotes":""},"categories":[273],"tags":[313,312,168,25,24,67045,61328,8660,23,167,20407],"class_list":{"0":"post-274391","1":"post","2":"type-post","3":"status-publish","4":"format-standard","5":"has-post-thumbnail","7":"category-ciclismo","8":"tag-ciclismo","9":"tag-cycling","10":"tag-deportes","11":"tag-es","12":"tag-espana","13":"tag-lorenzo-milesi","14":"tag-mercado-ciclista","15":"tag-movistar-team","16":"tag-spain","17":"tag-sports","18":"tag-uae-team-emirates-xrg"},"share_on_mastodon":{"url":"https:\/\/pubeurope.com\/@es\/115673271442986672","error":""},"_links":{"self":[{"href":"https:\/\/www.europesays.com\/es\/wp-json\/wp\/v2\/posts\/274391","targetHints":{"allow":["GET"]}}],"collection":[{"href":"https:\/\/www.europesays.com\/es\/wp-json\/wp\/v2\/posts"}],"about":[{"href":"https:\/\/www.europesays.com\/es\/wp-json\/wp\/v2\/types\/post"}],"author":[{"embeddable":true,"href":"https:\/\/www.europesays.com\/es\/wp-json\/wp\/v2\/users\/2"}],"replies":[{"embeddable":true,"href":"https:\/\/www.europesays.com\/es\/wp-json\/wp\/v2\/comments?post=274391"}],"version-history":[{"count":0,"href":"https:\/\/www.europesays.com\/es\/wp-json\/wp\/v2\/posts\/274391\/revisions"}],"wp:featuredmedia":[{"embeddable":true,"href":"https:\/\/www.europesays.com\/es\/wp-json\/wp\/v2\/media\/274392"}],"wp:attachment":[{"href":"https:\/\/www.europesays.com\/es\/wp-json\/wp\/v2\/media?parent=274391"}],"wp:term":[{"taxonomy":"category","embeddable":true,"href":"https:\/\/www.europesays.com\/es\/wp-json\/wp\/v2\/categories?post=274391"},{"taxonomy":"post_tag","embeddable":true,"href":"https:\/\/www.europesays.com\/es\/wp-json\/wp\/v2\/tags?post=274391"}],"curies":[{"name":"wp","href":"https:\/\/api.w.org\/{rel}","templated":true}]}}