{"id":274395,"date":"2025-12-06T15:15:10","date_gmt":"2025-12-06T15:15:10","guid":{"rendered":"https:\/\/www.europesays.com\/es\/274395\/"},"modified":"2025-12-06T15:15:10","modified_gmt":"2025-12-06T15:15:10","slug":"isi-es-muy-importante-para-nosotros-y-me-tiene-a-su-lado-hay-que-saber-gestionar-las-situaciones","status":"publish","type":"post","link":"https:\/\/www.europesays.com\/es\/274395\/","title":{"rendered":"Isi es muy importante para nosotros y me tiene a su lado, hay que saber gestionar las situaciones"},"content":{"rendered":"<p>El\u00a0<a href=\"https:\/\/unionrayo.com\/\" rel=\"nofollow noopener\" target=\"_blank\">Rayo Vallecano<\/a>\u00a0visita este\u00a0<strong>domingo 7 de diciembre a las 18:30 horas al RCD Espanyol <\/strong>en el estadio del RCDE Stadium para disputar la 15\u00aa jornada de <a href=\"https:\/\/www.laliga.com\/es-GB\" target=\"_blank\" rel=\"noreferrer noopener nofollow\">LaLiga<\/a>. I\u00f1igo P\u00e9rez, en la previa del partido, ha atendido a los medios de comunicaci\u00f3n para analizar los temas clave antes del partido liguero.<\/p>\n<p>Declaraciones de I\u00f1igo P\u00e9rez en la rueda de prensa previa<\/p>\n<p>\u00abEl otro d\u00eda a nosotros nos cost\u00f3. Vimos como equipos de Primera Divisi\u00f3n quedaron eliminados y algunos sufrieron mucho. Coment\u00e9 que no iba a ser un partido trampa y que conoc\u00edamos las virtudes del mismo. Tuvimos que hacerlo mejor y no lo hicimos bien. Somos conscientes de la complicaci\u00f3n de estas eliminatorias, sabiendo que es complicado para cualquier equipo, pero no fue falta de actitud\u00bb.<\/p>\n<p>\u00abNo tengo la sensaci\u00f3n de que el equipo est\u00e9 mal o hayamos dejado de hacer cosas que hac\u00edamos antes. Sino que cada vez nos va a costar m\u00e1s por la continuidad de partidos y el desgaste f\u00edsico y mental que venimos comentando en las anteriores rueda de prensa. Hay un patr\u00f3n com\u00fan que es que el rival nos espera y nos conoce. Tenemos que seguir mejorando y dar m\u00e1s herramientas para no ser previsibles. Encima creo que va a ir a m\u00e1s. Es muy dif\u00edcil, pero aqu\u00ed voy a llevar la bandera de la m\u00e1xima exigencia. Tenemos que ser conscientes del contexto. Los rivales nos conocen y se protegen m\u00e1s\u00bb.<\/p>\n<p>\u00abEl futbolista del Rayo Vallecano y la afici\u00f3n desear\u00e1 que esto de jugar jueves \u2013 domingo perdure durante mucho tiempo. La exigencia tiene un peaje, antes ten\u00edamos unos d\u00edas para recuperarnos y ahora no los tenemos. Nuestra afici\u00f3n nos va a demandar que sigamos como el a\u00f1o pasado, les hemos acostumbrado a esto, entonces lo vamos a pelear. Es normal que nos vaya a costar\u00bb.<\/p>\n<p>\u00abEl partido ante el Espanyol es un duelo en el que los dos entrenadores sabemos que va a suceder de antemano. Tenemos que imponer nuestra idea en el campo, ya que somos dos equipos con un ritmo muy alto, queremos tener el bal\u00f3n en campo contrario. Seguramente sea un partido muy vivo y din\u00e1mico, tendremos que imponernos\u00bb.<\/p>\n<p>\u00abLo que hizo Manolo Gonz\u00e1lez el a\u00f1o pasado es de ser un gran entrenador de LaLiga. Sostuvo la ca\u00edda el a\u00f1o pasado y ahora transmite su idea. Parecido a lo que me sucedi\u00f3 a mi, pero yo no sostuve la ca\u00edda. Nosotros nos salvamos por los pocos puntos que hicieron los tres que descendieron. El Espanyol lo ha hecho muy bien, ha hecho un mercado de fichajes excelentes. La din\u00e1mica que llevan provoca que el Espanyol sea un equipo muy peligroso y no creo que la eliminaci\u00f3n de la Copa del Rey les vaya a afectar\u00bb.<\/p>\n<p>\u00abMe encanta Manolo Gonz\u00e1lez. Tengo una relaci\u00f3n muy buena con \u00e9l. Los entrenadores que se labran una trayectoria desde abajo y no con experiencia como jugador de f\u00fatbol es muy importante y que valoro mucho m\u00e1s que la forma en la que llego yo. Ha pasado todos los obst\u00e1culo y est\u00e1 siendo capaz de lo que est\u00e1 consiguiendo. Me alegro mucho porque ha subido todos los escalones y no viniendo del lema de que la mayor\u00eda de entrenadores son exfutbolistas, tiene mucho m\u00e9rito y me alegro\u00bb.<\/p>\n<p>\u00abLa Copa \u00c1frica son competiciones que se dan y perderemos jugadores, pero tambi\u00e9n alegr\u00eda porque jugadores del Rayo Vallecano que compitan en un torneo internacional. No haremos drama y desearemos lo mejor\u00bb.<\/p>\n<p>\u00abEl entrenador debe estar siempre al lado del jugador si ellos lo quieren. Cualquier persona cuando est\u00e9 bien o est\u00e9 mal debe disponer del entrenador. En el caso de Isi, \u00e9l es muy autoexigente consigo mismo, entiendo que no est\u00e1 en una fase de su juego brillante, pero es muy importante para nosotros. \u00c9l tiene que asumir que haya momentos en los que est\u00e1 mejor y momentos en los que est\u00e1 peor. Sabe que me tiene al lado suyo por si quiere hablar, si quiere hablar de f\u00fatbol o de lo que le sucede. Es algo que pertenece al f\u00fatbol, los estados de forma no son perenne. Lo m\u00e1s importante es sabes gestionarlos bien y no tener picos de insulina por todo el dulzor de alrededor y cuando recibes cr\u00edticas que tambi\u00e9n son algo que va adherido al f\u00fatbol, saber gestionarlas. Pronto le veremos mejor y sonriendo como siempre\u00bb.<\/p>\n<p>\u00abEl c\u00famulo de los partidos deja merma f\u00edsica, tenemos varios jugadores que en este \u00faltimo entrenamiento decidir\u00e1n si est\u00e1n disponibles, pero no puedo garantizar todos los que estuvieron. Randy Nteka est\u00e1 en la \u00faltima fase y puede que lo recuperemos. Ma\u00f1ana lo ver\u00e9is en la convocatoria. No nos toca otra cosa en el f\u00fatbol de \u00e9lite. Esta forma de f\u00fatbol ha llegado para quedarse y los futbolistas del Rayo est\u00e1n preparados para ella\u00bb.<\/p>\n","protected":false},"excerpt":{"rendered":"El\u00a0Rayo Vallecano\u00a0visita este\u00a0domingo 7 de diciembre a las 18:30 horas al RCD Espanyol en el estadio del RCDE&hellip;\n","protected":false},"author":2,"featured_media":274396,"comment_status":"","ping_status":"","sticky":false,"template":"","format":"standard","meta":{"footnotes":""},"categories":[268],"tags":[168,25,24,280,282,281,23,167],"class_list":{"0":"post-274395","1":"post","2":"type-post","3":"status-publish","4":"format-standard","5":"has-post-thumbnail","7":"category-futbol","8":"tag-deportes","9":"tag-es","10":"tag-espana","11":"tag-football","12":"tag-futbol","13":"tag-soccer","14":"tag-spain","15":"tag-sports"},"share_on_mastodon":{"url":"https:\/\/pubeurope.com\/@es\/115673283078215923","error":""},"_links":{"self":[{"href":"https:\/\/www.europesays.com\/es\/wp-json\/wp\/v2\/posts\/274395","targetHints":{"allow":["GET"]}}],"collection":[{"href":"https:\/\/www.europesays.com\/es\/wp-json\/wp\/v2\/posts"}],"about":[{"href":"https:\/\/www.europesays.com\/es\/wp-json\/wp\/v2\/types\/post"}],"author":[{"embeddable":true,"href":"https:\/\/www.europesays.com\/es\/wp-json\/wp\/v2\/users\/2"}],"replies":[{"embeddable":true,"href":"https:\/\/www.europesays.com\/es\/wp-json\/wp\/v2\/comments?post=274395"}],"version-history":[{"count":0,"href":"https:\/\/www.europesays.com\/es\/wp-json\/wp\/v2\/posts\/274395\/revisions"}],"wp:featuredmedia":[{"embeddable":true,"href":"https:\/\/www.europesays.com\/es\/wp-json\/wp\/v2\/media\/274396"}],"wp:attachment":[{"href":"https:\/\/www.europesays.com\/es\/wp-json\/wp\/v2\/media?parent=274395"}],"wp:term":[{"taxonomy":"category","embeddable":true,"href":"https:\/\/www.europesays.com\/es\/wp-json\/wp\/v2\/categories?post=274395"},{"taxonomy":"post_tag","embeddable":true,"href":"https:\/\/www.europesays.com\/es\/wp-json\/wp\/v2\/tags?post=274395"}],"curies":[{"name":"wp","href":"https:\/\/api.w.org\/{rel}","templated":true}]}}