{"id":274409,"date":"2025-12-06T15:23:14","date_gmt":"2025-12-06T15:23:14","guid":{"rendered":"https:\/\/www.europesays.com\/es\/274409\/"},"modified":"2025-12-06T15:23:14","modified_gmt":"2025-12-06T15:23:14","slug":"llamamiento-a-la-prevencion-mundial","status":"publish","type":"post","link":"https:\/\/www.europesays.com\/es\/274409\/","title":{"rendered":"llamamiento a la prevenci\u00f3n mundial"},"content":{"rendered":"<p>              <strong>TP<\/strong><\/p>\n<p>Abrimos con las palabras de <strong>Jos\u00e9 Fley<\/strong>, t\u00e9cnico y educador para la salud en el grupo de trabajo de tratamientos del VIH. El pasado lunes ten\u00eda lugar el <strong>D\u00eda Internacional de la lucha contra el SIDA<\/strong> y en el programa Europa Abierta trataban el tema con \u00e9l, haciendo hincapi\u00e9 en la prevenci\u00f3n, protecci\u00f3n y tratamiento de esta enfermedad.<\/p>\n<p>Seguimos en <strong>MercaMadrid<\/strong> donde Espa\u00f1oles en la mar pas\u00f3 la madrugada para conocer c\u00f3mo funciona el mercado l\u00edder en Europa en comercializaci\u00f3n de productos del mar.<\/p>\n<p>Otro tema de actualidad, por desgracia, es el suicidio, por ello nuestros compa\u00f1eros de A golpe de bit han querido explicar c\u00f3mo el <strong>proyecto STOP<\/strong> utiliza modelos de inteligencia artificial para identificar se\u00f1ales tempranas de riesgo suicida en redes sociales y activar alertas que ya han salvado vidas.<\/p>\n<p>Y terminamos con Cultura con \u00d1, donde hablaron y mucho de la exposici\u00f3n: <strong>Memoria visual de la Transici\u00f3n (1976-1979)<\/strong>, donde El Paseo de <strong>Fern\u00e1n N\u00fa\u00f1ez<\/strong>, del Parque de El Retiro de Madrid, se convierte hasta el pr\u00f3ximo 25 de febrero en un recorrido abierto por la historia reciente de la capital.<\/p>\n","protected":false},"excerpt":{"rendered":"TP Abrimos con las palabras de Jos\u00e9 Fley, t\u00e9cnico y educador para la salud en el grupo de&hellip;\n","protected":false},"author":2,"featured_media":274410,"comment_status":"","ping_status":"","sticky":false,"template":"","format":"standard","meta":{"footnotes":""},"categories":[92],"tags":[67062,25,24,165,67061,133,1448,1986,1987,166,23],"class_list":{"0":"post-274409","1":"post","2":"type-post","3":"status-publish","4":"format-standard","5":"has-post-thumbnail","7":"category-salud","8":"tag-dia-mundial-del-sida-llamamiento-a-la-prevencion-mundial","9":"tag-es","10":"tag-espana","11":"tag-health","12":"tag-lo-mejor-de-la-semana-en-radio-exterior-de-espana","13":"tag-online","14":"tag-radio","15":"tag-rne","16":"tag-rtve-play","17":"tag-salud","18":"tag-spain"},"share_on_mastodon":{"url":"https:\/\/pubeurope.com\/@es\/115673314708492391","error":""},"_links":{"self":[{"href":"https:\/\/www.europesays.com\/es\/wp-json\/wp\/v2\/posts\/274409","targetHints":{"allow":["GET"]}}],"collection":[{"href":"https:\/\/www.europesays.com\/es\/wp-json\/wp\/v2\/posts"}],"about":[{"href":"https:\/\/www.europesays.com\/es\/wp-json\/wp\/v2\/types\/post"}],"author":[{"embeddable":true,"href":"https:\/\/www.europesays.com\/es\/wp-json\/wp\/v2\/users\/2"}],"replies":[{"embeddable":true,"href":"https:\/\/www.europesays.com\/es\/wp-json\/wp\/v2\/comments?post=274409"}],"version-history":[{"count":0,"href":"https:\/\/www.europesays.com\/es\/wp-json\/wp\/v2\/posts\/274409\/revisions"}],"wp:featuredmedia":[{"embeddable":true,"href":"https:\/\/www.europesays.com\/es\/wp-json\/wp\/v2\/media\/274410"}],"wp:attachment":[{"href":"https:\/\/www.europesays.com\/es\/wp-json\/wp\/v2\/media?parent=274409"}],"wp:term":[{"taxonomy":"category","embeddable":true,"href":"https:\/\/www.europesays.com\/es\/wp-json\/wp\/v2\/categories?post=274409"},{"taxonomy":"post_tag","embeddable":true,"href":"https:\/\/www.europesays.com\/es\/wp-json\/wp\/v2\/tags?post=274409"}],"curies":[{"name":"wp","href":"https:\/\/api.w.org\/{rel}","templated":true}]}}