{"id":274415,"date":"2025-12-06T15:26:11","date_gmt":"2025-12-06T15:26:11","guid":{"rendered":"https:\/\/www.europesays.com\/es\/274415\/"},"modified":"2025-12-06T15:26:11","modified_gmt":"2025-12-06T15:26:11","slug":"la-alternativa-total-de-lidl-para-calentar-la-casa-sin-obras-por-menos-de-30-euros","status":"publish","type":"post","link":"https:\/\/www.europesays.com\/es\/274415\/","title":{"rendered":"la alternativa total de Lidl para calentar la casa sin obras por menos de 30 euros"},"content":{"rendered":"<p>\n        El\u00a0<strong>fr\u00edo\u00a0<\/strong>es el protagonista indiscutible de estos d\u00edas. Ya metidos en diciembre, l<strong>as calles registran temperaturas muy bajas.<\/strong>\u00a0Algo que tambi\u00e9n se puede ver en\u00a0<strong>muchos hogares que siguen apostando por la calefacci\u00f3n tradicional<\/strong>, pero sin ser conscientes de que puede haber alternativas mejores. Y una de ellas se puede encontrar en\u00a0<a href=\"https:\/\/www.noticiasdenavarra.com\/tags\/lidl\/\" title=\"Lidl\" class=\"link copy\" rel=\"nofollow noopener\" target=\"_blank\">Lidl<\/a>.\u00a0\n<\/p>\n<p class=\"article-body__text \">\n        Hablamos\u00a0<strong>del calentador t\u00e9rmico de pared Tronic<\/strong>, que puede ser un buen recurso para<strong>\u00a0afrontar con garant\u00edas el ambiente helador de estas fechas<\/strong>\u00a0de la mejor manera posible y sin gastar mucho dinero en su compra.\u00a0\n<\/p>\n<p>  Calentar r\u00e1pido y de manera eficaz<\/p>\n<p class=\"article-body__text \">\n        El\u00a0<strong>calentador cer\u00e1mico Tronic de Lidl\u00a0<\/strong>es una\u00a0<strong>soluci\u00f3n efectiva para aguantar el fr\u00edo en cualquier parte de la\u00a0casa<\/strong>. Es un producto que viene con<strong>\u00a0un calefactor PTC<\/strong>, tecnolog\u00eda que llega r\u00e1pidamente a la temperatura deseada y de forma estable.\u00a0\n<\/p>\n<p class=\"article-body__text \">\n        Adem\u00e1s, esta funci\u00f3n viene acompa\u00f1ada de\u00a0<strong>una oscilaci\u00f3n conectable con la que el flujo de aire caliente se reparte de forma equilibrada a lo largo y ancho de las habitaciones<\/strong>, de la manera m\u00e1s eficiente posible. Tambi\u00e9n tiene un sistema de apagado autom\u00e1tico para no sobrecalentarse.\u00a0\n<\/p>\n<p class=\"article-body__text \">\n        Entre sus detalles, tenemos\u00a0<strong>una pantalla LED con termostato digital y un temporizador integrado<\/strong>. Dos aspectos con los que<strong>\u00a0gestionar la duraci\u00f3n y la intensidad del calentador,<\/strong>\u00a0gracias a un panel intuitivo que viene en el dispositivo.\u00a0\n<\/p>\n<p class=\"article-photo__footer\">\n            El calentador cer\u00e1mico de pared 1150 &#8211; 2000 W Tronic de Lidl                    <\/p>\n<p>  Dos niveles de potencia y control remoto<\/p>\n<p class=\"article-body__text \">\n        Este invento de Lidl tiene\u00a0<strong>dos niveles de potencia,<\/strong>\u00a0alrededor de\u00a0<strong>1150 y 2000 W.<\/strong>\u00a0Dos modos que sirven para <a href=\"https:\/\/www.noticiasdenavarra.com\/tags\/calor\/\" title=\"ajustar el\u00a0calor\" class=\"link copy\" rel=\"nofollow noopener\" target=\"_blank\"><strong>ajustar el\u00a0calor<\/strong><\/a><strong>\u00a0<\/strong>dependiendo de la zona de la casa, sobre todo en lugares comunes como, por ejemplo,\u00a0<strong>dormitorios, ba\u00f1os o salones.<\/strong>\n<\/p>\n<p class=\"article-body__text \">\n        Para regular la temperatura,\u00a0<strong>el calentador tiene un mando a distancia con bater\u00eda incorporada<\/strong>, sin tener que levantarse de la cama o el sof\u00e1. Por lo tanto, usar este producto son todo facilidades.\u00a0\n<\/p>\n<p class=\"article-body__text \">\n        Asimismo, su\u00a0<strong>instalaci\u00f3n\u00a0<\/strong>es otro aspecto que vale la pena recordar: est\u00e1 dise\u00f1ado de modo que<strong>\u00a0se puede montar f\u00e1cilmente en la pared<\/strong>, con todo el material necesario para poder colocarlo en el hogar.\u00a0\n<\/p>\n<p>  Medidas y precio del producto\u00a0<\/p>\n<p class=\"article-body__text \">\n        Este aparato de Lidl tiene<strong>\u00a050 cent\u00edmetros de ancho, 17 cm de alto y 11 cm de profundidad<\/strong>. Medidas ideales para poder<strong>\u00a0desplazar sin problemas a cualquier estancia de la vivienda y colocarlo<\/strong>, aunque haya poco espacio disponible.\u00a0\n<\/p>\n<p class=\"article-body__text \">\n        Respecto al precio,\u00a0<strong>se encuentra a la venta por tan solo 29,99 euros<\/strong>. Es, en definitiva,<strong>\u00a0un producto econ\u00f3mico con el que calentar la casa sin gastar mucho dinero<\/strong>, y de la mano de una de las marcas m\u00e1s fiables del mercado en decoraci\u00f3n y\u00a0<a href=\"https:\/\/www.noticiasdenavarra.com\/tags\/hogar\/\" title=\"hogar\" class=\"link copy\" rel=\"nofollow noopener\" target=\"_blank\">hogar<\/a>.\n<\/p>\n<p>  Conociendo Lidl<\/p>\n<p class=\"article-body__text \">\n        <a href=\"https:\/\/www.noticiasdenavarra.com\/tags\/lidl\/\" title=\"Lidl\" class=\"link copy\" rel=\"nofollow noopener\" target=\"_blank\"><strong>Lidl<\/strong><\/a><strong>\u00a0<\/strong>es\u00a0<strong>una cadena de supermercados que se cre\u00f3 en Alemania en los a\u00f1os 30.<\/strong>\u00a0Su modelo de negocio apuesta por tiendas de bajo precio en diferentes categor\u00edas como la alimentaci\u00f3n, el hogar, la moda, etc. La mayor\u00eda de productos de esta multinacional son asequibles,<strong>\u00a0con una calidad relaci\u00f3n-precio asegurada<\/strong>. Por ese motivo, es una marca accesible para\u00a0<strong>cualquier bolsillo<\/strong>, independientemente del presupuesto que se maneje.<\/p>\n","protected":false},"excerpt":{"rendered":"El\u00a0fr\u00edo\u00a0es el protagonista indiscutible de estos d\u00edas. Ya metidos en diciembre, las calles registran temperaturas muy bajas.\u00a0Algo que&hellip;\n","protected":false},"author":2,"featured_media":274416,"comment_status":"","ping_status":"","sticky":false,"template":"","format":"standard","meta":{"footnotes":""},"categories":[80],"tags":[6831,14388,82,57936,95,94,25,24,8883,23,1627],"class_list":{"0":"post-274415","1":"post","2":"type-post","3":"status-publish","4":"format-standard","5":"has-post-thumbnail","7":"category-economia","8":"tag-adios","9":"tag-alternativa","10":"tag-business","11":"tag-calefaccion","12":"tag-economia","13":"tag-economy","14":"tag-es","15":"tag-espana","16":"tag-lidl","17":"tag-spain","18":"tag-total"},"share_on_mastodon":{"url":"https:\/\/pubeurope.com\/@es\/115673326258439467","error":""},"_links":{"self":[{"href":"https:\/\/www.europesays.com\/es\/wp-json\/wp\/v2\/posts\/274415","targetHints":{"allow":["GET"]}}],"collection":[{"href":"https:\/\/www.europesays.com\/es\/wp-json\/wp\/v2\/posts"}],"about":[{"href":"https:\/\/www.europesays.com\/es\/wp-json\/wp\/v2\/types\/post"}],"author":[{"embeddable":true,"href":"https:\/\/www.europesays.com\/es\/wp-json\/wp\/v2\/users\/2"}],"replies":[{"embeddable":true,"href":"https:\/\/www.europesays.com\/es\/wp-json\/wp\/v2\/comments?post=274415"}],"version-history":[{"count":0,"href":"https:\/\/www.europesays.com\/es\/wp-json\/wp\/v2\/posts\/274415\/revisions"}],"wp:featuredmedia":[{"embeddable":true,"href":"https:\/\/www.europesays.com\/es\/wp-json\/wp\/v2\/media\/274416"}],"wp:attachment":[{"href":"https:\/\/www.europesays.com\/es\/wp-json\/wp\/v2\/media?parent=274415"}],"wp:term":[{"taxonomy":"category","embeddable":true,"href":"https:\/\/www.europesays.com\/es\/wp-json\/wp\/v2\/categories?post=274415"},{"taxonomy":"post_tag","embeddable":true,"href":"https:\/\/www.europesays.com\/es\/wp-json\/wp\/v2\/tags?post=274415"}],"curies":[{"name":"wp","href":"https:\/\/api.w.org\/{rel}","templated":true}]}}