{"id":274442,"date":"2025-12-06T15:48:15","date_gmt":"2025-12-06T15:48:15","guid":{"rendered":"https:\/\/www.europesays.com\/es\/274442\/"},"modified":"2025-12-06T15:48:15","modified_gmt":"2025-12-06T15:48:15","slug":"la-nave-espacial-de-la-ultima-mision-de-la-nasa-ya-ha-tomado-su-primera-selfie-durante-su-largo-viaje-a-marte","status":"publish","type":"post","link":"https:\/\/www.europesays.com\/es\/274442\/","title":{"rendered":"La nave espacial de la \u00faltima misi\u00f3n de la NASA ya ha tomado su primera &#8216;selfie&#8217; durante su largo viaje a Marte"},"content":{"rendered":"<p>La <a title=\"NASA\" href=\"https:\/\/www.larazon.es\/tags\/nasa-1\" target=\"_blank\" rel=\"nofollow noopener\">NASA<\/a> sigue orquestando nuevas misiones espaciales para seguir descifrando los enigm\u00e1ticos misterios y los desconocidos or\u00edgenes del Universo y sus cuerpos celestes. Una de sus misiones m\u00e1s ambiciosas consiste en <b>llevar a <a title=\"Marte\" href=\"https:\/\/www.larazon.es\/tags\/marte-1\" target=\"_blank\" rel=\"nofollow noopener\">Marte<\/a> dos naves espaciales completamente id\u00e9nticas que orbitar\u00e1n alrededor del planeta<\/b> con el objetivo principal de estudiar el comportamiento de los vientos solares en su interacci\u00f3n con el campo magn\u00e9tico del gigante rojo.<\/p>\n<p>Estas dos naves espaciales son conocidas popularmente como las dos naves espaciales gemelas de la NASA y pertenecen a la misi\u00f3n <b>ESCAPADE (Escape and Plasma Acceleration and Dynamics Explorers)<\/b>. Ambas sondas despegaron el d\u00eda 13 de noviembre de 2025 a bordo del cohete espacial <b>New Glenn<\/b> de Blue Origin.<\/p>\n<p>Lanzamiento de las sondas espaciales de la misi\u00f3n ESCAPADE de la NASA en Cabo Ca\u00f1averal, Florida.<\/p>\n<p>Primera fotograf\u00eda oficial de la misi\u00f3n espacial ESCAPADE, el arte de detener el espacio-tiempo<\/p>\n<p>Dicen que el arte de la fotograf\u00eda es la mejor expresi\u00f3n humana para detener el tiempo, pero en la inmensidad del espacio el t\u00e9rmino \u00abtiempo\u00bb es muy relativo. Sea como fuere, <b>una de las sondas de la misi\u00f3n ESCAPADE ha plasmado en un instante eterno sus primeras selfies<\/b> como m\u00e9todo de comprobaci\u00f3n de que su c\u00e1mara funciona correctamente antes de seguir adentr\u00e1ndose en las abismales profundidades del espacio durante su largo recorrido hacia Marte.<\/p>\n<p><img decoding=\"async\" loading=\"lazy\" src=\"https:\/\/www.europesays.com\/es\/wp-content\/uploads\/2025\/12\/primera-fotografia-sondas-mision-escapade-nasa_58.jpg\" alt=\"Primera fotograf\u00eda de las sondas de la misi\u00f3n ESCAPADE de la NASA\" width=\"1313\" height=\"799\"\/><b>Primera fotograf\u00eda de las sondas de la misi\u00f3n ESCAPADE de la NASA<\/b>NASA<\/p>\n<p>Las primeras im\u00e1genes enviadas desde las dos naves gemelas de la NASA <b>muestran el lateral de los paneles solares de una de las dos sondas<\/b>. A la izquierda, vemos una fotograf\u00eda tomada con la c\u00e1mara de luz visible, mientras que; a la derecha, se puede apreciar una imagen tomada con el sistema de observaci\u00f3n de infrarrojos de la sonda.<\/p>\n<p>En esta \u00faltima \u00abselfie espacial\u00bb vemos los puntos m\u00e1s calientes del panel solar, con tonalidades naranjas y amarillas; y las \u00e1reas m\u00e1s fr\u00edas del panel, bajo unos tonos morados, violetas y negros que acompa\u00f1an al borde de los paneles solares.<\/p>\n<p>El objetivo principal de las sondas gemelas de ESCAPADE: el estudio de su atm\u00f3sfera y&#8230; \u00bflas auroras boreales?<\/p>\n<p>Las sondas gemelas de la misi\u00f3n ESCAPADE han sido construidas por <b>Rocket Lab<\/b>. Tal y como <a title=\"informan desde la NASA\" href=\"https:\/\/science.nasa.gov\/blogs\/escapade\/2025\/11\/24\/nasas-mars-bound-escapade-mission-captures-first-selfies\/\" target=\"_blank\" rel=\"nofollow noopener\">informan desde la NASA<\/a>, una vez completen su viaje a Marte orbitar\u00e1n alrededor del planeta para analizar el material que dejan los vientos solares al entrar en contacto con el entorno de la magnetosfera de nuestro querido y des\u00e9rtico planeta vecino. Esto nos permitir\u00e1 conocer <b>c\u00f3mo Marte fue perdiendo el aire de su atm\u00f3sfera<\/b> a lo largo de miles de millones de a\u00f1os y comprender mejor los <b>efectos clim\u00e1ticos<\/b> en su superficie.<\/p>\n<p>Este estudio de los campos magn\u00e9ticos de Marte y su comportamiento con los vientos solares podr\u00eda resultar muy interesante para la comunidad cient\u00edfica, ya que adicionalmente tambi\u00e9n ofrecer\u00e1 la posibilidad de <b>descubrir c\u00f3mo se forman las auroras boreales<\/b> del des\u00e9rtico gigante rojo, as\u00ed como obtener fotograf\u00edas de mayor calidad con sus c\u00e1maras desde la \u00f3rbita marciana. Es cierto que <a title=\"el planeta tiene una atm\u00f3sfera muy fina\" href=\"https:\/\/www.larazon.es\/ciencia\/evento-solar-que-volo-atmosfera-marte-puede-volver-ocurrir-tierra_20231215657c1ac829f3180001792a1e.html\" target=\"_blank\" rel=\"nofollow noopener\">el planeta tiene una atm\u00f3sfera muy fina<\/a>, pero sus campos magn\u00e9ticos son muy activos e interact\u00faan con las part\u00edculas del Sol para producir emisiones de luz al entrar en contacto con los protones y electrones del astro solar.<\/p>\n<p>Aunque estas auroras boreales marcianas no se concentran en los polos, tal como sucede en la Tierra, sino que pueden aparecer en diferentes \u00e1reas del cielo, en ocasiones de forma difusa y con una intensidad mucho m\u00e1s d\u00e9bil que en los fr\u00edos polos terr\u00edcolas.<\/p>\n<p><img decoding=\"async\" loading=\"lazy\" src=\"https:\/\/www.europesays.com\/es\/wp-content\/uploads\/2025\/12\/imagen-comparativa-tomada-supercam-rover-perseverance-nasa-izquierda-cielo-aurora-boreal-tonos-verde.webp\" alt=\"Imagen comparativa tomada por la SuperCam del rover Perseverance de la NASA. A la izquierda, el cielo bajo una aurora boreal de tonos verdes. A la derecha, el cielo sin aurora boreal.\" width=\"1880\" height=\"702\"\/><b>Imagen comparativa tomada por la SuperCam del rover Perseverance de la NASA. A la izquierda, el cielo bajo una aurora boreal de tonos verdes. A la derecha, el cielo sin aurora boreal.<\/b>PerseveranceNASA<\/p>\n<p>El viaje de las sondas gemelas ser\u00e1 un viaje largo, muy largo, cuyo recorrido pasar\u00e1 de nuevo por la gran perla azul del Sistema Solar. Y es que, durante el mes de noviembre de 2026, las naves espaciales de la NASA <b>volver\u00e1n a la Tierra para utilizar <a title=\"la gravedad del planeta\" href=\"https:\/\/www.larazon.es\/internacional\/asia\/20220114\/ur66esuairh23mgrladll6bmfa.html\" target=\"_blank\" rel=\"nofollow noopener\">la gravedad del planeta<\/a> e impulsarse a mayores velocidades hacia Marte<\/b>.<\/p>\n<p>No aterrizar\u00e1n en la polvareda marciana, pero iniciar\u00e1n su \u00f3rbita alrededor del astro rojizo en <b>septiembre de 2027<\/b>.<\/p>\n<p>Por otra parte, recientemente <a title=\"descubr\u00edamos m\u00e1s datos acerca de los endiablados vientos huracanados de las tormentas de polvo de Marte\" href=\"https:\/\/www.larazon.es\/tecnologia-consumo\/ciencia-equivocaba-marte-planeta-rojo-mucho-mas-violento-que-nadie-imagino_202511146916519beba8bc0ecef89699.html\" target=\"_blank\" rel=\"nofollow noopener\">descubr\u00edamos m\u00e1s datos acerca de los endiablados vientos huracanados de las tormentas de polvo de Marte<\/a>. Al parecer, el planeta rojo es mucho m\u00e1s violento de lo que imaginaba la comunidad cient\u00edfica, sus vientos alcanzan unas velocidades de hasta 158 km\/h, siendo mucho m\u00e1s frecuentes en las vastas llanuras de Amazonis Planitia y Elysium Planitia.<\/p>\n","protected":false},"excerpt":{"rendered":"La NASA sigue orquestando nuevas misiones espaciales para seguir descifrando los enigm\u00e1ticos misterios y los desconocidos or\u00edgenes del&hellip;\n","protected":false},"author":2,"featured_media":274443,"comment_status":"","ping_status":"","sticky":false,"template":"","format":"standard","meta":{"footnotes":""},"categories":[81],"tags":[119,123,124,25,24,117,121,122,23,118,120],"class_list":{"0":"post-274442","1":"post","2":"type-post","3":"status-publish","4":"format-standard","5":"has-post-thumbnail","7":"category-ciencia-y-tecnologia","8":"tag-ciencia","9":"tag-ciencia-y-tecnologia","10":"tag-cienciaytecnologia","11":"tag-es","12":"tag-espana","13":"tag-science","14":"tag-science-and-technology","15":"tag-scienceandtechnology","16":"tag-spain","17":"tag-technology","18":"tag-tecnologia"},"share_on_mastodon":{"url":"https:\/\/pubeurope.com\/@es\/115673414293422113","error":""},"_links":{"self":[{"href":"https:\/\/www.europesays.com\/es\/wp-json\/wp\/v2\/posts\/274442","targetHints":{"allow":["GET"]}}],"collection":[{"href":"https:\/\/www.europesays.com\/es\/wp-json\/wp\/v2\/posts"}],"about":[{"href":"https:\/\/www.europesays.com\/es\/wp-json\/wp\/v2\/types\/post"}],"author":[{"embeddable":true,"href":"https:\/\/www.europesays.com\/es\/wp-json\/wp\/v2\/users\/2"}],"replies":[{"embeddable":true,"href":"https:\/\/www.europesays.com\/es\/wp-json\/wp\/v2\/comments?post=274442"}],"version-history":[{"count":0,"href":"https:\/\/www.europesays.com\/es\/wp-json\/wp\/v2\/posts\/274442\/revisions"}],"wp:featuredmedia":[{"embeddable":true,"href":"https:\/\/www.europesays.com\/es\/wp-json\/wp\/v2\/media\/274443"}],"wp:attachment":[{"href":"https:\/\/www.europesays.com\/es\/wp-json\/wp\/v2\/media?parent=274442"}],"wp:term":[{"taxonomy":"category","embeddable":true,"href":"https:\/\/www.europesays.com\/es\/wp-json\/wp\/v2\/categories?post=274442"},{"taxonomy":"post_tag","embeddable":true,"href":"https:\/\/www.europesays.com\/es\/wp-json\/wp\/v2\/tags?post=274442"}],"curies":[{"name":"wp","href":"https:\/\/api.w.org\/{rel}","templated":true}]}}