{"id":274447,"date":"2025-12-06T15:51:10","date_gmt":"2025-12-06T15:51:10","guid":{"rendered":"https:\/\/www.europesays.com\/es\/274447\/"},"modified":"2025-12-06T15:51:10","modified_gmt":"2025-12-06T15:51:10","slug":"ultima-hora-de-la-actualidad-politica-en-directo-sanchez-reivindica-la-sanidad-publica-frente-a-las-privatizaciones-de-las-administraciones-del-pp-espana","status":"publish","type":"post","link":"https:\/\/www.europesays.com\/es\/274447\/","title":{"rendered":"\u00daltima hora de la actualidad pol\u00edtica, en directo | S\u00e1nchez reivindica la sanidad p\u00fablica frente a las \u201cprivatizaciones de las administraciones del PP\u201d | Espa\u00f1a"},"content":{"rendered":"<p class=\"ev-title\">Yolanda D\u00edaz llama a defender las instituciones y hacer una \u201crelectura\u201d del mandato constitucional<\/p>\n<p>La vicepresidenta segunda del Gobierno \u00a0y l\u00edder de Sumar, Yolanda D\u00edaz, ha hecho este s\u00e1bado una llamada a \u201cdefender las instituciones, la legalidad y hacer una relectura del mandato constitucional\u201d.\u00a0<\/p>\n<p>\u201cQueremos hacer un replanteamiento sereno en una Constituci\u00f3n que nace en las calles con las luchas del movimiento obrero, muchos asesinatos en las calles, la lucha de las mujeres, de los estudiantes, con mucho sufrimiento\u201d, ha manifestado.\u00a0<br \/>D\u00edaz ha querido referirse al art\u00edculo 47, que se refiere al derecho a la vivienda. \u00a0<\/p>\n<p>\u201cToca desarrollar el estado social. Lo necesitamos m\u00e1s que nunca: trabajo, sanidad y educaci\u00f3n de calidad\u201d, ha sostenido. \u00a0<br \/>\u201cLa vivienda es hoy el principal negocio en nuestro pa\u00eds. Ha llegado el momento de cumplir con el mandato constitucional y bajar los precios de la vivienda.(\u2026) Hoy la f\u00e1brica de la desigualdad en Espa\u00f1a se llama vivienda\u201d, ha concluido.<\/p>\n","protected":false},"excerpt":{"rendered":"Yolanda D\u00edaz llama a defender las instituciones y hacer una \u201crelectura\u201d del mandato constitucional La vicepresidenta segunda del&hellip;\n","protected":false},"author":2,"featured_media":274448,"comment_status":"","ping_status":"","sticky":false,"template":"","format":"standard","meta":{"footnotes":""},"categories":[8],"tags":[6069,17,18,4456,11298,25,24,13,14,11,3837,19,20,9,10,15,16,2959,952,956,1699,23,4453,12,21,22,4454],"class_list":{"0":"post-274447","1":"post","2":"type-post","3":"status-publish","4":"format-standard","5":"has-post-thumbnail","7":"category-espana","8":"tag-alberto-nunez-feijoo","9":"tag-breaking-news","10":"tag-breakingnews","11":"tag-congreso-diputados","12":"tag-constitucion","13":"tag-es","14":"tag-espana","15":"tag-featured-news","16":"tag-featurednews","17":"tag-headlines","18":"tag-juntsxcat","19":"tag-latest-news","20":"tag-latestnews","21":"tag-news","22":"tag-noticias","23":"tag-noticias-destacadas","24":"tag-noticiasdestacadas","25":"tag-pedro-sanchez","26":"tag-politica","27":"tag-pp","28":"tag-psoe","29":"tag-spain","30":"tag-sumar","31":"tag-titulares","32":"tag-ultimas-noticias","33":"tag-ultimasnoticias","34":"tag-yolanda-diaz"},"share_on_mastodon":{"url":"","error":"Validation failed: Text character limit of 500 exceeded"},"_links":{"self":[{"href":"https:\/\/www.europesays.com\/es\/wp-json\/wp\/v2\/posts\/274447","targetHints":{"allow":["GET"]}}],"collection":[{"href":"https:\/\/www.europesays.com\/es\/wp-json\/wp\/v2\/posts"}],"about":[{"href":"https:\/\/www.europesays.com\/es\/wp-json\/wp\/v2\/types\/post"}],"author":[{"embeddable":true,"href":"https:\/\/www.europesays.com\/es\/wp-json\/wp\/v2\/users\/2"}],"replies":[{"embeddable":true,"href":"https:\/\/www.europesays.com\/es\/wp-json\/wp\/v2\/comments?post=274447"}],"version-history":[{"count":0,"href":"https:\/\/www.europesays.com\/es\/wp-json\/wp\/v2\/posts\/274447\/revisions"}],"wp:featuredmedia":[{"embeddable":true,"href":"https:\/\/www.europesays.com\/es\/wp-json\/wp\/v2\/media\/274448"}],"wp:attachment":[{"href":"https:\/\/www.europesays.com\/es\/wp-json\/wp\/v2\/media?parent=274447"}],"wp:term":[{"taxonomy":"category","embeddable":true,"href":"https:\/\/www.europesays.com\/es\/wp-json\/wp\/v2\/categories?post=274447"},{"taxonomy":"post_tag","embeddable":true,"href":"https:\/\/www.europesays.com\/es\/wp-json\/wp\/v2\/tags?post=274447"}],"curies":[{"name":"wp","href":"https:\/\/api.w.org\/{rel}","templated":true}]}}