{"id":274475,"date":"2025-12-06T16:14:09","date_gmt":"2025-12-06T16:14:09","guid":{"rendered":"https:\/\/www.europesays.com\/es\/274475\/"},"modified":"2025-12-06T16:14:09","modified_gmt":"2025-12-06T16:14:09","slug":"esta-jugando-a-cosas-muy-peligrosas","status":"publish","type":"post","link":"https:\/\/www.europesays.com\/es\/274475\/","title":{"rendered":"\u00abEst\u00e1 jugando a cosas muy peligrosas\u00bb"},"content":{"rendered":"<p style=\"\">Alberto N\u00fa\u00f1ez Feij\u00f3o encarn\u00f3 la defensa de la Constituci\u00f3n en <a href=\"https:\/\/www.abc.es\/espana\/sanchez-asume-responsabilidad-salazar-primera-persona-20251206135757-nt.html\" target=\"_self\" data-voc-vtm-id=\"in-text-traffic\" title=\"este 6 de diciembre\" data-mrf-link=\"www.abc.es\" rel=\"nofollow noopener\">este 6 de diciembre<\/a>, acusando a Pedro S\u00e1nchez de liderar el Gobierno \u00abque m\u00e1s la ha atacado\u00bb en los 47 a\u00f1os de Carta Magna. El acto institucional del Congreso de los Diputados estuvo marcado  &#8230; por la ausencia de Vox, que de nuevo decidi\u00f3 no participar. <strong>\u00abVox est\u00e1 jugando a cosas que me parecen muy peligrosas\u00bb,<\/strong> dijo el l\u00edder del PP en conversaci\u00f3n informal con los periodistas durante los corrillos de la recepci\u00f3n en la C\u00e1mara Baja.<\/p>\n<p class=\"voc-p\" style=\"\">Feij\u00f3o considera que esta deriva -Santiago Abascal decidi\u00f3 a partir del 12 de octubre, D\u00eda de la Fiesta Nacional- que no iba a participar en m\u00e1s actos, tampoco los presididos por el Rey, mientras S\u00e1nchez siga en el Gobierno, es una equivocaci\u00f3n. \u00abLa Constituci\u00f3n no es S\u00e1nchez, ni el Ejecutivo. Es de todos los espa\u00f1oles\u00bb, apostillaban despu\u00e9s distintos dirigentes populares congregados en el Congreso.<\/p>\n<p class=\"voc-p\" style=\"\">El l\u00edder popular lleg\u00f3 a Madrid despu\u00e9s de hacer campa\u00f1a durante dos d\u00edas en Extremadura, donde Vox est\u00e1 desplegando toda la dureza contra su partido y la presidenta, <strong>Mar\u00eda Guardiola<\/strong>.<\/p>\n<p class=\"voc-p\" style=\"\">A su llegada al Congreso, acompa\u00f1ado de varios presidentes auton\u00f3micos, Feij\u00f3o asegur\u00f3 que adquiere en primera persona \u00abel compromiso\u00bb de dejar \u00abuna \u00e9poca decadente de la pol\u00edtica espa\u00f1ola, una d\u00e9cada disolvente de la pol\u00edtica espa\u00f1ola\u00bb para ofrecer, cuando llegue al Gobierno, \u00abuna \u00e9poca restituyente del texto constitucional y de la pol\u00edtica constitucional\u00bb. Afirm\u00f3 que espera ser \u00e9l, desde la presidencia, quien prepare el 50 aniversario de la Constituci\u00f3n. Eso se cumplir\u00e1 en tres a\u00f1os y antes habr\u00e1 elecciones generales.<\/p>\n<p>\nMoci\u00f3n de censura \u00abs\u00f3lida\u00bb\n<\/p>\n<p class=\"voc-p\" style=\"\">Sobre los socios parlamentarios y su apoyo a S\u00e1nchez, el l\u00edder del PP se mostr\u00f3 desconfiado a que algo vaya a cambiar. Hace semanas ya dijo que el PNV act\u00faa como \u00abcl\u00ednex\u00bb del Gobierno y que, ahora, \u00abes Junts\u00bb quien lo hace.<\/p>\n<p class=\"voc-p\" style=\"\">Volvi\u00f3 a recuperar sus declaraciones con la patronal catalana hace unos d\u00edas y asegur\u00f3 que el empresariado estaba convencido del fin de ciclo. Pero repiti\u00f3 que es partidario de<strong> una moci\u00f3n de censura \u00abs\u00f3lida\u00bb<\/strong> y \u00abno para hacer un rid\u00edculo\u00bb.<\/p>\n","protected":false},"excerpt":{"rendered":"Alberto N\u00fa\u00f1ez Feij\u00f3o encarn\u00f3 la defensa de la Constituci\u00f3n en este 6 de diciembre, acusando a Pedro S\u00e1nchez&hellip;\n","protected":false},"author":2,"featured_media":274476,"comment_status":"","ping_status":"","sticky":false,"template":"","format":"standard","meta":{"footnotes":""},"categories":[8],"tags":[3830,17,18,25,24,13,14,9860,11,25771,19,20,9,10,15,16,14183,57,23,12,21,22,624],"class_list":{"0":"post-274475","1":"post","2":"type-post","3":"status-publish","4":"format-standard","5":"has-post-thumbnail","7":"category-espana","8":"tag-alerta","9":"tag-breaking-news","10":"tag-breakingnews","11":"tag-es","12":"tag-espana","13":"tag-featured-news","14":"tag-featurednews","15":"tag-feijoo","16":"tag-headlines","17":"tag-jugando","18":"tag-latest-news","19":"tag-latestnews","20":"tag-news","21":"tag-noticias","22":"tag-noticias-destacadas","23":"tag-noticiasdestacadas","24":"tag-peligrosas","25":"tag-sobre","26":"tag-spain","27":"tag-titulares","28":"tag-ultimas-noticias","29":"tag-ultimasnoticias","30":"tag-vox"},"share_on_mastodon":{"url":"https:\/\/pubeurope.com\/@es\/115673515006097045","error":""},"_links":{"self":[{"href":"https:\/\/www.europesays.com\/es\/wp-json\/wp\/v2\/posts\/274475","targetHints":{"allow":["GET"]}}],"collection":[{"href":"https:\/\/www.europesays.com\/es\/wp-json\/wp\/v2\/posts"}],"about":[{"href":"https:\/\/www.europesays.com\/es\/wp-json\/wp\/v2\/types\/post"}],"author":[{"embeddable":true,"href":"https:\/\/www.europesays.com\/es\/wp-json\/wp\/v2\/users\/2"}],"replies":[{"embeddable":true,"href":"https:\/\/www.europesays.com\/es\/wp-json\/wp\/v2\/comments?post=274475"}],"version-history":[{"count":0,"href":"https:\/\/www.europesays.com\/es\/wp-json\/wp\/v2\/posts\/274475\/revisions"}],"wp:featuredmedia":[{"embeddable":true,"href":"https:\/\/www.europesays.com\/es\/wp-json\/wp\/v2\/media\/274476"}],"wp:attachment":[{"href":"https:\/\/www.europesays.com\/es\/wp-json\/wp\/v2\/media?parent=274475"}],"wp:term":[{"taxonomy":"category","embeddable":true,"href":"https:\/\/www.europesays.com\/es\/wp-json\/wp\/v2\/categories?post=274475"},{"taxonomy":"post_tag","embeddable":true,"href":"https:\/\/www.europesays.com\/es\/wp-json\/wp\/v2\/tags?post=274475"}],"curies":[{"name":"wp","href":"https:\/\/api.w.org\/{rel}","templated":true}]}}