{"id":274477,"date":"2025-12-06T16:15:23","date_gmt":"2025-12-06T16:15:23","guid":{"rendered":"https:\/\/www.europesays.com\/es\/274477\/"},"modified":"2025-12-06T16:15:23","modified_gmt":"2025-12-06T16:15:23","slug":"muere-una-mujer-tras-precipitarse-desde-un-decimo-piso-en-madrid-con-sus-dos-hijos-de-3-anos-que-estan-muy-graves-la-voz-de-galicia","status":"publish","type":"post","link":"https:\/\/www.europesays.com\/es\/274477\/","title":{"rendered":"Muere una mujer tras precipitarse desde un d\u00e9cimo piso en Madrid con sus dos hijos de 3 a\u00f1os, que est\u00e1n muy graves &#8211; La Voz de Galicia"},"content":{"rendered":"<ol>\n<li><a href=\"https:\/\/news.google.com\/rss\/articles\/CBMi7AFBVV95cUxQV2RPY0lkQzJWWkdCZFE2RldkN1VGZG9WbmhXTGNCd25EM25LemdzeGNlM0pnM2Q3MGY3WUhfSVNsaEVBYlU3WFJueG93a1REeXFXTDlqY0tKUWxkYmhIeXZmTmZDRGJuaUg3ay1jY0F6TUFsQ21WUHg2VElwRUh1R3JKTGJKMWZ2dVBTdl9qekJXclNOQmNxRUdlblF1NENBUkNLT2d0ZHlsTG9UQ1hLUlZJeGdwbVh0eWF0NF82OGk0ZW8teWEzWHNJdGhYYVN0RUdoVVg5N1hrd0NJb2VKWHlHaC1ILTlybGFOMNIBiAJBVV95cUxPWkloRmpVR1ljQ3JyeTNrTExWMnpNUXk1ZzBKM2UtbDRCX1llNG93NXZ2MVlZd211U1JOSHVjSXA4NDctZ3NrT25sd2hLSlRZRzBablhkZmlaTWlzNkszTlpzU0g0RTJYdUY0YlQ2R3l4aUlXRU42d2p0MDdIR0gtZWpCdUpwN2JfZG5VS2J3NVZxQ3JHRGoxYkpoaXNQQ0h3U0FXYzVmUEE0R2R0STh2T2VhdS1WSVUyLXZKV2twYm9UQjZOS0VCZEROMUFEZnRYR3JaODlkZ3YwU0xid3JCek9yZkpCdU9oemFEOWMxSnNSaXpwajd0SXpRaXRvVV9CZlJLTUxzMng?oc=5\" target=\"_blank\" rel=\"nofollow noopener\">Muere una mujer tras precipitarse desde un d\u00e9cimo piso en Madrid con sus dos hijos de 3 a\u00f1os, que est\u00e1n muy graves<\/a>&nbsp;&nbsp;La Voz de Galicia<\/li>\n<li><a href=\"https:\/\/news.google.com\/rss\/articles\/CBMiekFVX3lxTE5pQWFaZnliUjZGT29DbW5WZjJQdGRxUEZBY0s5RURDZzlBRGk5ZWtkdldOeUZHaUlRbDhaM1lzOVNRZ0lyd1lsOW41U19pTzVIQUluU2ZnQnR2ZmlrMDdYWEU1SlNReVpQeVM2T0lXd3Z0UXBFNW5UQUJR0gF6QVVfeXFMUHRZNzhwWG1mMnI1WjBycDBhS0dIem15Zmw0R0owLWVHZ0o2R01mMXR4ZzR3UmZIeUxvZWhzZVF2UHVqbkd4VWc2UG9YNDdHdWlERTRtRnJBWE9aT191bzNSUUEwTzRnRkRwQ3FlVXBhUjJtLW5CNy1keGc?oc=5\" target=\"_blank\" rel=\"nofollow noopener\">Muere una mujer y sus dos hijos resultan heridos graves tras precipitarse desde un edificio en Madrid<\/a>&nbsp;&nbsp;El Mundo<\/li>\n<li><a href=\"https:\/\/news.google.com\/rss\/articles\/CBMi3wFBVV95cUxOSkphSkE2b3pzMXpQTmVob24wSEdMWmE0R1JRNHNCMXAzN2FNMEVGcmkyMG10Y2xMYzZZZ2xDRHJWa0xxXzV0MUtJTmU2ZFlteDF6WWl0dmtJNmZua1ZLT0FPZ3hfdHNqNW1peldTN1ZOUVZXb21YMmVfNVdtQ2tVTDlJUHpET0lDUlVuTXlUa0N4N05MSkRuY0ZzS1dDRXRhNUM2d0F6T0plWVdYVFd1RzdHUldudG9yTHFlU0dyNDdjMV92RlNOalBRZ0pwS0c0YWhnTlJPNEpoVHRqYVI0?oc=5\" target=\"_blank\" rel=\"nofollow noopener\">Muere una mujer en Madrid tras precipitarse de un d\u00e9cimo piso con sus dos hijos, en estado grave<\/a>&nbsp;&nbsp;EL PA\u00cdS<\/li>\n<li><a href=\"https:\/\/news.google.com\/rss\/articles\/CBMivwFBVV95cUxPYWRJWEU0LVBQLTFKRHlDdDlQMzgzWWdiOGlQdldBRlNsSlFiZFJRVkVxbW1zMjhfMzdlMDA1UWFiNWVrNG1TQklJOE5uZ3ZDaVF1cmpHLWpsVE5lUmpIcmdoMUFFMDBFWTdlYWF0WnlzTzg3MlQxQkhzVmUwRVdiTDM2cHFleEhQOUFJVVJzXzNMdE9nOUc0NVQtNE9lSTdRbUhnWjd4OG8yZk1DS0NGTXRSN053UVhUeHBaS1NKQQ?oc=5\" target=\"_blank\" rel=\"nofollow noopener\">La madre de Madrid se tir\u00f3 de un 10\u00ba piso abrazada de sus gemelos: \u00abDec\u00eda que la persegu\u00edan y que la espiaban\u00bb<\/a>&nbsp;&nbsp;Telecinco<\/li>\n<li><a href=\"https:\/\/news.google.com\/rss\/articles\/CBMimAFBVV95cUxNaUVkUDZyVlpnWHh3bV9lcmxDQlFXN2g2aG9GaG9lMHg0RXo3U0VxX2lybV9ILU5zUmJDbTRnbllyMWlSX2J5SlUteHZMUHVOTmR4WXZveXJxeXplX0pLVDF3bHpKQ19lVGoxekpLdzctb0dLdXAwZ3J5MW5yMkNOU0dqRExqZDF2ZEcyWnJVU1VLbmRZbHlmbw?oc=5\" target=\"_blank\" rel=\"nofollow noopener\">Muere una mujer de 48 a\u00f1os tras caer desde un d\u00e9cimo, con sus dos hijos de 3 a\u00f1os, en Ciudad Lineal<\/a>&nbsp;&nbsp;ABC<\/li>\n<\/ol>\n","protected":false},"excerpt":{"rendered":"Muere una mujer tras precipitarse desde un d\u00e9cimo piso en Madrid con sus dos hijos de 3 a\u00f1os,&hellip;\n","protected":false},"author":2,"featured_media":274478,"comment_status":"","ping_status":"","sticky":false,"template":"","format":"standard","meta":{"footnotes":""},"categories":[5],"tags":[17,18,25,24,13,14,11,19,20,9,10,15,16,23,12,21,22],"class_list":{"0":"post-274477","1":"post","2":"type-post","3":"status-publish","4":"format-standard","5":"has-post-thumbnail","7":"category-titulares","8":"tag-breaking-news","9":"tag-breakingnews","10":"tag-es","11":"tag-espana","12":"tag-featured-news","13":"tag-featurednews","14":"tag-headlines","15":"tag-latest-news","16":"tag-latestnews","17":"tag-news","18":"tag-noticias","19":"tag-noticias-destacadas","20":"tag-noticiasdestacadas","21":"tag-spain","22":"tag-titulares","23":"tag-ultimas-noticias","24":"tag-ultimasnoticias"},"share_on_mastodon":{"url":"https:\/\/pubeurope.com\/@es\/115673518746309213","error":""},"_links":{"self":[{"href":"https:\/\/www.europesays.com\/es\/wp-json\/wp\/v2\/posts\/274477","targetHints":{"allow":["GET"]}}],"collection":[{"href":"https:\/\/www.europesays.com\/es\/wp-json\/wp\/v2\/posts"}],"about":[{"href":"https:\/\/www.europesays.com\/es\/wp-json\/wp\/v2\/types\/post"}],"author":[{"embeddable":true,"href":"https:\/\/www.europesays.com\/es\/wp-json\/wp\/v2\/users\/2"}],"replies":[{"embeddable":true,"href":"https:\/\/www.europesays.com\/es\/wp-json\/wp\/v2\/comments?post=274477"}],"version-history":[{"count":0,"href":"https:\/\/www.europesays.com\/es\/wp-json\/wp\/v2\/posts\/274477\/revisions"}],"wp:featuredmedia":[{"embeddable":true,"href":"https:\/\/www.europesays.com\/es\/wp-json\/wp\/v2\/media\/274478"}],"wp:attachment":[{"href":"https:\/\/www.europesays.com\/es\/wp-json\/wp\/v2\/media?parent=274477"}],"wp:term":[{"taxonomy":"category","embeddable":true,"href":"https:\/\/www.europesays.com\/es\/wp-json\/wp\/v2\/categories?post=274477"},{"taxonomy":"post_tag","embeddable":true,"href":"https:\/\/www.europesays.com\/es\/wp-json\/wp\/v2\/tags?post=274477"}],"curies":[{"name":"wp","href":"https:\/\/api.w.org\/{rel}","templated":true}]}}