{"id":274508,"date":"2025-12-06T16:46:15","date_gmt":"2025-12-06T16:46:15","guid":{"rendered":"https:\/\/www.europesays.com\/es\/274508\/"},"modified":"2025-12-06T16:46:15","modified_gmt":"2025-12-06T16:46:15","slug":"el-valencia-basket-le-come-la-tostada-al-panathinaikos","status":"publish","type":"post","link":"https:\/\/www.europesays.com\/es\/274508\/","title":{"rendered":"El Valencia Basket le come la tostada al Panathinaikos"},"content":{"rendered":"<p>El Valencia Basket venci\u00f3 (79-89) al Panathinaikos este viernes en la jornada 14 de la Euroliga para igualar a los griegos en la zona alta de la tabla con nueve victorias, tercera consecutiva de un equipo &#8216;taronja&#8217; que sigue con su potente temporada.<\/p>\n<p>Los de Pedro Mart\u00ednez encontraron ritmo y acierto en el segundo tiempo para tumbar al campe\u00f3n de hace dos temporadas y col\u00edder esta campa\u00f1a. Kameron Taylor (18 puntos) y el testigo que recogi\u00f3 Darius Thompson (19) tras el descanso lideraron a un Valencia Basket que se cobr\u00f3 otra v\u00edctima ilustre en el OAKA de Atenas.<\/p>\n<p>El cuadro griego ven\u00eda de resucitar el \u00faltimo mes de la mano del reci\u00e9n llegado Kenneth Faried hasta alcanzar la cabeza europea, pero el Valencia, tras un primer tiempo a remolque de un insuficiente 7 de 21 en triples, le comi\u00f3 la tostada al equipo de Ergin Ataman. El Panathinaikos colaps\u00f3 la zona visitante y por fuera no se encontr\u00f3 un Valencia que sufri\u00f3 a Kendrick Nunn y T. J. Shorts.<\/p>\n<p>Taylor fue el mejor de &#8216;taronja&#8217; y los de Pedro Mart\u00ednez dominaron incluso el rebote, pero falt\u00f3 el acierto y algo m\u00e1s de defensa (44-38). Con todo, el Valencia sigui\u00f3 a lo suyo en la reanudaci\u00f3n y en un momento cambi\u00f3 el guion para pasar a mandar en el marcador, con cuatro triples en el tercer cuarto (17-27).<\/p>\n<p>Pese a la irrupci\u00f3n de Kostas Sloukas en los locales, Thompson tuvo la suya en el bando espa\u00f1ol y, junto a Taylor y Sergio de Larrea dieron la vuelta al luminoso (61-65). El cuadro griego sufri\u00f3 el despegue rival en el inicio del \u00faltimo cuarto (65-75) pero el Valencia se despist\u00f3 en defensa cuando saboreaba el triunfo.<\/p>\n<p>Dos recuperaciones de Jerian Grant encendieron al OAKA pero Thompson se encarg\u00f3 de rebajar la temperatura de la grada. El Valencia acompa\u00f1\u00f3 lo necesario en defensa, gan\u00f3 rebotes decisivos y Brancou Badio, fundamental ante la ausencia de Jean Montero, mat\u00f3 una segunda vez a los griegos, dolidos por ver frenada su racha como demostr\u00f3 Nunn con un codazo y antideportiva sobre Taylor.<\/p>\n","protected":false},"excerpt":{"rendered":"El Valencia Basket venci\u00f3 (79-89) al Panathinaikos este viernes en la jornada 14 de la Euroliga para igualar&hellip;\n","protected":false},"author":2,"featured_media":274509,"comment_status":"","ping_status":"","sticky":false,"template":"","format":"standard","meta":{"footnotes":""},"categories":[269],"tags":[299,298,168,25,24,833,5631,23,167,2916],"class_list":{"0":"post-274508","1":"post","2":"type-post","3":"status-publish","4":"format-standard","5":"has-post-thumbnail","7":"category-baloncesto","8":"tag-baloncesto","9":"tag-basketball","10":"tag-deportes","11":"tag-es","12":"tag-espana","13":"tag-euroliga","14":"tag-panathinaikos","15":"tag-spain","16":"tag-sports","17":"tag-valencia-basket"},"share_on_mastodon":{"url":"https:\/\/pubeurope.com\/@es\/115673640814763812","error":""},"_links":{"self":[{"href":"https:\/\/www.europesays.com\/es\/wp-json\/wp\/v2\/posts\/274508","targetHints":{"allow":["GET"]}}],"collection":[{"href":"https:\/\/www.europesays.com\/es\/wp-json\/wp\/v2\/posts"}],"about":[{"href":"https:\/\/www.europesays.com\/es\/wp-json\/wp\/v2\/types\/post"}],"author":[{"embeddable":true,"href":"https:\/\/www.europesays.com\/es\/wp-json\/wp\/v2\/users\/2"}],"replies":[{"embeddable":true,"href":"https:\/\/www.europesays.com\/es\/wp-json\/wp\/v2\/comments?post=274508"}],"version-history":[{"count":0,"href":"https:\/\/www.europesays.com\/es\/wp-json\/wp\/v2\/posts\/274508\/revisions"}],"wp:featuredmedia":[{"embeddable":true,"href":"https:\/\/www.europesays.com\/es\/wp-json\/wp\/v2\/media\/274509"}],"wp:attachment":[{"href":"https:\/\/www.europesays.com\/es\/wp-json\/wp\/v2\/media?parent=274508"}],"wp:term":[{"taxonomy":"category","embeddable":true,"href":"https:\/\/www.europesays.com\/es\/wp-json\/wp\/v2\/categories?post=274508"},{"taxonomy":"post_tag","embeddable":true,"href":"https:\/\/www.europesays.com\/es\/wp-json\/wp\/v2\/tags?post=274508"}],"curies":[{"name":"wp","href":"https:\/\/api.w.org\/{rel}","templated":true}]}}