{"id":274514,"date":"2025-12-06T16:51:27","date_gmt":"2025-12-06T16:51:27","guid":{"rendered":"https:\/\/www.europesays.com\/es\/274514\/"},"modified":"2025-12-06T16:51:27","modified_gmt":"2025-12-06T16:51:27","slug":"netflix-compra-warner-bros-y-se-hace-de-hbo-max-supera-la-venta-de-fox-a-disney-marca","status":"publish","type":"post","link":"https:\/\/www.europesays.com\/es\/274514\/","title":{"rendered":"Netflix compra Warner Bros y se hace de HBO Max: Supera la venta de FOX a Disney &#8211; MARCA"},"content":{"rendered":"<ol>\n<li><a href=\"https:\/\/news.google.com\/rss\/articles\/CBMijAFBVV95cUxOVTEtNzVreHNsUDRuNTFYUXhtVGo1SVNET0g4aFJVU0Z1Z1hKckJQd0x3Y3JKTkdVV0djMlpIQU52M2VPX1lvdHJsWDFMTENzaWNncy1OWTRtU2pTcGE5dk1RZHFVR1pkdWh2UzI0Y0FnMTRGd0NHalhwZzVPVTN1cVpSVEI0cnBNLVF3VdIBjAFBVV95cUxPcUwyNDU4OEhCUkR1OTVRem5USUlidHlNZ3IzcHktVmNMM0M3WGFHRm83amVRTkpuMTdUcGd3eFZaMm9qbnBkZHZwV3d3Y3lkR2EwVWtiYzg3cm41YXFMZmlPS1pNdHN2bmo2QmctU0xMTmFfV0tDNjFFZU5rWV9vV2UxbkxSWENHLVQ2cQ?oc=5\" target=\"_blank\" rel=\"nofollow noopener\">Netflix compra Warner Bros y se hace de HBO Max: Supera la venta de FOX a Disney<\/a>&nbsp;&nbsp;MARCA<\/li>\n<li><a href=\"https:\/\/news.google.com\/rss\/articles\/CBMimwJBVV95cUxQWUpDSWcxWGhlQlhEQ3Y2Z1BmUU5qODBoTVR1T2ZNek1XUUhaeF92azZwaFgzNjlwRGVSRFlCemZQcXNsRnYxNVJJUUhpQWJneWJLSE1iX3Q2WjFieVJVUFQ2OEk0d3hnR3lUUk5uemRzdXNzVDlsSEpaT29hV3BmUGZza1dFdVRiLVpJQWJyOTJTVGZ1UVk2LWp3cHcycGliWVctdWFNLWdRUFJGemZ4aDRBZnItdFlYd3FqcUNLSm5FMWUtZ3ZYbDJqYlhFLWltVks2OEhDS1NCcXRlUU4yR3M0bWFhdDkxMlRWVUVVM2duRHdzQll6dFJkb0J3SHVCX0NtRXdtR0c0NEZWcTJiSGFkWG9TNmRBM0JV?oc=5\" target=\"_blank\" rel=\"nofollow noopener\">\u00bfQu\u00e9 pasar\u00e1 con mi suscripci\u00f3n de HBO tras la compra de Warner por Netflix? Preguntas y respuestas de una operaci\u00f3n hist\u00f3rica<\/a>&nbsp;&nbsp;El Economista<\/li>\n<li><a href=\"https:\/\/news.google.com\/rss\/articles\/CBMi9gFBVV95cUxOcHhYZXR4bHJybFpkOE11UG9kYU9YdG5BWEJvRm1kQzBsNzlIWTBkSXE3U09RUGd6LWNHSTVFczVZVUZzZXhNRWxJUVpmbHZadTZaTUNmV3l1a3Uza3RwVlBYVE9FQWRxX1JJSkN6eDQzU2xwZURnNVJsRVJtRkc2M0ZRNzBGd2tBTTFiYXVtSVIxVG5xN3Zsb2lRZmk1UDNmVS10VUVnWnltdXd6SGJTVncydjRMUzFDbU8zSDBZYlVPRV9jT1dxV2FFekFId0NiMUhXSTFOenYtTzVKQXNGbkdndTdMbkt6eVBvSC1ySmFfakt4bEE?oc=5\" target=\"_blank\" rel=\"nofollow noopener\">\u00bfMorir\u00e1 HBO con la compra de Warner por parte de Netflix? Las dudas televisivas tras la decisi\u00f3n que cambiar\u00e1 Hollywood<\/a>&nbsp;&nbsp;EL PA\u00cdS<\/li>\n<li><a href=\"https:\/\/news.google.com\/rss\/articles\/CBMifEFVX3lxTE9OcE5QRWYxSlYzeUNMXzlaWHB1TmxSQjNHTF9QMGkxVEYtVWlYb3VOaFZYYTN0aUVQSngyX1o2UWxmSGIzWU1EeUE2cGNpNWF4UlBQbngyQWxqN3A5aWxYVUxWWnZRQWpMRDdNa2VJMmRTV3dMZTRfMHdoSTXSAXxBVV95cUxPUHNyVnN4SDFDREx1WHpWQ2F4bE1obHpKcl9BN3FYaVkxTWtGTjJ2SEhrNTRkSGpseWJjZktObFdNSUxVOGl1UlJMZ2dFM2Ztazd1a18yQmxHTTNJeGtmT2VaR1FBcm5XS2p3VDNfNExHazdKUXNGblJ0WWdH?oc=5\" target=\"_blank\" rel=\"nofollow noopener\">\u00bfAcabar\u00e1 Netflix con los estrenos en el cine tras comprar Warner?<\/a>&nbsp;&nbsp;El Mundo<\/li>\n<li><a href=\"https:\/\/news.google.com\/rss\/articles\/CBMi7AFBVV95cUxQXzVtcmRZdzBNSVZza1F2Wm9Ea1VQdG1rNnRrUVFCNmplSVJieGN1MkhuOVZFdWtPMjZDeldLM19KTmJzVC1FUUw0Zlh4dFpGYTFUa09LbVlNVGdvVjMtUXZfVmxRV2VpN19US01CWlJUa0FRTHI1STVyR2EtZHV3Z2Vud2J4bGtSNE1DM0Rfb2JmRnYyejFUY2NuUjJrNGhBUDB0cXJMUWNqQUZCSi12eUVJRlZUQUZGOGdXRWxIUGIzaVBJTmRSTnpWNzFSVGFjWFFoYVFlbWVBUF9iVUh2NnZ4N19mUjdlZ3hUdtIB7AFBVV95cUxNRm9qMlVwbUJPYzNrS1lOOHVvQUo2ZkNkcWx5Q2xWbjlaZndocENrc1R4VmpVWE9ITkkyQ05sUzZBcGI2Y1lTelpaeFJoWlM0dS1UcE1lRldYQlRmRVJvSW1ldjhmSjl6Vlotc00xYmdSWTl5WE5ENkwyU1BvYTE0dktoQXZabmg4THVHN1VVektaWnMtN2VPWTV1Y1RrSFZZUXlYaGVrTXRmZllRSVltNkw5SWRoOFc3LS03akJiNVpaVm5EZXh2dzJBUkR2ay14UnBiRk5EUHdIVzBZWDNGR2tSSTBOa1FWWm56WA?oc=5\" target=\"_blank\" rel=\"nofollow noopener\">Netflix toma el control y deja a Hollywood en shock: as\u00ed cambia la industria tras la compra de Warner<\/a>&nbsp;&nbsp;LaSexta<\/li>\n<\/ol>\n","protected":false},"excerpt":{"rendered":"Netflix compra Warner Bros y se hace de HBO Max: Supera la venta de FOX a Disney&nbsp;&nbsp;MARCA \u00bfQu\u00e9&hellip;\n","protected":false},"author":2,"featured_media":274515,"comment_status":"","ping_status":"","sticky":false,"template":"","format":"standard","meta":{"footnotes":""},"categories":[171],"tags":[67074,146,147,25,24,67075,23,214],"class_list":{"0":"post-274514","1":"post","2":"type-post","3":"status-publish","4":"format-standard","5":"has-post-thumbnail","7":"category-tv","8":"tag-actualidad-sucesos","9":"tag-entertainment","10":"tag-entretenimiento","11":"tag-es","12":"tag-espana","13":"tag-netflix-mx","14":"tag-spain","15":"tag-tv"},"share_on_mastodon":{"url":"https:\/\/pubeurope.com\/@es\/115673660380078640","error":""},"_links":{"self":[{"href":"https:\/\/www.europesays.com\/es\/wp-json\/wp\/v2\/posts\/274514","targetHints":{"allow":["GET"]}}],"collection":[{"href":"https:\/\/www.europesays.com\/es\/wp-json\/wp\/v2\/posts"}],"about":[{"href":"https:\/\/www.europesays.com\/es\/wp-json\/wp\/v2\/types\/post"}],"author":[{"embeddable":true,"href":"https:\/\/www.europesays.com\/es\/wp-json\/wp\/v2\/users\/2"}],"replies":[{"embeddable":true,"href":"https:\/\/www.europesays.com\/es\/wp-json\/wp\/v2\/comments?post=274514"}],"version-history":[{"count":0,"href":"https:\/\/www.europesays.com\/es\/wp-json\/wp\/v2\/posts\/274514\/revisions"}],"wp:featuredmedia":[{"embeddable":true,"href":"https:\/\/www.europesays.com\/es\/wp-json\/wp\/v2\/media\/274515"}],"wp:attachment":[{"href":"https:\/\/www.europesays.com\/es\/wp-json\/wp\/v2\/media?parent=274514"}],"wp:term":[{"taxonomy":"category","embeddable":true,"href":"https:\/\/www.europesays.com\/es\/wp-json\/wp\/v2\/categories?post=274514"},{"taxonomy":"post_tag","embeddable":true,"href":"https:\/\/www.europesays.com\/es\/wp-json\/wp\/v2\/tags?post=274514"}],"curies":[{"name":"wp","href":"https:\/\/api.w.org\/{rel}","templated":true}]}}