{"id":27453,"date":"2025-08-05T15:09:07","date_gmt":"2025-08-05T15:09:07","guid":{"rendered":"https:\/\/www.europesays.com\/es\/27453\/"},"modified":"2025-08-05T15:09:07","modified_gmt":"2025-08-05T15:09:07","slug":"dos-buenas-noticias-de-duarte-no-jugara-con-su-seleccion-y-su-lesion-no-es-grave","status":"publish","type":"post","link":"https:\/\/www.europesays.com\/es\/27453\/","title":{"rendered":"Dos buenas noticias de Duarte: No jugar\u00e1 con su selecci\u00f3n y su lesi\u00f3n no es grave"},"content":{"rendered":"<p>Dos buenas noticias para el Unicaja. Chris Duarte no disputar\u00e1 en principio la Americup con la selecci\u00f3n de la Rep\u00fablica Dominicana como estaba previsto, por  &#8230; lo que tendr\u00e1 m\u00e1s tiempo de descanso y podr\u00e1 incorporarse a la pretemporada del Unicaja cuando acabe la liga de Puerto Rico, donde est\u00e1 disputando la final con los Vaqueros de Bayam\u00f3n contra los Leones de Ponce. Su ausencia podr\u00eda estar relacionada con la lesi\u00f3n en la espalda que sufri\u00f3 en el primer encuentro de la final, sin embargo la dolencia no es grave.<\/p>\n<p class=\"v-p\">La Federaci\u00f3n Dominicana de Baloncesto confirm\u00f3 el comienzo de la preparaci\u00f3n de la Americup bajo la supervisi\u00f3n del t\u00e9cnico N\u00e9stor Garc\u00eda. En la relaci\u00f3n de jugadores que est\u00e1n ya concentrados no aparece el fichaje del Unicaja, ni tampoco entre los que se incorporar\u00e1n en los pr\u00f3ximos d\u00edas al trabajo. Jugadores como el madridista Andr\u00e9s Felez, el valencianista Jean Montero, adem\u00e1s de otros importantes en el equip como \u00c1ngel Delgado y David Jones s\u00ed se han puesto ya a las \u00f3rdenes del seleccionador, adem\u00e1s de Anyeuri Castillo, Rey Abad, Josu\u00e9 Salazar, Rayner Moquete, Shamille Ballas, Eusebio Suero, Luis Mart\u00ednez, Jefry Abreu, Anderson Garc\u00eda y Bryan Polanco. Cuando concluya la serie final de la S\u00faper Liga LNB dominicana entre Titanes del Sur y Metros de Santiago se integrar\u00e1n el capit\u00e1n V\u00edctor Liz, Omar Silverio, Jhery Matos, Juan Guerrero, Jassel P\u00e9rez, Richard Bautista, Jonathan Ara\u00fajo, Luis Montero y Eloy Vargas, entre otros.<\/p>\n<p class=\"v-p\">Como se puede comprobar, Duarte no aparece en el listado de la Federaci\u00f3n Dominicana y medios de este pa\u00eds indican que podr\u00eda deberse a la lesi\u00f3n que sufri\u00f3 en el primer partido de la final, pero no es as\u00ed. El jugador del Unicaja se retir\u00f3 al vestuario en el tercer cuarto con visibles muestras de dolor. Lo hizo por su propio pie, aunque precis\u00f3 de ayuda de un asistente del Vaqueros. No parec\u00eda una lesi\u00f3n grave, aunque habr\u00e1 que ver si puede participar en el segundo encuentro de la final. El Unicaja, mientras tanto, monitoriza la situaci\u00f3n de su fichaje estrella para la pr\u00f3xima temporada.<\/p>\n<p class=\"v-p\">El club malague\u00f1o ya ha contactado con el jugador, que le ha indicado que se encuentra mejor. Al parecer se trata de un problema muscular. Aunque no es algo serio, est\u00e1 por ver si finalmente puede participar en el segundo partido de la final o si su entrenador lo reserva para el tercer encuentro.<\/p>\n","protected":false},"excerpt":{"rendered":"Dos buenas noticias para el Unicaja. Chris Duarte no disputar\u00e1 en principio la Americup con la selecci\u00f3n de&hellip;\n","protected":false},"author":2,"featured_media":27454,"comment_status":"","ping_status":"","sticky":false,"template":"","format":"standard","meta":{"footnotes":""},"categories":[269],"tags":[299,298,2242,168,14975,2243,25,14977,24,8252,14976,1988,23,167],"class_list":{"0":"post-27453","1":"post","2":"type-post","3":"status-publish","4":"format-standard","5":"has-post-thumbnail","7":"category-baloncesto","8":"tag-baloncesto","9":"tag-basketball","10":"tag-chris","11":"tag-deportes","12":"tag-dominicana","13":"tag-duarte","14":"tag-es","15":"tag-espalda","16":"tag-espana","17":"tag-lesion","18":"tag-preocupa","19":"tag-seleccion","20":"tag-spain","21":"tag-sports"},"share_on_mastodon":{"url":"","error":""},"_links":{"self":[{"href":"https:\/\/www.europesays.com\/es\/wp-json\/wp\/v2\/posts\/27453","targetHints":{"allow":["GET"]}}],"collection":[{"href":"https:\/\/www.europesays.com\/es\/wp-json\/wp\/v2\/posts"}],"about":[{"href":"https:\/\/www.europesays.com\/es\/wp-json\/wp\/v2\/types\/post"}],"author":[{"embeddable":true,"href":"https:\/\/www.europesays.com\/es\/wp-json\/wp\/v2\/users\/2"}],"replies":[{"embeddable":true,"href":"https:\/\/www.europesays.com\/es\/wp-json\/wp\/v2\/comments?post=27453"}],"version-history":[{"count":0,"href":"https:\/\/www.europesays.com\/es\/wp-json\/wp\/v2\/posts\/27453\/revisions"}],"wp:featuredmedia":[{"embeddable":true,"href":"https:\/\/www.europesays.com\/es\/wp-json\/wp\/v2\/media\/27454"}],"wp:attachment":[{"href":"https:\/\/www.europesays.com\/es\/wp-json\/wp\/v2\/media?parent=27453"}],"wp:term":[{"taxonomy":"category","embeddable":true,"href":"https:\/\/www.europesays.com\/es\/wp-json\/wp\/v2\/categories?post=27453"},{"taxonomy":"post_tag","embeddable":true,"href":"https:\/\/www.europesays.com\/es\/wp-json\/wp\/v2\/tags?post=27453"}],"curies":[{"name":"wp","href":"https:\/\/api.w.org\/{rel}","templated":true}]}}