{"id":274554,"date":"2025-12-06T17:23:08","date_gmt":"2025-12-06T17:23:08","guid":{"rendered":"https:\/\/www.europesays.com\/es\/274554\/"},"modified":"2025-12-06T17:23:08","modified_gmt":"2025-12-06T17:23:08","slug":"un-cambio-en-la-cupula-del-grupo-ribera-salud-impulso-los-recortes-en-el-hospital-de-torrejon","status":"publish","type":"post","link":"https:\/\/www.europesays.com\/es\/274554\/","title":{"rendered":"Un cambio en la c\u00fapula del grupo Ribera Salud impuls\u00f3 los recortes en el hospital de Torrej\u00f3n"},"content":{"rendered":"<p style=\"\">El grupo <a href=\"https:\/\/www.abc.es\/espana\/madrid\/ceo-ribera-salud-pide-desvincularse-hospital-torrejon-20251204062701-nt.html\" target=\"_self\" data-voc-vtm-id=\"in-text-traffic\" title=\"Ribera Salud\" data-mrf-link=\"www.abc.es\" rel=\"nofollow noopener\">Ribera Salud<\/a> ha despedido al menos a cuatro directivos que denunciaron en el canal \u00e9tico interno las instrucciones de su consejero delegado, Pablo Gallart, para aumentar los beneficios del <a href=\"https:\/\/www.abc.es\/sociedad\/ministerio-sanidad-reclama-madrid-extienda-investigacion-sobre-20251204145110-nt.html\" target=\"_self\" data-voc-vtm-id=\"in-text-traffic\" title=\"Hospital de Torrej\u00f3n de Madrid\" data-mrf-link=\"www.abc.es\" rel=\"nofollow noopener\">Hospital de Torrej\u00f3n de Madrid<\/a>, uno de los centros sanitarios p\u00fablicos que  &#8230; gestiona en toda Espa\u00f1a. Gallart hab\u00eda pedido \u00abimaginaci\u00f3n\u00bb para mejorar los resultados de la empresa, pero marcaba como directriz aumentar las listas de espera y hacer ajustes para elevar las ganancias de la compa\u00f1\u00eda sanitaria privada, tal y como ha publicado El pa\u00eds, con los audios del CEO.<\/p>\n<p class=\"voc-p\" style=\"\">Todo esto se entiende mejor con los \u00faltimos cambios que han tenido lugar en la c\u00fapula del gigante sanitario. El m\u00e1s importante sucedi\u00f3 el pasado mes de mayo con la destituci\u00f3n fulminante de Alberto de Rosa, alma mater y principal responsable de Ribera Salud durante 28 a\u00f1os. La salida de De Rosa provoc\u00f3 el nombramiento del actual CEO, Pablo Gallart, que hasta entonces hab\u00eda sido director financiero. El nombramiento de un director financiero al frente del grupo ya marcaba la l\u00ednea de lo que el due\u00f1o pretend\u00eda que fuera su gesti\u00f3n, seg\u00fan fuentes pr\u00f3ximas a la compa\u00f1\u00eda.<\/p>\n<p class=\"voc-p\" style=\"\">Aunque Ribera Salud es una empresa valenciana de origen, su m\u00e1ximo accionista es una compa\u00f1\u00eda francesa, Vivalto Sant\u00e9, que reclamaba beneficios y es quien tom\u00f3 la decisi\u00f3n de reestructurar el consejo de administraci\u00f3n de la empresa. <\/p>\n<p class=\"voc-p\" style=\"\">Alberto de Rosa llevaba casi tres d\u00e9cadas pele\u00e1ndose por un grupo que contribuy\u00f3 a crear. Economista, trabaj\u00f3 en los grupos sanitarios privados Nisa y Quir\u00f3n antes de gestionar el Hospital La Ribera en Alcira, donde fund\u00f3 con la Generalitat valenciana un pol\u00e9mico modelo de concesi\u00f3n administrativa en el que un hospital p\u00fablico pod\u00eda tener gesti\u00f3n privada: el modelo de Alcira. <\/p>\n<p class=\"voc-p\" style=\"\">Despu\u00e9s el Hospital La Ribera se convirti\u00f3 en el embri\u00f3n del Grupo Ribera Salud y traslad\u00f3 el modelo a otras zonas de la comunidad valenciana, aunque ahora solo se mantiene en el Hospital de Vinalop\u00f3 en Alicante. Despu\u00e9s se adopt\u00f3 en Madrid con el Hospital de Torrej\u00f3n y en Galicia.<\/p>\n<p class=\"voc-title\">Alberto de Rosa cre\u00f3 con la Generalitat Valenciana un pol\u00e9mico modelo de concesi\u00f3n administrativa por el que un hospital p\u00fablico pod\u00eda tener gesti\u00f3n privada<\/p>\n<p class=\"voc-p\" style=\"\">Ribera Salud tambi\u00e9n trabaja con la sanidad p\u00fablica gallega pero con un modelo diferente al de Madrid que la Xunta de Galicia defiende . Mientras el hospital de Torrej\u00f3n pertenece a la Sanidad p\u00fablica madrile\u00f1a aunque la gesti\u00f3n es privada, en Galicia es el servicio gallego de salud quien env\u00eda a sus pacientes a un hospital privado. En este caso es el centro Povisa de Vigo, uno de los m\u00e1s grandes de Espa\u00f1a, que fue construido en los a\u00f1os setenta. Reformado en varias ocasiones, mantiene un concierto econ\u00f3mico con la sanidad p\u00fablica gallega desde 1993. Durante las primeras tres d\u00e9cadas de vigencia de este acuerdo, la compa\u00f1\u00eda que gestionaba Povisa (Grupo Nosa Terra) percib\u00eda de la Xunta una cantidad (c\u00e1pita) por paciente, cubriendo para el Sergas una poblaci\u00f3n que lleg\u00f3 a ser de 140.000 habitantes en el \u00e1rea sanitaria de Vigo, abarcando la ciudad y distintas poblaciones vecinas. <\/p>\n<p class=\"voc-p\" style=\"\">La inversi\u00f3n estaba desvinculada del uso que esos pacientes hicieran de los servicios sanitarios de Povisa. Es decir, es un concierto sustitutorio, no complementario. La adscripci\u00f3n a este hospital era -y sigue siendo- voluntaria: los ciudadanos pueden elegir entre este centro o los pertenecientes a la red p\u00fablica. El Sergas no contempla prescindir de Povisa, ya que en varias ocasiones ha reconocido que no dispone de recursos suficientes para asumir a los 113.000 gallegos -seg\u00fan dato del Sergas de julio- que atiende el centro hospitalario, adquirido por Ribera Salud en 2019.<\/p>\n<p class=\"voc-p\" style=\"\">Tambi\u00e9n mantiene acuerdos puntuales con los hospitales Polusa (Lugo) y Juan Cardona (Ferrol).<\/p>\n<p>\nLa Xunta vigila su acuerdo con Ribera\n<\/p>\n<p class=\"voc-p\" style=\"\"> En su \u00faltimo informe de fiscalizaci\u00f3n, se consider\u00f3 que el c\u00e1lculo del sistema de c\u00e1pita se hac\u00eda de una manera un tanto aproximada, sin determinar las necesidades reales de Povisa para atender a los pacientes, y aconsej\u00f3 un an\u00e1lisis m\u00e1s detallado de cara a una renovaci\u00f3n del concierto. Tras dos pr\u00f3rrogas, el nuevo acuerdo se firm\u00f3 este pasado marzo, e introdujo como novedad el <strong>pago por servicios<\/strong> en lugar del sistema de c\u00e1pita. <\/p>\n<p class=\"voc-p\" style=\"\">El Sergas abonar\u00e1 hasta 195 millones en los dos a\u00f1os de duraci\u00f3n del contrato, con la obligaci\u00f3n para Ribera Salud de destinar el 3% de esta cantidad a la mejora de sus instalaciones y al incremento de las retribuciones de su personal. Se incluye tambi\u00e9n como novedad la creaci\u00f3n de una unidad de control y seguimiento, una recomendaci\u00f3n realizada por Contas y que el consejero de Sanidad, Antonio G\u00f3mez Caama\u00f1o, subray\u00f3 tras conocerse la pol\u00e9mica. \u00abToda la actividad del grupo [Ribera] est\u00e1 bajo supervisi\u00f3n\u00bb, recalc\u00f3.<\/p>\n<p>\n\u00abAqu\u00ed no quieren que se vayan los pacientes\u00bb\n<\/p>\n<p class=\"voc-p\" style=\"\">Desde el sindicato m\u00e9dico O&#8217;Mega coinciden en que la situaci\u00f3n de Povisa es la contraria a la de los hospitales madrile\u00f1os \u00abporque aqu\u00ed no quieren que se vayan los pacientes\u00bb, ya que de eso depende cu\u00e1nto abona el Sergas. De hecho, uno de los problemas de Povisa es, precisamente, el lento goteo de pacientes que, cada vez que se abre el plazo en el mes de noviembre, optan por adscribirse a los hospitales de titularidad p\u00fablica. \u00abDe hecho, este a\u00f1o no se abri\u00f3 el plazo por el temor a que hubiera un trasvase importante de asegurados a la p\u00fablica y el Sergas no pudiera asumirlos\u00bb, explica Manuel Pi\u00f1eiro, portavoz de O&#8217;Mega en el \u00e1rea viguesa. <\/p>\n<p class=\"voc-p\" style=\"\">La principal queja de los sindicatos m\u00e9dicos tiene que ver con la estrategia de la direcci\u00f3n de Povisa de recurrir \u00aba profesionales mercantiles\u00bb que \u00abfacturan como si fueran aut\u00f3nomos\u00bb pero que no est\u00e1n dentro del convenio del centro. \u00bfResponde a un plan para ahorrar en plantilla? \u00abTenemos nuestras dudas de que esto est\u00e9 generando ahorros\u00bb, plantea Pi\u00f1eiro, \u00abaunque desconocemos cu\u00e1nto se le est\u00e1 pagando a estos profesionales\u00bb. El pasado a\u00f1o se supo que un tercio de los m\u00e9dicos de Urgencias de Povisa dimit\u00edan, pero desde O&#8217;Mega aclaran que esta salida se deb\u00eda a su incorporaci\u00f3n al Sergas, que ofert\u00f3 unas mejores condiciones laborales.<\/p>\n<p class=\"voc-p\" style=\"\">El crecimiento del grupo Ribera no est\u00e1 solo en Espa\u00f1a y mantiene actividad en otros pa\u00edses como Portugal, Eslovaquia y Rep\u00fablica Checa. El grupo gestiona actualmente 15 hospitales y m\u00e1s de 60 centros policl\u00ednicos con m\u00e1s de 9.000 trabajadores.<\/p>\n","protected":false},"excerpt":{"rendered":"El grupo Ribera Salud ha despedido al menos a cuatro directivos que denunciaron en el canal \u00e9tico interno&hellip;\n","protected":false},"author":2,"featured_media":274555,"comment_status":"","ping_status":"","sticky":false,"template":"","format":"standard","meta":{"footnotes":""},"categories":[8],"tags":[17,18,1428,900,37258,411,25,24,13,14,28947,67081,11,19,20,9,10,15,16,618,9952,8531,166,23,12,21,22],"class_list":{"0":"post-274554","1":"post","2":"type-post","3":"status-publish","4":"format-standard","5":"has-post-thumbnail","7":"category-espana","8":"tag-breaking-news","9":"tag-breakingnews","10":"tag-ceo","11":"tag-convirtio","12":"tag-costes","13":"tag-director","14":"tag-es","15":"tag-espana","16":"tag-featured-news","17":"tag-featurednews","18":"tag-financiero","19":"tag-gallart","20":"tag-headlines","21":"tag-latest-news","22":"tag-latestnews","23":"tag-news","24":"tag-noticias","25":"tag-noticias-destacadas","26":"tag-noticiasdestacadas","27":"tag-pablo","28":"tag-reducir","29":"tag-ribera","30":"tag-salud","31":"tag-spain","32":"tag-titulares","33":"tag-ultimas-noticias","34":"tag-ultimasnoticias"},"share_on_mastodon":{"url":"https:\/\/pubeurope.com\/@es\/115673786346504796","error":""},"_links":{"self":[{"href":"https:\/\/www.europesays.com\/es\/wp-json\/wp\/v2\/posts\/274554","targetHints":{"allow":["GET"]}}],"collection":[{"href":"https:\/\/www.europesays.com\/es\/wp-json\/wp\/v2\/posts"}],"about":[{"href":"https:\/\/www.europesays.com\/es\/wp-json\/wp\/v2\/types\/post"}],"author":[{"embeddable":true,"href":"https:\/\/www.europesays.com\/es\/wp-json\/wp\/v2\/users\/2"}],"replies":[{"embeddable":true,"href":"https:\/\/www.europesays.com\/es\/wp-json\/wp\/v2\/comments?post=274554"}],"version-history":[{"count":0,"href":"https:\/\/www.europesays.com\/es\/wp-json\/wp\/v2\/posts\/274554\/revisions"}],"wp:featuredmedia":[{"embeddable":true,"href":"https:\/\/www.europesays.com\/es\/wp-json\/wp\/v2\/media\/274555"}],"wp:attachment":[{"href":"https:\/\/www.europesays.com\/es\/wp-json\/wp\/v2\/media?parent=274554"}],"wp:term":[{"taxonomy":"category","embeddable":true,"href":"https:\/\/www.europesays.com\/es\/wp-json\/wp\/v2\/categories?post=274554"},{"taxonomy":"post_tag","embeddable":true,"href":"https:\/\/www.europesays.com\/es\/wp-json\/wp\/v2\/tags?post=274554"}],"curies":[{"name":"wp","href":"https:\/\/api.w.org\/{rel}","templated":true}]}}