{"id":27457,"date":"2025-08-05T15:11:12","date_gmt":"2025-08-05T15:11:12","guid":{"rendered":"https:\/\/www.europesays.com\/es\/27457\/"},"modified":"2025-08-05T15:11:12","modified_gmt":"2025-08-05T15:11:12","slug":"se-confirma-que-michu-dejo-por-escrito-un-testamento-fue-previsora","status":"publish","type":"post","link":"https:\/\/www.europesays.com\/es\/27457\/","title":{"rendered":"Se confirma que Michu dej\u00f3 por escrito un testamento: \u00abFue previsora\u00bb"},"content":{"rendered":"<p>El pasado 7 de julio trascendi\u00f3 a los medios <strong><a href=\"https:\/\/okdiario.com\/look\/actualidad\/imagenes-familiares-amigos-dan-ultimo-adios-michu-2334739\" rel=\"nofollow noopener\" target=\"_blank\">la muerte de Michu<\/a><\/strong>, <strong>la ex de Jos\u00e9 Fernando Ortega<\/strong> y madre de su \u00fanica hija. La andaluza, de 33 a\u00f1os, fue encontrada sin vida en su domicilio de Arcos de la Frontera, donde fueron despedidos sus restos mortales. Desde entonces, <a href=\"https:\/\/okdiario.com\/look\/actualidad\/guerra-custodia-hija-michu-calienta-gloria-camila-lanza-aviso-2346968\" rel=\"nofollow noopener\" target=\"_blank\">la custodia de Roc\u00edo<\/a> -su descendiente en com\u00fan- ha generado una <strong>gran tensi\u00f3n familiar y un enfrentamiento<\/strong> entre dos bandos: por una parte, el clan Ortega Mohedano, y por otra, los familiares de la fallecida, que han concedido varias entrevistas en los distintos espacios de la cadena de Fuencarral.<\/p>\n<p>El mismo d\u00eda de su p\u00e9rdida, ambas partes dejaron clara su postura con respecto al futuro de la menor. Mientras que el entorno de Michu dejaba claro que la peque\u00f1a se quedar\u00eda con ellos en su residencia habitual, los allegados de Roc\u00edo Jurado pon\u00edan sobre la mesa que, quiz\u00e1s, <strong>era mejor que la ni\u00f1a se mudara a Madrid<\/strong>, donde recibir\u00eda una mejor educaci\u00f3n. Ahora, TardeAR ha descubierto que la ex de Jos\u00e9 Fernando s\u00ed que habr\u00eda dejado por escrito sus \u00faltimas voluntades ante un notario, entre las que se encontrar\u00edan el futuro de su descendiente.<\/p>\n<p>\n<img decoding=\"async\" loading=\"lazy\" class=\"size-medium wp-image-2338507\" alt=\"Gloria Camila y la hermana de Michu. (Foto: Gtres\/Telecinco)\" width=\"620\" height=\"349\"  src=\"https:\/\/www.europesays.com\/es\/wp-content\/uploads\/2025\/08\/placeholder.jpg\"  bad-src=\"https:\/\/www.europesays.com\/es\/wp-content\/uploads\/2025\/08\/placeholder.jpg\"\/><\/p>\n<p><img decoding=\"async\" loading=\"lazy\" class=\"size-medium wp-image-2338507\" src=\"https:\/\/www.europesays.com\/es\/wp-content\/uploads\/2025\/08\/look-2025-07-15t160036.613-620x349.jpg\" alt=\"Gloria Camila y la hermana de Michu. (Foto: Gtres\/Telecinco)\" width=\"620\" height=\"349\"  \/><\/p>\n<p> Gloria Camila y la hermana de Michu. (Foto: Gtres\/Telecinco)\n<\/p>\n<p>El testamento de Michu que aclarar\u00e1 el futuro de su hija<\/p>\n<p>Una de las grandes sorpresas de las \u00faltimas horas es que se ha confirmado que, efectivamente, <a href=\"https:\/\/okdiario.com\/look\/actualidad\/madre-michu-aclara-futuro-hija-jose-fernando-ortega-2334727\" rel=\"nofollow noopener\" target=\"_blank\">Michu dej\u00f3 por escrito un testamento<\/a>. Con este documento jur\u00eddico escrito, en parte, se pondr\u00eda fin a las pol\u00e9micas sobre el futuro de su hija Roc\u00edo, tal y como desvelaron en el programa vespertino de Telecinco: \u00abLa semana pasada,\u00a0<strong>el padre de Michu se pone en contacto con los Ortega<\/strong> y les dice que hay un testamento, y que ese testamento ser\u00e1 abierto entre esta semana y principios de la que viene\u00bb.<\/p>\n<p>\n<img decoding=\"async\" loading=\"lazy\" class=\"size-medium wp-image-2333629\" alt=\"Michu\" width=\"349\" height=\"620\"  src=\"https:\/\/www.europesays.com\/es\/wp-content\/uploads\/2025\/08\/placeholder.jpg\"  bad-src=\"https:\/\/www.europesays.com\/es\/wp-content\/uploads\/2025\/08\/placeholder.jpg\"\/><\/p>\n<p><img decoding=\"async\" loading=\"lazy\" class=\"size-medium wp-image-2333629\" src=\"https:\/\/www.europesays.com\/es\/wp-content\/uploads\/2025\/08\/ch-349x620.jpg\" alt=\"Michu\" width=\"349\" height=\"620\"  \/><\/p>\n<p> Michu con su hija en brazos. (Foto: Gtres)\n<\/p>\n<p>Desde la muerte de la gaditana, una de las grandes inc\u00f3gnitas ha sido si habr\u00eda redactado o no un testamento. <strong>Una duda que parece haber llegado a su fin<\/strong>. \u00abSiempre se ha dicho que pod\u00eda tener o no tener. Lo que hay que hacer es pedir un certificado de \u00faltimas voluntades, y este ha se\u00f1alado que hab\u00eda un testamento hecho por Michu en una notar\u00eda. Nadie sab\u00eda si hab\u00eda hecho o no un testamento<strong>,<\/strong>\u00a0y lo que se\u00f1ala la realidad es que s\u00ed\u00a0lo hizo.<strong> Fue previsora,\u00a0y sabiendo del peligro que pod\u00eda tener en vida de que algo le pasara<\/strong>, hizo un testamento\u00bb, a\u00f1adi\u00f3 el reportero de TardeAR.<\/p>\n<p>En cuanto al futuro de la hija de Michu y Jos\u00e9 Fernando Ortega, lo m\u00e1s probable es que en este documento figure la \u00faltima voluntad de la ex cu\u00f1ada de Gloria Camila Ortega, por lo que se resolver\u00eda la mencionada tensi\u00f3n entre las familias: \u00ab<strong>Sobre con qui\u00e9n se queda su hija, eso lo tendremos que ver l\u00f3gicamente<\/strong>. Si ella tuvo esa previsi\u00f3n, ah\u00ed vendr\u00e1 plasmado cu\u00e1l era su voluntad\u00bb.<\/p>\n","protected":false},"excerpt":{"rendered":"El pasado 7 de julio trascendi\u00f3 a los medios la muerte de Michu, la ex de Jos\u00e9 Fernando&hellip;\n","protected":false},"author":2,"featured_media":27458,"comment_status":"","ping_status":"","sticky":false,"template":"","format":"standard","meta":{"footnotes":""},"categories":[174],"tags":[255,146,147,25,24,256,5931,23],"class_list":{"0":"post-27457","1":"post","2":"type-post","3":"status-publish","4":"format-standard","5":"has-post-thumbnail","7":"category-famosos","8":"tag-celebrities","9":"tag-entertainment","10":"tag-entretenimiento","11":"tag-es","12":"tag-espana","13":"tag-famosos","14":"tag-michu","15":"tag-spain"},"share_on_mastodon":{"url":"","error":""},"_links":{"self":[{"href":"https:\/\/www.europesays.com\/es\/wp-json\/wp\/v2\/posts\/27457","targetHints":{"allow":["GET"]}}],"collection":[{"href":"https:\/\/www.europesays.com\/es\/wp-json\/wp\/v2\/posts"}],"about":[{"href":"https:\/\/www.europesays.com\/es\/wp-json\/wp\/v2\/types\/post"}],"author":[{"embeddable":true,"href":"https:\/\/www.europesays.com\/es\/wp-json\/wp\/v2\/users\/2"}],"replies":[{"embeddable":true,"href":"https:\/\/www.europesays.com\/es\/wp-json\/wp\/v2\/comments?post=27457"}],"version-history":[{"count":0,"href":"https:\/\/www.europesays.com\/es\/wp-json\/wp\/v2\/posts\/27457\/revisions"}],"wp:featuredmedia":[{"embeddable":true,"href":"https:\/\/www.europesays.com\/es\/wp-json\/wp\/v2\/media\/27458"}],"wp:attachment":[{"href":"https:\/\/www.europesays.com\/es\/wp-json\/wp\/v2\/media?parent=27457"}],"wp:term":[{"taxonomy":"category","embeddable":true,"href":"https:\/\/www.europesays.com\/es\/wp-json\/wp\/v2\/categories?post=27457"},{"taxonomy":"post_tag","embeddable":true,"href":"https:\/\/www.europesays.com\/es\/wp-json\/wp\/v2\/tags?post=27457"}],"curies":[{"name":"wp","href":"https:\/\/api.w.org\/{rel}","templated":true}]}}