{"id":274575,"date":"2025-12-06T17:42:09","date_gmt":"2025-12-06T17:42:09","guid":{"rendered":"https:\/\/www.europesays.com\/es\/274575\/"},"modified":"2025-12-06T17:42:09","modified_gmt":"2025-12-06T17:42:09","slug":"meghan-markle-confirma-que-se-ha-puesto-en-contacto-con-su-padre-tras-la-noticia-de-que-han-tenido-que-amputarle-una-pierna-para-salvarle-la-vida","status":"publish","type":"post","link":"https:\/\/www.europesays.com\/es\/274575\/","title":{"rendered":"Meghan Markle confirma que se ha puesto en contacto con su padre tras la noticia de que han tenido que amputarle una pierna para salvarle la vida"},"content":{"rendered":"<p class=\"has-dropcap\">Un portavoz de los duques de Sussex ha confirmado que <a href=\"https:\/\/www.revistavanityfair.es\/articulos\/meghan-markle-especial-navidad-netflix-beige\" rel=\"nofollow noopener\" target=\"_blank\">Meghan Markle<\/a> se ha puesto en contacto con su padre tras enterarse de la cirug\u00eda que se le ha tenido que llevar a cabo para amputarle una pierna.<\/p>\n<p>La operaci\u00f3n tuvo lugar el mi\u00e9rcoles pasado en un hospital de Ceb\u00fa, la ciudad de Filipinas a la que el consuegro del <a href=\"https:\/\/www.revistavanityfair.es\/articulos\/andres-mountbatten-windsor-navidad-sandringham\" rel=\"nofollow noopener\" target=\"_blank\">rey Carlos III<\/a> se mud\u00f3 a principios de este a\u00f1o para comenzar una \u201cvida nueva\u201d y alejarse del \u201cconstante dolor\u201d que, seg\u00fan dijo, le han provocado estos a\u00f1os de distanciamiento de su hija. <a href=\"https:\/\/www.revistavanityfair.es\/realeza\/articulos\/meghan-markle-habla-de-su-padre-en-un-video-que-se-quedo-fuera-del-montaje-final-de-su-entrevista-con-oprah-winfrey\/49158\" rel=\"nofollow noopener\" target=\"_blank\">Thomas Markle<\/a>, de 81 a\u00f1os, reside all\u00ed junto a otro de sus hijos, Thomas Jr, y fue \u00e9ste quien ayer comunic\u00f3 la noticia: su padre hab\u00eda ingresado de urgencia en el hospital despu\u00e9s de que un co\u00e1gulo le cortara la circulaci\u00f3n y su pie izquierdo empezara a pon\u00e9rsele negro.<\/p>\n<p>\u201cMi padre est\u00e1 siendo muy valiente. Su pie se puso azul y luego negro. Pas\u00f3 muy r\u00e1pido. Lo llev\u00e9 a un hospital local, le hicieron unas tomograf\u00edas y una ecograf\u00eda y dijeron que hab\u00eda que amputarle la pierna\u201d, recog\u00eda ayer el Daily Mail sus palabras. \u201cDijeron que era cuesti\u00f3n de vida o muerte\u201d.<\/p>\n<p>Seg\u00fan inform\u00f3 luego The Times, la duquesa de Sussex se enter\u00f3 de la operaci\u00f3n por los medios. Antes de tratar de ponerse en contacto con su padre, pidi\u00f3 a su equipo que verificara la noticia, sin que por ahora haya quedado claro si habl\u00f3 directamente o no con \u00e9l.<\/p>\n<p>Meghan Markle lleva distanciada de su padre desde los preparativos de <a href=\"https:\/\/www.revistavanityfair.es\/realeza\/bodas-reales\/galerias\/boda-meghan-harry-imagenes\/12836\" rel=\"nofollow noopener\" target=\"_blank\">su boda con el pr\u00edncipe Harry<\/a> en mayo de 2018. Inicialmente, iba a haber sido Thomas quien la llevara al altar, pero despu\u00e9s de que poco antes de la ceremonia se descubriera que hab\u00eda negociado unas fotos con un paparazzi, su relaci\u00f3n con Meghan se tens\u00f3 y finalmente Thomas rechaz\u00f3 asistir. \u201cPerd\u00ed a mi padre\u201d, declar\u00f3 la duquesa de Sussex en <a href=\"https:\/\/www.revistavanityfair.es\/realeza\/articulos\/meghan-harry-entrevista-oprah-millones-dolares\/49129\" rel=\"nofollow noopener\" target=\"_blank\">su famosa entrevista con Oprah Winfrey<\/a> de 2021.<\/p>\n<p>En los siete a\u00f1os que han pasado desde entonces, Thomas Markle tambi\u00e9n ha sufrido dos infartos y un derrame cerebral, pero los problemas con su hija siguen sin solucionarse; de hecho, todav\u00eda no conoce a los <a href=\"https:\/\/www.revistavanityfair.es\/articulos\/principe-archie-princesa-lilibet-titulos-hijos-harry-meghan\" rel=\"nofollow noopener\" target=\"_blank\">pr\u00edncipes Archie y Lilibet<\/a>, los dos hijos de Meghan y el pr\u00edncipe Harry.<\/p>\n","protected":false},"excerpt":{"rendered":"Un portavoz de los duques de Sussex ha confirmado que Meghan Markle se ha puesto en contacto con&hellip;\n","protected":false},"author":2,"featured_media":274576,"comment_status":"","ping_status":"","sticky":false,"template":"","format":"standard","meta":{"footnotes":""},"categories":[91],"tags":[146,147,25,24,5868,3066,35412,23],"class_list":{"0":"post-274575","1":"post","2":"type-post","3":"status-publish","4":"format-standard","5":"has-post-thumbnail","7":"category-entretenimiento","8":"tag-entertainment","9":"tag-entretenimiento","10":"tag-es","11":"tag-espana","12":"tag-familia-real-britanica","13":"tag-meghan-markle","14":"tag-principe-harry","15":"tag-spain"},"share_on_mastodon":{"url":"https:\/\/pubeurope.com\/@es\/115673861002471187","error":""},"_links":{"self":[{"href":"https:\/\/www.europesays.com\/es\/wp-json\/wp\/v2\/posts\/274575","targetHints":{"allow":["GET"]}}],"collection":[{"href":"https:\/\/www.europesays.com\/es\/wp-json\/wp\/v2\/posts"}],"about":[{"href":"https:\/\/www.europesays.com\/es\/wp-json\/wp\/v2\/types\/post"}],"author":[{"embeddable":true,"href":"https:\/\/www.europesays.com\/es\/wp-json\/wp\/v2\/users\/2"}],"replies":[{"embeddable":true,"href":"https:\/\/www.europesays.com\/es\/wp-json\/wp\/v2\/comments?post=274575"}],"version-history":[{"count":0,"href":"https:\/\/www.europesays.com\/es\/wp-json\/wp\/v2\/posts\/274575\/revisions"}],"wp:featuredmedia":[{"embeddable":true,"href":"https:\/\/www.europesays.com\/es\/wp-json\/wp\/v2\/media\/274576"}],"wp:attachment":[{"href":"https:\/\/www.europesays.com\/es\/wp-json\/wp\/v2\/media?parent=274575"}],"wp:term":[{"taxonomy":"category","embeddable":true,"href":"https:\/\/www.europesays.com\/es\/wp-json\/wp\/v2\/categories?post=274575"},{"taxonomy":"post_tag","embeddable":true,"href":"https:\/\/www.europesays.com\/es\/wp-json\/wp\/v2\/tags?post=274575"}],"curies":[{"name":"wp","href":"https:\/\/api.w.org\/{rel}","templated":true}]}}