{"id":274592,"date":"2025-12-06T17:56:10","date_gmt":"2025-12-06T17:56:10","guid":{"rendered":"https:\/\/www.europesays.com\/es\/274592\/"},"modified":"2025-12-06T17:56:10","modified_gmt":"2025-12-06T17:56:10","slug":"el-alaves-se-adelanta-de-penalti-en-mendizorroza-aunque-a-punto-estuvo-de-fallarlo-boye","status":"publish","type":"post","link":"https:\/\/www.europesays.com\/es\/274592\/","title":{"rendered":"El Alav\u00e9s se adelanta de penalti en Mendizorroza&#8230; aunque a punto estuvo de fallarlo Boy\u00e9"},"content":{"rendered":"<p>                        Se lo pitaron a Aritz Elustondo justo antes de que el \u00e1rbitro pitara el descanso\n<\/p>\n<p><img src=\"https:\/\/www.mundodeportivo.com\/files\/image_449_220\/files\/fp\/uploads\/2025\/12\/06\/693458747febd.r_d.1540-1027-1458.jpeg\" data-full-src=\"https:\/\/www.europesays.com\/es\/wp-content\/uploads\/2025\/12\/693458747febd.jpeg\" alt=\"Horizontal\" width=\"449\" height=\"220\" class=\"nolazy\" decoding=\"async\" fetchpriority=\"high\"\/><\/p>\n<p class=\"caption-title \">Lucas Boy\u00e9 celebra su tanto a la Real Sociedad<\/p>\n<p>Juan Manuel Serrano Arce \/ Getty<\/p>\n<p>\n                        Actualizado a  06\/12\/2025 17:32 CET\n                    <\/p>\n<p data-gtm-element-container=\"modulo-texto-link\" class=\"paragraph\">Lo mereci\u00f3 m\u00e1s el <strong>Alav\u00e9s <\/strong>durante la primera mitad en Mendizorroza. Sin embargo, el primer tanto tuvo que llegar desde el punto de <strong>penalti <\/strong>y cuando a punto estaba de pitar el descanso el \u00e1rbitro. Fue por una <strong>mano de Aritz Elustondo<\/strong>\u00a0que, adem\u00e1s, estaba agarrando la camiseta de su marca.\u00a0<\/p>\n<blockquote class=\"twitter-tweet\" data-lang=\"es\"><p>\n<a href=\"https:\/\/twitter.com\/GoalsXtra\/status\/1997336994318360676\" rel=\"nofollow noopener\" target=\"_blank\">\n<\/p><\/blockquote>\n<p data-gtm-element-container=\"modulo-texto-link\" class=\"paragraph\">Del lanzamiento se encarg\u00f3 el argentino<strong> Lucas Boy\u00e9<\/strong>, que sum\u00f3 su <strong>tercer tanto de esta temporada<\/strong>, pero que estuvo a mil\u00edmetros de fallarlo. Y es que <strong>\u00c1lex Remiro le adivin\u00f3 la direcci\u00f3n <\/strong>del disparo. De hecho, lleg\u00f3 a tocar el esf\u00e9rico, pero iba con la suficiente fuerza como para que no pudiera pararlo.\u00a0<\/p>\n<p>\n        Mostrar comentarios\n    <\/p>\n<p>{\u00aballowComment\u00bb:\u00bballowed\u00bb,\u00bbarticleId\u00bb:\u00bbarticle-1002582306&#8243;,\u00bburl\u00bb:\u00bbhttps:\\\/\\\/www.mundodeportivo.com\\\/futbol\\\/laliga\\\/20251206\\\/1002582306\\\/alaves-adelanta-penalti-mendizorroza-punto-estuvo-fallarlo-boye.html\u00bb,\u00bblivefyre-url\u00bb:\u00bbarticle-1002582306&#8243;}<\/p>\n<p>Cargando siguiente contenido&#8230;\n                <\/p>\n<p>    <script async src=\"https:\/\/platform.twitter.com\/widgets.js\" charset=\"utf-8\"><\/script><\/p>\n","protected":false},"excerpt":{"rendered":"Se lo pitaron a Aritz Elustondo justo antes de que el \u00e1rbitro pitara el descanso Lucas Boy\u00e9 celebra&hellip;\n","protected":false},"author":2,"featured_media":274593,"comment_status":"","ping_status":"","sticky":false,"template":"","format":"standard","meta":{"footnotes":""},"categories":[268],"tags":[168,25,24,280,282,281,23,167],"class_list":{"0":"post-274592","1":"post","2":"type-post","3":"status-publish","4":"format-standard","5":"has-post-thumbnail","7":"category-futbol","8":"tag-deportes","9":"tag-es","10":"tag-espana","11":"tag-football","12":"tag-futbol","13":"tag-soccer","14":"tag-spain","15":"tag-sports"},"share_on_mastodon":{"url":"https:\/\/pubeurope.com\/@es\/115673916587503472","error":""},"_links":{"self":[{"href":"https:\/\/www.europesays.com\/es\/wp-json\/wp\/v2\/posts\/274592","targetHints":{"allow":["GET"]}}],"collection":[{"href":"https:\/\/www.europesays.com\/es\/wp-json\/wp\/v2\/posts"}],"about":[{"href":"https:\/\/www.europesays.com\/es\/wp-json\/wp\/v2\/types\/post"}],"author":[{"embeddable":true,"href":"https:\/\/www.europesays.com\/es\/wp-json\/wp\/v2\/users\/2"}],"replies":[{"embeddable":true,"href":"https:\/\/www.europesays.com\/es\/wp-json\/wp\/v2\/comments?post=274592"}],"version-history":[{"count":0,"href":"https:\/\/www.europesays.com\/es\/wp-json\/wp\/v2\/posts\/274592\/revisions"}],"wp:featuredmedia":[{"embeddable":true,"href":"https:\/\/www.europesays.com\/es\/wp-json\/wp\/v2\/media\/274593"}],"wp:attachment":[{"href":"https:\/\/www.europesays.com\/es\/wp-json\/wp\/v2\/media?parent=274592"}],"wp:term":[{"taxonomy":"category","embeddable":true,"href":"https:\/\/www.europesays.com\/es\/wp-json\/wp\/v2\/categories?post=274592"},{"taxonomy":"post_tag","embeddable":true,"href":"https:\/\/www.europesays.com\/es\/wp-json\/wp\/v2\/tags?post=274592"}],"curies":[{"name":"wp","href":"https:\/\/api.w.org\/{rel}","templated":true}]}}