{"id":274598,"date":"2025-12-06T18:02:08","date_gmt":"2025-12-06T18:02:08","guid":{"rendered":"https:\/\/www.europesays.com\/es\/274598\/"},"modified":"2025-12-06T18:02:08","modified_gmt":"2025-12-06T18:02:08","slug":"nuevo-logo-y-poster-de-el-senor-de-los-anillos-que-volvera-a-estrenarse-en-cines-por-su-25-aniversario","status":"publish","type":"post","link":"https:\/\/www.europesays.com\/es\/274598\/","title":{"rendered":"Nuevo logo y p\u00f3ster de El se\u00f1or de los anillos, que volver\u00e1 a estrenarse en cines por su 25 aniversario"},"content":{"rendered":"<p class=\"c-paragraph\">Si eres un apasionado de la trilog\u00eda de <b><a href=\"https:\/\/www.hobbyconsolas.com\/recomendados\/esta-edicion-ilustrada-senor-los-anillos-viene-con-un-detalle-los-cantos_6906788_0.html\" title=\"Esta edici\u00f3n ilustrada de El Se\u00f1or de los Anillos: viene con un detalle en los cantos\" rel=\"nofollow noopener\" target=\"_blank\">El se\u00f1or de los anillos<\/a><\/b> de <b><a href=\"\">Peter Jackson<\/a><\/b>, no te vayas muy lejos. Hoy te vamos a poner al d\u00eda de lo que se est\u00e1 preparando para celebrar el 25\u00ba aniversario de, posiblemente, la producci\u00f3n m\u00e1s \u00e9pica de la historia del cine.<\/p>\n<p class=\"c-paragraph\">Adem\u00e1s, si te encanta disfrutar de esta franquicia en todo su esplendor, revisionando las cintas en sus versiones extendidas, lo que te vamos a contar te dibujar\u00e1 una sonrisa en la cara. \u00bfEst\u00e1s preparado para regresar a la <b>Comarca<\/b>?<\/p>\n<p class=\"c-paragraph\">Pero antes de seguir, te recomendamos que le eches un vistazo a nuestro v\u00eddeo de m\u00e1s abajo. \u00bfEst\u00e1s seguro de que eres un experto de El se\u00f1or de los anillos y conoces todos sus secretos?<\/p>\n<p class=\"c-paragraph\">Vale, si te crees el elfo m\u00e1s listo de <b><a href=\"https:\/\/www.hobbyconsolas.com\/recomendados\/lego-rivendel-es-los-mas-grandes-ahora-esta-rebajadisimo-hay-stock-limitado_6900052_0.html\" title=\"El LEGO de Rivendel es de los m\u00e1s grandes, y ahora est\u00e1 rebajad\u00edsimo: hay stock limitado\" rel=\"nofollow noopener\" target=\"_blank\">Rivendel<\/a><\/b>, a ver si es cierto que conoces todas estas curiosidades de las aventuras de <b>Frodo <\/b>y sus amigos. Una vez pases la prueba, \u00a1entonces ser\u00e1s digno de conocer la buena nueva que se ha publicado en las \u00faltimas horas!<a href=\"\"\/><\/p>\n<p class=\"c-paragraph\">Como has pasado la prueba, te mereces saber que la versi\u00f3n extendida de la trilog\u00eda original de El se\u00f1or de los anillos volver\u00e1 a estrenarse en cines a partir del 16 de enero, con motivo del 25\u00ba aniversario de la producci\u00f3n. \u00a1Casi nada! Pero esto no es lo mejor de todo&#8230;<\/p>\n<p class=\"c-paragraph\">Aparte de estas 11 horas y media de entretenimiento, se ha creado un logo oficial para este aniversario, as\u00ed como una serie de carteles de cine para festejar este hito. De momento, te dejamos aqu\u00ed abajo el p\u00f3ster de <b>La comunidad del anillo<\/b>, la primera cinta de la trilog\u00eda, en el que apreciamos las m\u00edticas y colosales estatuas de los reyes <b>Isildur <\/b>y <b>Anarion<\/b>:\u00a0<\/p>\n<p class=\"c-paragraph\">Todav\u00eda est\u00e1 por ver si este evento cinematogr\u00e1fico de tintes \u00e9picos llegar\u00e1 a Espa\u00f1a, pero algo nos dice que no ser\u00eda nada descabellado. Si se diera el caso, \u00bfacudir\u00edas de nuevo a los cines a revivir el periplo por la <b>Tierra Media<\/b>?<\/p>\n<p class=\"c-paragraph\">Por nuestra parte, deseamos que se trabaje en este aniversario y los espectadores puedan volver a vivir este maravilloso viaje en la gran pantalla. Hace no mucho tiempo se volvieron a estrenar en nuestros cines, as\u00ed que suponemos que ser\u00eda bastante factible hacerlo una vez m\u00e1s.<\/p>\n","protected":false},"excerpt":{"rendered":"Si eres un apasionado de la trilog\u00eda de El se\u00f1or de los anillos de Peter Jackson, no te&hellip;\n","protected":false},"author":2,"featured_media":274599,"comment_status":"","ping_status":"","sticky":false,"template":"","format":"standard","meta":{"footnotes":""},"categories":[169],"tags":[177,146,147,25,24,176,25707,175,524,17188,8653,23],"class_list":{"0":"post-274598","1":"post","2":"type-post","3":"status-publish","4":"format-standard","5":"has-post-thumbnail","7":"category-cine","8":"tag-cine","9":"tag-entertainment","10":"tag-entretenimiento","11":"tag-es","12":"tag-espana","13":"tag-film","14":"tag-logo","15":"tag-movies","16":"tag-nuevo","17":"tag-poster","18":"tag-senor","19":"tag-spain"},"share_on_mastodon":{"url":"https:\/\/pubeurope.com\/@es\/115673939673793541","error":""},"_links":{"self":[{"href":"https:\/\/www.europesays.com\/es\/wp-json\/wp\/v2\/posts\/274598","targetHints":{"allow":["GET"]}}],"collection":[{"href":"https:\/\/www.europesays.com\/es\/wp-json\/wp\/v2\/posts"}],"about":[{"href":"https:\/\/www.europesays.com\/es\/wp-json\/wp\/v2\/types\/post"}],"author":[{"embeddable":true,"href":"https:\/\/www.europesays.com\/es\/wp-json\/wp\/v2\/users\/2"}],"replies":[{"embeddable":true,"href":"https:\/\/www.europesays.com\/es\/wp-json\/wp\/v2\/comments?post=274598"}],"version-history":[{"count":0,"href":"https:\/\/www.europesays.com\/es\/wp-json\/wp\/v2\/posts\/274598\/revisions"}],"wp:featuredmedia":[{"embeddable":true,"href":"https:\/\/www.europesays.com\/es\/wp-json\/wp\/v2\/media\/274599"}],"wp:attachment":[{"href":"https:\/\/www.europesays.com\/es\/wp-json\/wp\/v2\/media?parent=274598"}],"wp:term":[{"taxonomy":"category","embeddable":true,"href":"https:\/\/www.europesays.com\/es\/wp-json\/wp\/v2\/categories?post=274598"},{"taxonomy":"post_tag","embeddable":true,"href":"https:\/\/www.europesays.com\/es\/wp-json\/wp\/v2\/tags?post=274598"}],"curies":[{"name":"wp","href":"https:\/\/api.w.org\/{rel}","templated":true}]}}