{"id":274610,"date":"2025-12-06T18:08:09","date_gmt":"2025-12-06T18:08:09","guid":{"rendered":"https:\/\/www.europesays.com\/es\/274610\/"},"modified":"2025-12-06T18:08:09","modified_gmt":"2025-12-06T18:08:09","slug":"un-buque-de-la-flota-fantasma-rusa-atacado-por-ucrania-permanece-varado-frente-a-la-costa-de-bulgaria","status":"publish","type":"post","link":"https:\/\/www.europesays.com\/es\/274610\/","title":{"rendered":"Un buque de la flota fantasma rusa atacado por Ucrania permanece varado frente a la costa de Bulgaria"},"content":{"rendered":"<p><img alt=\"El petrolero Kairos. REUTERS\/Yoruk Isik\" class=\"global-image\" decoding=\"async\" fetchpriority=\"high\" height=\"2464\" loading=\"eager\" src=\"https:\/\/www.europesays.com\/es\/wp-content\/uploads\/2025\/12\/RFZVTRKDKFFW3IQIRPJY54UYYI.JPG\" width=\"3697\"\/>El petrolero Kairos. REUTERS\/Yoruk Isik<\/p>\n<p class=\"paragraph\">Un petrolero de la \u201cflota fantasma\u201d rusa, atacado por Ucrania a finales de noviembre en el B\u00f3sforo, <b>se encuentra varado frente a la costa b\u00falgara<\/b> y est\u00e1 en marcha un operativo para evacuar a los 10 tripulantes, informaron este s\u00e1bado las autoridades locales.<\/p>\n<p class=\"paragraph\">La tripulaci\u00f3n del \u2018Kairos\u2019, registrado en China y supuestamente usado para el tr\u00e1fico ilegal de petr\u00f3leo, no puede ser evacuada debido al mal tiempo y al fuerte oleaje, explic\u00f3 a EFE Anton Zlatanov, director de la Direcci\u00f3n General de Polic\u00eda Fronteriza.<\/p>\n<p class=\"paragraph\">Seg\u00fan el oficial b\u00falgaro, el buque fue detectado por la polic\u00eda fronteriza del pa\u00eds balc\u00e1nico el viernes en torno al mediod\u00eda.<\/p>\n<p class=\"paragraph\"><b>\u201cDurante las primeras horas, la tripulaci\u00f3n no contact\u00f3 a las autoridades b\u00falgaras. Sin embargo, m\u00e1s tarde comenz\u00f3 a responder, indicando que hab\u00eda 10 personas a bordo y que deseaban ser evacuados\u201d<\/b>, explic\u00f3 Zlatanov.<\/p>\n<p class=\"paragraph\">Turqu\u00eda inform\u00f3 el 28 de noviembre pasado de que el \u2018Kairos\u2019 navegaba hacia el puerto ruso de Novorossiysk, en el mar Negro, cuando se produjo un \u201cataque externo\u201d que provoc\u00f3 un incendio a unas 28 millas n\u00e1uticas de la costa turca.<\/p>\n<p class=\"paragraph\"><b>El \u2018Kairos\u2019 figura en la lista de buques sujetos a sanciones impuestas contra Rusia <\/b>tras la invasi\u00f3n de Ucrania en 2022.<\/p>\n<p class=\"paragraph\">El buque acab\u00f3 tocando fondo aproximadamente a una milla n\u00e1utica al este de Ahtopol, en el extremo sureste de Bulgaria, cerca de la frontera con Turqu\u00eda, y su navegaci\u00f3n qued\u00f3 suspendida.<\/p>\n<p><img alt=\"El petrolero Kairos, con bandera\" class=\"global-image\" decoding=\"async\" fetchpriority=\"low\" height=\"3648\" loading=\"lazy\" src=\"https:\/\/www.europesays.com\/es\/wp-content\/uploads\/2025\/12\/FCJZRJNMTJB3BBTDJZSQTMC3DQ.JPG\" width=\"5472\"\/>El petrolero Kairos, con bandera de Gambia, transita por el B\u00f3sforo en Estambul, Turqu\u00eda. REUTERS\/Yoruk Isik<\/p>\n<p class=\"paragraph\">El petrolero permanece bajo vigilancia constante debido al fuerte oleaje, que alcanza los cuatro metros de altura y una embarcaci\u00f3n de la Polic\u00eda Fronteriza est\u00e1 lista con un equipo especializado para dirigirse al buque.<\/p>\n<p class=\"paragraph\">Dos remolcadores y un helic\u00f3ptero tambi\u00e9n est\u00e1n preparados para sumarse al operativo, a\u00f1adi\u00f3 Zlatanov. <\/p>\n<p class=\"paragraph\">El Ministerio de Exteriores de Turqu\u00eda ha citado al embajador ucraniano en Ankara, <b>Nariman Dzhelaliov,<\/b> y al encargado de negocios de la embajada rusa para expresarles su \u201cpreocupaci\u00f3n\u201d por los ataques contra buques de la marina mercante en el mar Negro, inform\u00f3 este jueves el diario Cumhuriyet.<\/p>\n<p class=\"paragraph\">Las citaciones tuvieron lugar este jueves y la v\u00edspera, seg\u00fan afirm\u00f3 la viceministra de Exteriores turca, Berris Ekinci, ante una comisi\u00f3n del Parlamento turco.<\/p>\n<p class=\"paragraph\"><b>\u201cEn las \u00faltimas semanas hemos visto una escalada muy grave en ataques mutuos en la guerra ruso-ucraniana. Y \u00faltimamente ha habido ataques en nuestra zona econ\u00f3mica exclusiva en el mar Negro\u201d,<\/b> declar\u00f3 la viceministra.<\/p>\n<p class=\"paragraph\">\u201cAyer y hoy hemos citado al encargado de negocios de Rusia en <b>Ankara y al embajador ucraniano para expresarles nuestra preocupaci\u00f3n. No queremos que el mar Negro se convierta en un campo de batalla ni que nos arrastre a ello\u201d<\/b>, agreg\u00f3.<\/p>\n<p><img alt=\"El presidente turco  Recep\" class=\"global-image\" decoding=\"async\" fetchpriority=\"low\" height=\"1354\" loading=\"lazy\" src=\"https:\/\/www.europesays.com\/es\/wp-content\/uploads\/2025\/12\/EQUC246DG5CSRGSNXDZXLOINOI.jpg\" width=\"1920\"\/>El presidente turco  Recep Tayyip Erdogan<\/p>\n<p class=\"paragraph\">Ucrania ha reivindicado sendos ataques con drones navales en la madrugada del viernes pasado contra dos petroleros, el Kairos y el Virat, ambos abanderados en Gambia y registrados a nombre de compa\u00f1\u00edas chinas.<\/p>\n<p class=\"paragraph\">Los dos buques, sin carga en el momento del ataque, se dirig\u00edan al puerto ruso de Novoros\u00edisk, supuestamente para cargar crudo ruso, y seg\u00fan Kiev forman parte de la \u201cflota rusa en la sombra\u201d, es decir, barcos rusos camuflados para evitar las sanciones impuestas a Mosc\u00fa.<\/p>\n<p class=\"paragraph\">En el Kairos se produjo un enorme incendio, apagado por buques bombero turcos, que evacuaron la tripulaci\u00f3n, mientras que el Virat, sin sufrir mayores da\u00f1os, interrumpi\u00f3 su viaje y est\u00e1 fondeado cerca de Estambul.<\/p>\n<p class=\"paragraph\">El presidente turco,<b> Recep Tayyip<\/b> <b>Erdogan, expres\u00f3 el lunes pasado su rotunda oposici\u00f3n a estos ataques, calific\u00e1ndolos de \u201cinexcusables\u201d.<\/b><\/p>\n<p class=\"paragraph\">El martes pasado, el buque Midvolga 2, abanderado en Rusia y con propietario ruso, tambi\u00e9n sufri\u00f3 un ataque mientras navegaba con una carga de aceite de girasol de Rusia a Georgia, sin que se produjeran mayores da\u00f1os ni se precisara intervenci\u00f3n, seg\u00fan las autoridades turcas.<\/p>\n<p class=\"paragraph\">Al ser llamados al Ministerio, los representantes ucranianos aseguraron a sus interlocutores turcos que este tercer ataque no lo hab\u00eda llevado a cabo Kiev, asegura Cumhuriyet, citando a un diplom\u00e1tico turco an\u00f3nimo.<\/p>\n<p class=\"paragraph\">Turqu\u00eda respalda pol\u00edticamente a Ucrania en su enfrentamiento con Rusia, y adem\u00e1s le vende armamento, pero tambi\u00e9n mantiene buenas relaciones con Mosc\u00fa, sin aplicarle sanciones, y ha acogido varias rondas de negociaciones entre ambos pa\u00edses. <\/p>\n<p class=\"paragraph\">(Con informaci\u00f3n de EFE)<\/p>\n","protected":false},"excerpt":{"rendered":"El petrolero Kairos. REUTERS\/Yoruk Isik Un petrolero de la \u201cflota fantasma\u201d rusa, atacado por Ucrania a finales de&hellip;\n","protected":false},"author":2,"featured_media":274611,"comment_status":"","ping_status":"","sticky":false,"template":"","format":"standard","meta":{"footnotes":""},"categories":[42],"tags":[17,18,82,404,406,13,14,11,61,62,63,64,19,20,2148,9,10,15,16,12,21,22,65,66,67],"class_list":{"0":"post-274610","1":"post","2":"type-post","3":"status-publish","4":"format-standard","5":"has-post-thumbnail","7":"category-internacional","8":"tag-breaking-news","9":"tag-breakingnews","10":"tag-business","11":"tag-corporate-events","12":"tag-europe","13":"tag-featured-news","14":"tag-featurednews","15":"tag-headlines","16":"tag-internacional","17":"tag-international","18":"tag-international-news","19":"tag-internationalnews","20":"tag-latest-news","21":"tag-latestnews","22":"tag-middle-east","23":"tag-news","24":"tag-noticias","25":"tag-noticias-destacadas","26":"tag-noticiasdestacadas","27":"tag-titulares","28":"tag-ultimas-noticias","29":"tag-ultimasnoticias","30":"tag-world","31":"tag-world-news","32":"tag-worldnews"},"share_on_mastodon":{"url":"https:\/\/pubeurope.com\/@es\/115673963840551797","error":""},"_links":{"self":[{"href":"https:\/\/www.europesays.com\/es\/wp-json\/wp\/v2\/posts\/274610","targetHints":{"allow":["GET"]}}],"collection":[{"href":"https:\/\/www.europesays.com\/es\/wp-json\/wp\/v2\/posts"}],"about":[{"href":"https:\/\/www.europesays.com\/es\/wp-json\/wp\/v2\/types\/post"}],"author":[{"embeddable":true,"href":"https:\/\/www.europesays.com\/es\/wp-json\/wp\/v2\/users\/2"}],"replies":[{"embeddable":true,"href":"https:\/\/www.europesays.com\/es\/wp-json\/wp\/v2\/comments?post=274610"}],"version-history":[{"count":0,"href":"https:\/\/www.europesays.com\/es\/wp-json\/wp\/v2\/posts\/274610\/revisions"}],"wp:featuredmedia":[{"embeddable":true,"href":"https:\/\/www.europesays.com\/es\/wp-json\/wp\/v2\/media\/274611"}],"wp:attachment":[{"href":"https:\/\/www.europesays.com\/es\/wp-json\/wp\/v2\/media?parent=274610"}],"wp:term":[{"taxonomy":"category","embeddable":true,"href":"https:\/\/www.europesays.com\/es\/wp-json\/wp\/v2\/categories?post=274610"},{"taxonomy":"post_tag","embeddable":true,"href":"https:\/\/www.europesays.com\/es\/wp-json\/wp\/v2\/tags?post=274610"}],"curies":[{"name":"wp","href":"https:\/\/api.w.org\/{rel}","templated":true}]}}