{"id":274620,"date":"2025-12-06T18:18:09","date_gmt":"2025-12-06T18:18:09","guid":{"rendered":"https:\/\/www.europesays.com\/es\/274620\/"},"modified":"2025-12-06T18:18:09","modified_gmt":"2025-12-06T18:18:09","slug":"directo-san-pablo-burgos-ucam-murcia-cb-la-verdad","status":"publish","type":"post","link":"https:\/\/www.europesays.com\/es\/274620\/","title":{"rendered":"Directo | San Pablo Burgos &#8211; UCAM Murcia CB &#8211; La Verdad"},"content":{"rendered":"<ol>\n<li><a href=\"https:\/\/news.google.com\/rss\/articles\/CBMioAFBVV95cUxQWExnRUhQc201UkRnOTV6OGoxU051ZWV5bXIxZDhMMVZNVkNkcTgxbjZGdGI1M21yQXE2NnJqWXZFM3Y1NkVhaWtySGZpWnE5WUt2V0RGVlZOakkyLTBKOGJ3QmtUQTlEdUZ6WUEzTzJQMmtUbU82Rlhwcmt5d3FaVEFGQXdpZHpvQkdSLUljdmU5VDA4a1FmcUdiYkp2YW1Q?oc=5\" target=\"_blank\" rel=\"nofollow noopener\">Directo | San Pablo Burgos &#8211; UCAM Murcia CB<\/a>&nbsp;&nbsp;La Verdad<\/li>\n<li><a href=\"https:\/\/news.google.com\/rss\/articles\/CBMitwFBVV95cUxPa21vcUttNzE4X3hReFRZZlBhSG13SGRrU1FOWXI5RWQ5NER5bU9FY2g5eUNScGZLY1B0SXluT1ZrdGJHT1dTTjZNUnI5Rjg2VFNYMWxseDFUZjlwcEhON2ZFYU9vYU53dEkwZVptdEY0dGhqdGxBcnFXU29RSlJYTVR3MXg0SUZlNW9HaHM1Y2VkamVOT0hMS0VBakJhQW5FRVl2eF83QktrSklZN1RiaW40eDJic1E?oc=5\" target=\"_blank\" rel=\"nofollow noopener\">Partido de nivel para retomar la competici\u00f3n de Liga Endesa<\/a>&nbsp;&nbsp;San Pablo Burgos<\/li>\n<li><a href=\"https:\/\/news.google.com\/rss\/articles\/CBMiugFBVV95cUxOSmtKeUhfdjVhUF9Qb0tsUmU1b2g5ZnNVV1VtY2ZoUGppTlRoZkRxT1JlUm9QQVZzdEdpSnZYWjBtbmZlNWs3S0I5WHVRVDBGZ0pFRUN2dmtUOTRZR0FrVy12VHJ4eE9jZlJDREF4cFJtczU2bmxabEMxRS1zREpKajJKMW95eGV2TGJvb21YNmRmcnpDS05mRURZVDJYanZaODlKVkI4Z2w0bUVLcjBXZ1A0UENhdlNwWXfSAc4BQVVfeXFMTkwwdXp3a2tsY2FRbkxBYUhCRG44aGlyMXdLNXFiaXUtVlRYbm54VGxWdEhsUUZiazRLTTUzc2twQjQycUdJWlJ1QVprQ2NSNmVnZ1NfZ1h0eWxIdUN6b0picVBpbkNySVA3UUNnUVAzdUJrMUc3WEc2a0drc3FsZEJvRjF1ZGhZSy1KcVJVZTN1ZDlwZnRBSW03S3J3OC1fNjhKdXZPSEVXakxUTHRDOEE0Z08wN08xLU1HczhiSjg5YzlZOWlUZFFoLVc3NEE?oc=5\" target=\"_blank\" rel=\"nofollow noopener\">Sito Alonso: \u00abCuando somos s\u00f3lidos atr\u00e1s, atacamos con m\u00e1s claridad\u00bb<\/a>&nbsp;&nbsp;Cadena SER<\/li>\n<li><a href=\"https:\/\/news.google.com\/rss\/articles\/CBMinAFBVV95cUxQQk5lS3BQM2lkMThYQzR4TWl6RTJtbmN6ZmdCZm5zc0RtNXFMSkJBUjVJMWtZeHVqa2c4LThzbGpwN2xuVzdvZGhuTDhsZzYtdFhJOXBiWmdkWndjc25MNkJNc1hBVk1iWHc0TUU5VUtOZ0trNEZzRmNjbFV0el9MYlNTTWpIcVRRaExOUXJfcmlNRFRpMURDOVRXRko?oc=5\" target=\"_blank\" rel=\"nofollow noopener\">\u201cTenemos que ser consistentes durante los 40 minutos\u201d<\/a>&nbsp;&nbsp;UCAM Deportes<\/li>\n<li><a href=\"https:\/\/news.google.com\/rss\/articles\/CBMiowFBVV95cUxOM3RvZk5tZnBtOEFLX2k4Vzl0TU5rN1JTVDFPWDhzUGtvMkVicGNOUjZFY09CT1FGWkE5UzZDMkFxQkg4Z0xpS2JpM0Z0ckliVEFXS2tUR2JCbFpHVGN6T0kzYU9vVmFoVFIyeUdINE43aGtEUXBhNFdXLVJrcnFjQWdVelJmV2M0X1FSc0RmY0tOWkprQTN3TlB5RHdZZFZCUDhJ0gGoAUFVX3lxTFBQc1YwR0U3QnRudGNfWkV4aU5ZSjYxRmVtOG0yLUlZUG5IX2pHTWMzMENIUTJMbUVDblBobW9scnhsajRDc3lTQ1czMjcybTlQWi1qOWluRXRkbHRtYVhxbGFRT3NLazFsMnpiTlphaFBOdmFIUW5Lbmh5ZXpka3F2bG9JWEt1ZkdWMTd2VU1pOF9ET2dkZ1NTTlNrWWFKRHFfcklvVndZQQ?oc=5\" target=\"_blank\" rel=\"nofollow noopener\">El UCAM Murcia abre en Burgos un diciembre para apuntar alto<\/a>&nbsp;&nbsp;La Opini\u00f3n de Murcia<\/li>\n<\/ol>\n","protected":false},"excerpt":{"rendered":"Directo | San Pablo Burgos &#8211; UCAM Murcia CB&nbsp;&nbsp;La Verdad Partido de nivel para retomar la competici\u00f3n de&hellip;\n","protected":false},"author":2,"featured_media":274621,"comment_status":"","ping_status":"","sticky":false,"template":"","format":"standard","meta":{"footnotes":""},"categories":[269],"tags":[299,298,623,168,2125,25,24,1478,618,2228,23,167,9413],"class_list":{"0":"post-274620","1":"post","2":"type-post","3":"status-publish","4":"format-standard","5":"has-post-thumbnail","7":"category-baloncesto","8":"tag-baloncesto","9":"tag-basketball","10":"tag-burgos","11":"tag-deportes","12":"tag-directo","13":"tag-es","14":"tag-espana","15":"tag-murcia","16":"tag-pablo","17":"tag-san","18":"tag-spain","19":"tag-sports","20":"tag-ucam"},"share_on_mastodon":{"url":"https:\/\/pubeurope.com\/@es\/115674002598001679","error":""},"_links":{"self":[{"href":"https:\/\/www.europesays.com\/es\/wp-json\/wp\/v2\/posts\/274620","targetHints":{"allow":["GET"]}}],"collection":[{"href":"https:\/\/www.europesays.com\/es\/wp-json\/wp\/v2\/posts"}],"about":[{"href":"https:\/\/www.europesays.com\/es\/wp-json\/wp\/v2\/types\/post"}],"author":[{"embeddable":true,"href":"https:\/\/www.europesays.com\/es\/wp-json\/wp\/v2\/users\/2"}],"replies":[{"embeddable":true,"href":"https:\/\/www.europesays.com\/es\/wp-json\/wp\/v2\/comments?post=274620"}],"version-history":[{"count":0,"href":"https:\/\/www.europesays.com\/es\/wp-json\/wp\/v2\/posts\/274620\/revisions"}],"wp:featuredmedia":[{"embeddable":true,"href":"https:\/\/www.europesays.com\/es\/wp-json\/wp\/v2\/media\/274621"}],"wp:attachment":[{"href":"https:\/\/www.europesays.com\/es\/wp-json\/wp\/v2\/media?parent=274620"}],"wp:term":[{"taxonomy":"category","embeddable":true,"href":"https:\/\/www.europesays.com\/es\/wp-json\/wp\/v2\/categories?post=274620"},{"taxonomy":"post_tag","embeddable":true,"href":"https:\/\/www.europesays.com\/es\/wp-json\/wp\/v2\/tags?post=274620"}],"curies":[{"name":"wp","href":"https:\/\/api.w.org\/{rel}","templated":true}]}}