{"id":274624,"date":"2025-12-06T18:20:19","date_gmt":"2025-12-06T18:20:19","guid":{"rendered":"https:\/\/www.europesays.com\/es\/274624\/"},"modified":"2025-12-06T18:20:19","modified_gmt":"2025-12-06T18:20:19","slug":"bea-gimeno-y-nacho-aragon-disfrutan-de-su-primera-escapada-a-la-nieve-con-el-pequeno-pelayo","status":"publish","type":"post","link":"https:\/\/www.europesays.com\/es\/274624\/","title":{"rendered":"Bea Gimeno y Nacho Arag\u00f3n disfrutan de su primera escapada a la nieve con el peque\u00f1o Pelayo"},"content":{"rendered":"<p data-wc=\"145\" id=\"eIWnmVLmIM\">Con el mes de diciembre reci\u00e9n estrenado, no hay mejor \u00e9poca para dejarse invadir por el esp\u00edritu navide\u00f1o y festivo. Las luces, las comidas marcadas por la tradici\u00f3n y los momentos compartidos en familia y con los seres queridos. Quiz\u00e1 ese haya sido el motivo que ha llevado a <strong>Bea Gimeno (28) y Nacho Arag\u00f3n (30) a organizar su primer viaje en familia<\/strong>. La pareja, que hace apenas un mes daba la <strong>bienvenida al peque\u00f1o Pelayo<\/strong>, su primer hijo en com\u00fan, ha querido empezar la Navidad de la mejor forma posible: esquiando y rodeados de nieve. Ha sido la creadora de contenido la que ha compartido las fotograf\u00edas de su escapada junto al ni\u00f1o, su marido y sus amigos. Equipada con el uniforme y los esqu\u00eds, Gimeno no ha dudado, como acostumbra, en mostrar toda la jornada acompa\u00f1ada de los suyos -incluida su familia canina-.<\/p>\n<p> <img src=\"https:\/\/www.europesays.com\/es\/wp-content\/uploads\/2025\/12\/013d16eb52f1-snapinstato589169271185459494450588003788529266897644463n.jpg\"   width=\"576\" height=\"1024\" loading=\"lazy\" decoding=\"async\" alt=\"Nacho Arag\u00f3n y Bea Gimeno disfrutan de una escapada a la nieve\" fetchpriority=\"auto\" class=\"image ho-image\"\/>\u00a9 @begimenoNacho Arag\u00f3n y Bea Gimeno disfrutan de una escapada a la nieve<\/p>\n<p> <img src=\"https:\/\/www.europesays.com\/es\/wp-content\/uploads\/2025\/12\/084536181357-snapinstato589259778185459506030588004332803316328269259n.jpg\"   width=\"576\" height=\"1024\" loading=\"lazy\" decoding=\"async\" alt=\"Bea Gimeno ha compartido una imagen de ella junto a su peque\u00f1o Pelayo despu\u00e9s de una escapada de lo m\u00e1s especial a la nieve\" fetchpriority=\"auto\" class=\"image ho-image\"\/>\u00a9 @begimenoBea Gimeno ha compartido una imagen de ella junto a su peque\u00f1o Pelayo despu\u00e9s de una escapada de lo m\u00e1s especial a la nieve<\/p>\n<p> <img src=\"https:\/\/www.europesays.com\/es\/wp-content\/uploads\/2025\/12\/9a333503e6f1-snapinstato591144827185459495830588008283020432401005317n.jpg\"   width=\"576\" height=\"1024\" loading=\"lazy\" decoding=\"async\" alt=\"La familia canina no ha faltado en esta especial escapada\" fetchpriority=\"auto\" class=\"image ho-image\"\/>\u00a9 @begimenoLa familia canina no ha faltado en esta especial escapada<\/p>\n<p id=\"eN6dtGW8fK\" data-wc=\"110\"><strong>\u00abLlegar de esquiar y que me espere esto\u00bb<\/strong>, as\u00ed mostraba la influencer\u00a0la manita de Pelayo, de apenas un mes, que se ha unido a este viaje tan especial. El nacimiento del peque\u00f1o, el <strong>primer hijo junto a Nacho Arag\u00f3n, con quien se cas\u00f3 hace un a\u00f1o en Mallorca\u00a0<\/strong>-en un precioso enlace del que \u00a1HOLA!\u00a0fue testigo-, ha sido un rayito de luz para ambos, que comienzan a dar sus primeros pasos como padres. <strong>Una etapa, sin duda, cargada de ilusi\u00f3n y de primeras veces que ambos est\u00e1n disfrutando plenamente.<\/strong> Prueba de ello es la ilusi\u00f3n que han mostrado ambos por poder compartir este primer viaje junto a Pelayo.<\/p>\n<p> <img src=\"https:\/\/www.europesays.com\/es\/wp-content\/uploads\/2025\/12\/9ead601c1601-snapinstato590832442185459058820588007853996461894662975n.jpg\"   width=\"576\" height=\"1024\" loading=\"lazy\" decoding=\"async\" alt=\"La llegada de Pelayo ha sido, sin duda, un nuevo comienzo para la pareja, que se dio el 's\u00ed, quiero' en 2024\" fetchpriority=\"auto\" class=\"image ho-image\"\/>\u00a9 @begimenoLa llegada de Pelayo ha sido, sin duda, un nuevo comienzo para la pareja, que se dio el &#8216;s\u00ed, quiero&#8217; en 2024<\/p>\n<p> <img src=\"https:\/\/www.europesays.com\/es\/wp-content\/uploads\/2025\/12\/be62db750f80-snapinstato591619430185459040670588007873668654863828019n.jpg\"   width=\"576\" height=\"1024\" loading=\"lazy\" decoding=\"async\" alt=\"La escapada para esquiar de Bea Gimeno junto a su familia\" fetchpriority=\"auto\" class=\"image ho-image\"\/>\u00a9 @begimenoLa escapada para esquiar de Bea Gimeno junto a su familia<\/p>\n<p data-wc=\"85\" id=\"eVkHw9WBD7\">La creadora de contenido no ha dudado en <a class=\"hm-link ho-link\" href=\"https:\/\/www.hola.com\/actualidad\/20251028862608\/bea-gimeno-y-nacho-aragon-ya-son-padres-de-su-primer-hijo\/\" rel=\"noopener nofollow\" target=\"_blank\" data-mrf-recirculation=\"article-body-link\">compartir con sus seguidores c\u00f3mo han sido\u00a0sus primeras semanas con Pelayo en casa<\/a>: mostrando los altos y los bajos de convertirse en madre primeriza y empleando sus redes sociales como un espejo de verdad. Paseos, visitas familiares, comidas fuera y noches de s\u00e1bado junto al peque\u00f1o que confirman lo ilusionados que ambos est\u00e1n tras la bienvenida del beb\u00e9. <strong>A todo ello se suma esta especial salida para quebrar con la rutina y disfrutar de la nieve.<\/strong><\/p>\n<p data-wc=\"81\" id=\"eckMWKWXU9\"><strong>La influencer\u00a0y el hijo de Emilio Arag\u00f3n se casaron el 7 de septiembre de 2024<\/strong> en una preciosa boda en Mallorca, rodeados de familiares y amigos, y la llegada de su primer hijo han puesto el broche de oro a su relaci\u00f3n. El nombre de Pelayo no fue escogido al azar, ya que el propio padre explic\u00f3 a \u00a1HOLA!\u00a0que era <strong>\u00abmuy asturiano, como la familia\u00bb<\/strong>. Como ellos mismos confesaron, \u00abera el \u00fanico nombre de chico en el que coincid\u00edamos\u00bb. \u00a0<\/p>\n<p> <img src=\"https:\/\/www.europesays.com\/es\/wp-content\/uploads\/2025\/12\/b9e4a105350d-snapinstato580077959185413023910588001341426352298683884n.jpg\"   width=\"768\" height=\"1024\" loading=\"lazy\" decoding=\"async\" alt=\"Bea Gimeno junto a su beb\u00e9\" fetchpriority=\"auto\" class=\"image ho-image\"\/>\u00a9 @begimenoBea Gimeno junto a su beb\u00e9<\/p>\n<p> <img src=\"https:\/\/www.europesays.com\/es\/wp-content\/uploads\/2025\/12\/4bc4a4edf037-snapinstato579591335185413024330588004446691495934395322n.jpg\"   width=\"768\" height=\"1024\" loading=\"lazy\" decoding=\"async\" alt=\"&quot;Un nombre muy asturiano, como la familia&quot;, dijo Nacho sobre la elecci\u00f3n de Pelayo \" fetchpriority=\"auto\" class=\"image ho-image\"\/>\u00a9 @begimeno\u00bbUn nombre muy asturiano, como la familia\u00bb, dijo Nacho sobre la elecci\u00f3n de Pelayo <\/p>\n<p> <img src=\"https:\/\/www.europesays.com\/es\/wp-content\/uploads\/2025\/12\/bbb9b748250c-snapinstato575913263185413024240588008038585564284523132n.jpg\"   width=\"768\" height=\"1024\" loading=\"lazy\" decoding=\"async\" alt=\"Pelayo ha sido un rayito de luz para la pareja, que se cas\u00f3 hace un a\u00f1o en Mallorca, en una boda de la que \u00a1HOLA! fue testigo\" fetchpriority=\"auto\" class=\"image ho-image\"\/>\u00a9 @begimenoPelayo ha sido un rayito de luz para la pareja, que se cas\u00f3 hace un a\u00f1o en Mallorca, en una boda de la que \u00a1HOLA! fue testigo<br \/>\nUna noticia esperada<\/p>\n<p data-wc=\"115\" id=\"exSAQQxYVv4\">La pareja anunciaba la feliz noticia de que <a class=\"hm-link ho-link\" href=\"https:\/\/www.hola.com\/actualidad\/20250917856401\/bea-gimeno-nacho-aragon-embarazo-recta-final\/\" data-mrf-recirculation=\"article-body-link\" rel=\"nofollow noopener\" target=\"_blank\">estaban esperando su primer hijo en com\u00fan el pasado mes de mayo<\/a>, ocho meses despu\u00e9s de haberse casado. En enero, durante la primera entrevista que la influencer\u00a0conced\u00eda tras su enlace matrimonial, confes\u00f3 a esta revista sus deseos para 2025:<strong>\u00a0\u00abSolo pido salud y, si Dios quiere, formar una familia\u00bb.\u00a0<\/strong>La realidad ha superado a sus propios deseos, pues tiempo despu\u00e9s, la joven pareja disfruta de una nueva etapa en su m\u00e1s que consolidada relaci\u00f3n. En medio de tanta emoci\u00f3n, Bea incluso ha bromeado sobre a qui\u00e9n se parece m\u00e1s el beb\u00e9: <strong>\u201cVa por d\u00edas, aunque Nacho y yo pensamos que es una mezcla de los dos\u201d<\/strong>.<\/p>\n<p> <img src=\"https:\/\/www.europesays.com\/es\/wp-content\/uploads\/2025\/12\/29deddfd26c0-snapinstato581313424185413024570588004629388391855922328n.jpg\"   width=\"768\" height=\"1024\" loading=\"lazy\" decoding=\"async\" alt=\"Bea Gimeno no ha dudado en compartir, a trav\u00e9s de sus redes sociales, c\u00f3mo est\u00e1 siendo el d\u00eda a d\u00eda junto a Pelayo, en sus primeras semanas como padres\" fetchpriority=\"auto\" class=\"image ho-image\"\/>\u00a9 @begimenoBea Gimeno no ha dudado en compartir, a trav\u00e9s de sus redes sociales, c\u00f3mo est\u00e1 siendo el d\u00eda a d\u00eda junto a Pelayo, en sus primeras semanas como padres<\/p>\n<p data-wc=\"115\" id=\"e6-jJYPM6yU\">La influencer\u00a0ha abierto las puertas de su intimidad para hablar sin filtros de todo lo que implica este bonito, pero a la vez nuevo, momento en su vida: <strong>desde los cambios en su cuerpo tras el embarazo<\/strong>, pasando por el proceso de lactancia, hasta la enorme ayuda de Nacho, a quien describe como un padrazo\u00a0que la acompa\u00f1a en esta monta\u00f1a rusa hormonal. El hijo de Emilio Arag\u00f3n acompa\u00f1\u00f3 a su mujer en todo momento: \u00abVoy a entrar, voy a entrar, pero no estoy mentalizado. A ver qu\u00e9 nos encontramos. Es cierto que puede costarme un poquito en el momento, pero hay que hacerlo, hay que hacerlo\u00bb, dec\u00eda sobre su presencia en el parto.<\/p>\n<p> <img src=\"https:\/\/www.europesays.com\/es\/wp-content\/uploads\/2025\/12\/5aea70274002-snapinstato581047354185413024960588003209096251363923331n.jpg\"   width=\"768\" height=\"1024\" loading=\"lazy\" decoding=\"async\" alt=\"Nacho Arag\u00f3n, durmiendo junto al peque\u00f1o Pelayo\" fetchpriority=\"auto\" class=\"image ho-image\"\/>\u00a9 @begimenoNacho Arag\u00f3n, durmiendo junto al peque\u00f1o Pelayo<\/p>\n<p data-wc=\"110\" id=\"emw_epwHjxa\">Bea tambi\u00e9n ha revelado durante estos d\u00edas <strong>el tierno primer encuentro entre su perrita, la \u00abhermana mayor\u00bb de Pelayo<\/strong>, que \u00abliteral le dio muchos besos, quer\u00eda chuparle toda la cara\u00bb y que, gracias a un gorrito con el olor del beb\u00e9, ahora est\u00e1 \u00abtodo el rato pegada, encontrando su sitio de nuevo y protegi\u00e9ndole de todo\u00bb. \u00a0\u00ab\u00a1Qu\u00e9 sensaci\u00f3n de plenitud, emociones preciosas, una vida nueva que es imposible querer m\u00e1s, me quedo en esta nube para siempre! Nacho Arag\u00f3n, gracias por el mejor regalo que me pod\u00edas dar, mi familia\u00bb, expres\u00f3 la creadora de contenido tras la llegada del beb\u00e9, un nacimiento que ha colmado de ilusi\u00f3n a la familia.<\/p>\n","protected":false},"excerpt":{"rendered":"Con el mes de diciembre reci\u00e9n estrenado, no hay mejor \u00e9poca para dejarse invadir por el esp\u00edritu navide\u00f1o&hellip;\n","protected":false},"author":2,"featured_media":274625,"comment_status":"","ping_status":"","sticky":false,"template":"","format":"standard","meta":{"footnotes":""},"categories":[174],"tags":[517,43317,255,146,147,25,24,256,43316,23],"class_list":{"0":"post-274624","1":"post","2":"type-post","3":"status-publish","4":"format-standard","5":"has-post-thumbnail","7":"category-famosos","8":"tag-actualidad","9":"tag-bea-gimeno","10":"tag-celebrities","11":"tag-entertainment","12":"tag-entretenimiento","13":"tag-es","14":"tag-espana","15":"tag-famosos","16":"tag-nacho-aragon","17":"tag-spain"},"share_on_mastodon":{"url":"https:\/\/pubeurope.com\/@es\/115674010768294548","error":""},"_links":{"self":[{"href":"https:\/\/www.europesays.com\/es\/wp-json\/wp\/v2\/posts\/274624","targetHints":{"allow":["GET"]}}],"collection":[{"href":"https:\/\/www.europesays.com\/es\/wp-json\/wp\/v2\/posts"}],"about":[{"href":"https:\/\/www.europesays.com\/es\/wp-json\/wp\/v2\/types\/post"}],"author":[{"embeddable":true,"href":"https:\/\/www.europesays.com\/es\/wp-json\/wp\/v2\/users\/2"}],"replies":[{"embeddable":true,"href":"https:\/\/www.europesays.com\/es\/wp-json\/wp\/v2\/comments?post=274624"}],"version-history":[{"count":0,"href":"https:\/\/www.europesays.com\/es\/wp-json\/wp\/v2\/posts\/274624\/revisions"}],"wp:featuredmedia":[{"embeddable":true,"href":"https:\/\/www.europesays.com\/es\/wp-json\/wp\/v2\/media\/274625"}],"wp:attachment":[{"href":"https:\/\/www.europesays.com\/es\/wp-json\/wp\/v2\/media?parent=274624"}],"wp:term":[{"taxonomy":"category","embeddable":true,"href":"https:\/\/www.europesays.com\/es\/wp-json\/wp\/v2\/categories?post=274624"},{"taxonomy":"post_tag","embeddable":true,"href":"https:\/\/www.europesays.com\/es\/wp-json\/wp\/v2\/tags?post=274624"}],"curies":[{"name":"wp","href":"https:\/\/api.w.org\/{rel}","templated":true}]}}