{"id":274626,"date":"2025-12-06T18:23:10","date_gmt":"2025-12-06T18:23:10","guid":{"rendered":"https:\/\/www.europesays.com\/es\/274626\/"},"modified":"2025-12-06T18:23:10","modified_gmt":"2025-12-06T18:23:10","slug":"un-beso-para-el-y-para-paz-padilla","status":"publish","type":"post","link":"https:\/\/www.europesays.com\/es\/274626\/","title":{"rendered":"Un beso para \u00e9l y para Paz Padilla"},"content":{"rendered":"\n<p> Cuenta atr\u00e1s para <strong>el estreno de la segunda edici\u00f3n de <a href=\"https:\/\/www.elconfidencial.com\/television\/programas-tv\/2025-10-13\/la-casa-de-los-gemelos-polemico-reality-cancelado_4227438\/\" target=\"_self\" rel=\"nofollow noopener\">La casa de los gemelos<\/a>. <\/strong>El pol\u00e9mico reality de convivencia creado por Zona Gemelos vuelve a desembarcar en streaming este mismo domingo, 7 de diciembre, tratando de dar un paso m\u00e1s por convertirse en el formato revelaci\u00f3n de convivencia en internet tras la debacle de <a href=\"https:\/\/www.elconfidencial.com\/television\/programas-tv\/2025-12-03\/telecinco-cancela-gran-hermano-edicion-famosos_4259565\/\" target=\"_self\" rel=\"nofollow noopener\">Gran Hermano 20<\/a>, en <a href=\"https:\/\/www.elconfidencial.com\/television\/programas-tv\/2025-12-06\/jorge-javier-vazquez-lydia-lozano-cara-final-salvame-de-viernes-reencuentro_4261788\/\" target=\"_self\" rel=\"nofollow noopener\">Telecinco<\/a>. <\/p>\n<p> Y es que los gemelos Daniel y Carlos Ramos tratar\u00e1n de superar la duraci\u00f3n de la primera edici\u00f3n, de tan solo 9 horas, <strong>con estrictas normas de convivencia y un explosivo casting.<\/strong> Rostros televisivos como Jos\u00e9 Labrador (Gand\u00eda Shore), Eros Vidal (La isla de las tentaciones) y Nissy Lahr (Secret Story 2), tendr\u00e1n que compartir estancia con las emblem\u00e1ticas &#8216;La Falete&#8217; y &#8216;La Marrash&#8217; y otros concursantes. <\/p>\n<p> No obstante, los organizadores del reality show daban un golpe m\u00e1s sobre la mesa anunciando que <strong><a href=\"https:\/\/www.elconfidencial.com\/television\/programas-tv\/2025-12-05\/victor-sandoval-casa-gemelos_4261309\/\" target=\"_self\" rel=\"nofollow noopener\">V\u00edctor Sandoval<\/a>, Coto Matamoros y <a href=\"https:\/\/www.elconfidencial.com\/television\/programas-tv\/2025-12-05\/kiko-hernandez-casa-gemelos-intenciones_4261544\/\" target=\"_self\" rel=\"nofollow noopener\">Kiko Hern\u00e1ndez<\/a> tambi\u00e9n formar\u00edan parte del programa<\/strong> con distintos roles, siendo este \u00faltimo su maestro de ceremonias. Un nuevo debut de Hern\u00e1ndez como presentador, tras su etapa en Tent\u00e1culos, que le har\u00e1 competir frontalmente contra Gran Hermano, el programa que le catapult\u00f3 a la fama, y <a href=\"https:\/\/www.elconfidencial.com\/television\/programas-tv\/2025-12-06\/jorge-javier-cara-retoques-esteticos-telecinco-no-aguantaba-verme_4261763\/\" target=\"_self\" rel=\"nofollow noopener\">Jorge Javier V\u00e1zquez<\/a>. <\/p>\n<p> Precisamente, Kiko Hern\u00e1ndez se colaba en la emisi\u00f3n de este viernes, 5 de diciembre, de No somos nadie para dar m\u00e1s detalles sobre su fichaje por La casa de los gemelos 2. Sin embargo, el hist\u00f3rico colaborador de S\u00e1lvame aprovech\u00f3 su conversaci\u00f3n con Carlota Corredera para lanzar un dardo a Jorge Javier, <strong>dejando entrever una posible mala relaci\u00f3n entre ambos.<\/strong> <\/p>\n<blockquote class=\"twitter-tweet\">\n<p lang=\"es\" dir=\"ltr\">\ud83d\ude31\ud83d\udca5 MAL ROLLITO ENTRE JORGE JAVIER Y KIKO HERN\u00c1NDEZ \ud83d\ude31\ud83d\udca5 <a href=\"https:\/\/twitter.com\/hashtag\/NoSomos5D?src=hash&amp;ref_src=twsrc%5Etfw\" rel=\"nofollow noopener\" target=\"_blank\">#NoSomos5D<\/a> <a href=\"https:\/\/t.co\/RHFTp6z9HG\" rel=\"nofollow\">pic.twitter.com\/RHFTp6z9HG<\/a><\/p>\n<p>\u2014 Salvamista \u2728 (@elfrikidelatv_) <a href=\"https:\/\/twitter.com\/elfrikidelatv_\/status\/1996964824102637595?ref_src=twsrc%5Etfw\" rel=\"nofollow noopener\" target=\"_blank\">December 5, 2025<\/a><\/p><\/blockquote>\n<p> \u00abUn besito para Ion Aramendi y otro para Jorge Javier\u00bb, desliz\u00f3 Kiko entre risas, imaginando la reacci\u00f3n de Carlota Corredera, quien le anim\u00f3 a dejar el pasado atr\u00e1s. No obstante, <strong>Hern\u00e1ndez no dud\u00f3 en mandar un beso m\u00e1s \u00aba Jorge y a Paz Padilla\u00bb.<\/strong> \u00abDeja el pasado, avancemos\u00bb, le insisti\u00f3 la presentadora de No somos nadie, deseando suerte a todos los compa\u00f1eros. <\/p>\n<p>              <img decoding=\"async\" class=\"inTextNews__img\" alt=\"Foto: Kiko Hern\u00e1ndez\" src=\"https:\/\/www.europesays.com\/es\/wp-content\/uploads\/2025\/12\/f.elconfidencial.com\/original\/d29\/b09\/e71\/d29b09e71b4345cfa8c222ea567ce4c1.jpg\"  \/>     <\/p>\n<p>TE PUEDE INTERESAR<\/p>\n<p>      <a class=\"inTextNews__title\" href=\"https:\/\/www.elconfidencial.com\/television\/programas-tv\/2025-12-05\/kiko-hernandez-casa-gemelos-intenciones_4261544\/\" onclick=\"window.ECCO.emit(&#039;amplitude&#039;, { dataEventName: &#039;click_related_article_module&#039;, data: { related_article_url: &#039;https:\/\/www.elconfidencial.com\/television\/programas-tv\/2025-12-05\/kiko-hernandez-casa-gemelos-intenciones_4261544\/&#039;, related_article_author: &#039;Berto Molina&#039;, related_article_section: &#039;programas-tv&#039; } })\" rel=\"nofollow noopener\" target=\"_blank\"> Las intenciones de Kiko Hern\u00e1ndez con &#8216;La casa de los gemelos 2&#8217;: \u00abMe voy a poner en modo Mercedes Mil\u00e1 y controlarlo todo\u00bb <\/a>   <\/p>\n<p>    Berto Molina   <\/p>\n<p> Cabe recordar que el nuevo presentador de La casa de los gemelos 2 se pronunciaba por primera vez en EL CONFI TV sobre su regreso al mundo del entretenimiento, v\u00eda streaming. \u00ab<strong>Me voy a poner en modo Mercedes Mil\u00e1 <\/strong>y lo voy a controlar todo para que no se sobrepasen l\u00edmites\u00bb, zanj\u00f3 sobre la primera pol\u00e9mica edici\u00f3n del reality, descartando que se vuelvan a repetir los excesos que se dieron. <\/p>\n<p> Cuenta atr\u00e1s para <strong>el estreno de la segunda edici\u00f3n de <a href=\"https:\/\/www.elconfidencial.com\/television\/programas-tv\/2025-10-13\/la-casa-de-los-gemelos-polemico-reality-cancelado_4227438\/\" target=\"_self\" rel=\"nofollow noopener\">La casa de los gemelos<\/a>. <\/strong>El pol\u00e9mico reality de convivencia creado por Zona Gemelos vuelve a desembarcar en streaming este mismo domingo, 7 de diciembre, tratando de dar un paso m\u00e1s por convertirse en el formato revelaci\u00f3n de convivencia en internet tras la debacle de <a href=\"https:\/\/www.elconfidencial.com\/television\/programas-tv\/2025-12-03\/telecinco-cancela-gran-hermano-edicion-famosos_4259565\/\" target=\"_self\" rel=\"nofollow noopener\">Gran Hermano 20<\/a>, en <a href=\"https:\/\/www.elconfidencial.com\/television\/programas-tv\/2025-12-06\/jorge-javier-vazquez-lydia-lozano-cara-final-salvame-de-viernes-reencuentro_4261788\/\" target=\"_self\" rel=\"nofollow noopener\">Telecinco<\/a>. <\/p>\n<p>              <script async src=\"https:\/\/platform.twitter.com\/widgets.js\" charset=\"utf-8\"><\/script><\/p>\n","protected":false},"excerpt":{"rendered":"Cuenta atr\u00e1s para el estreno de la segunda edici\u00f3n de La casa de los gemelos. El pol\u00e9mico reality&hellip;\n","protected":false},"author":2,"featured_media":274627,"comment_status":"","ping_status":"","sticky":false,"template":"","format":"standard","meta":{"footnotes":""},"categories":[171],"tags":[146,147,25,24,23,214],"class_list":{"0":"post-274626","1":"post","2":"type-post","3":"status-publish","4":"format-standard","5":"has-post-thumbnail","7":"category-tv","8":"tag-entertainment","9":"tag-entretenimiento","10":"tag-es","11":"tag-espana","12":"tag-spain","13":"tag-tv"},"share_on_mastodon":{"url":"https:\/\/pubeurope.com\/@es\/115674022603089219","error":""},"_links":{"self":[{"href":"https:\/\/www.europesays.com\/es\/wp-json\/wp\/v2\/posts\/274626","targetHints":{"allow":["GET"]}}],"collection":[{"href":"https:\/\/www.europesays.com\/es\/wp-json\/wp\/v2\/posts"}],"about":[{"href":"https:\/\/www.europesays.com\/es\/wp-json\/wp\/v2\/types\/post"}],"author":[{"embeddable":true,"href":"https:\/\/www.europesays.com\/es\/wp-json\/wp\/v2\/users\/2"}],"replies":[{"embeddable":true,"href":"https:\/\/www.europesays.com\/es\/wp-json\/wp\/v2\/comments?post=274626"}],"version-history":[{"count":0,"href":"https:\/\/www.europesays.com\/es\/wp-json\/wp\/v2\/posts\/274626\/revisions"}],"wp:featuredmedia":[{"embeddable":true,"href":"https:\/\/www.europesays.com\/es\/wp-json\/wp\/v2\/media\/274627"}],"wp:attachment":[{"href":"https:\/\/www.europesays.com\/es\/wp-json\/wp\/v2\/media?parent=274626"}],"wp:term":[{"taxonomy":"category","embeddable":true,"href":"https:\/\/www.europesays.com\/es\/wp-json\/wp\/v2\/categories?post=274626"},{"taxonomy":"post_tag","embeddable":true,"href":"https:\/\/www.europesays.com\/es\/wp-json\/wp\/v2\/tags?post=274626"}],"curies":[{"name":"wp","href":"https:\/\/api.w.org\/{rel}","templated":true}]}}