{"id":274638,"date":"2025-12-06T18:29:07","date_gmt":"2025-12-06T18:29:07","guid":{"rendered":"https:\/\/www.europesays.com\/es\/274638\/"},"modified":"2025-12-06T18:29:07","modified_gmt":"2025-12-06T18:29:07","slug":"buscan-rastros-del-amanecer-cosmico-con-un-telescopio-portatil-unico-en-el-mundo","status":"publish","type":"post","link":"https:\/\/www.europesays.com\/es\/274638\/","title":{"rendered":"Buscan rastros del amanecer c\u00f3smico con un telescopio port\u00e1til \u00fanico en el mundo"},"content":{"rendered":"<p style=\"font-size:20px\">MIST es un proyecto que impulsa la UCSC desde 2018 y cuyo instrumento principal \u2014un radiotelescopio port\u00e1til y de muy bajo consumo\u2014 se desarrolla en colaboraci\u00f3n con universidades de Estados Unidos McGill, California Berkeley, NRAO y CSIRO. <\/p>\n<p style=\"font-size:20px\">Entre sus objetivos centrales est\u00e1 la detecci\u00f3n de la se\u00f1al de 21 cent\u00edmetros originada en la \u00e9poca de reionizaci\u00f3n del universo, cuando surgieron las primeras estrellas. Esta se\u00f1al ha sido registrada solo una vez, en 2018, por el radiotelescopio EDGES en Australia, lo que subraya la complejidad del desaf\u00edo cient\u00edfico.<\/p>\n<p><a href=\"https:\/\/novaciencia.es\/wp-content\/uploads\/2014\/07\/Ricardo-Bustos-y-Dra.-Silvia-Restrepo-UCSC-amanecer-cosmico.webp\" rel=\"nofollow noopener\" target=\"_blank\"><img fetchpriority=\"high\" decoding=\"async\" width=\"1000\" height=\"538\" src=\"https:\/\/novaciencia.es\/wp-content\/uploads\/2014\/07\/Ricardo-Bustos-y-Dra.-Silvia-Restrepo-UCSC-amanecer-cosmico.webp\" alt=\"\" class=\"wp-image-243037\"  \/><\/a>Dr. Ricardo Bustos y Silvia Restrepo, acad\u00e9micos de la UCSC, participaron en encuentros internacionales que reforzaron las alianzas cient\u00edficas detr\u00e1s del proyecto MIST, dedicado a detectar la esquiva se\u00f1al de 21 cent\u00edmetros emitida por el hidr\u00f3geno primitivo. <\/p>\n<p>Los acad\u00e9micos de la Facultad de Ingenier\u00eda de la Universidad Cat\u00f3lica de la Sant\u00edsima Concepci\u00f3n (UCSC), Dr. Ricardo Bustos y Dra. Silvia Restrepo, participaron recientemente en una serie de actividades cient\u00edficas internacionales en el marco del proyecto MIST (Mapeador de la temperatura de esp\u00edn del IGM), iniciativa que busca detectar desde Chile la tenue se\u00f1al del hidr\u00f3geno neutro de 21 cent\u00edmetros emitida durante el \u201camanecer c\u00f3smico\u201d.<\/p>\n<p>Los investigadores expusieron parte de los avances del proyecto MIST en un taller internacional en el Instituto de Tecnolog\u00eda Caltech de California, instancia en la que la profesora Silvia Restrepo present\u00f3 un p\u00f3ster sobre las \u201cMediciones con la antena de MIST en Concepci\u00f3n\u201d, trabajo originado en la tesis de la titulada de Ingenier\u00eda El\u00e9ctrica, Cinthia Altamirano, quien tambi\u00e9n es autora principal de un reciente paper derivado del proyecto.<\/p>\n<p>Durante su paso por Estados Unidos, el equipo adem\u00e1s de participar en el taller en Caltech, compartieron con especialistas mundiales en instrumentaci\u00f3n astron\u00f3mica de la se\u00f1al global de 21 cent\u00edmetros. En una de las jornadas, tuvieron la oportunidad de visitar y recorrer las instalaciones de la NASA\/JPL en Pasadena, donde se dise\u00f1an y construyen las naves espaciales, adem\u00e1s de los centros de recepci\u00f3n de datos de misiones espaciales, instancia valorada por su aporte al fortalecimiento de colaboraciones cient\u00edficas.<\/p>\n<p>La agenda internacional incluy\u00f3 adem\u00e1s reuniones sobre Inteligencia Artificial con expertos en San Bernardino y una visita a la Universidad de Princeton, con el fin de avanzar en investigaciones conjuntas con el Observatorio Simons. Esta alianza ha sido clave para el desarrollo y las operaciones que realiza UCSC del radi\u00f3metro de 183 GHz para el estudio de la calidad atmosf\u00e9rica en el norte de Chile, aspectos esenciales para mejorar las capacidades de observaci\u00f3n de los radio observatorios ubicados en el \u00e1rea de Chajnantor.<\/p>\n<p>Proyecci\u00f3n MIST<\/p>\n<p>MIST es un proyecto que impulsa la UCSC desde 2018 y cuyo instrumento principal \u2014un radiotelescopio port\u00e1til y de muy bajo consumo\u2014 se desarrolla en colaboraci\u00f3n con instituciones como la Universidad McGill, U. California Berkeley, NRAO y CSIRO. Entre sus objetivos centrales est\u00e1 la detecci\u00f3n de la se\u00f1al de 21 cent\u00edmetros originada en la \u00e9poca de reionizaci\u00f3n del universo, cuando surgieron las primeras estrellas. Esta se\u00f1al ha sido registrada solo una vez, en 2018, por el radiotelescopio EDGES en Australia, lo que subraya la complejidad del desaf\u00edo cient\u00edfico.<\/p>\n<p>Desde 2021, el radiotelescopio MIST ha generado observaciones que confirmaron su adecuado dise\u00f1o, dando paso a una nueva etapa enfocada en el an\u00e1lisis de datos, la escritura de art\u00edculos cient\u00edficos y la refinaci\u00f3n de su instrumentaci\u00f3n para mejorar futuras campa\u00f1as tanto en Chile como en Canad\u00e1. Actualmente el equipo trabaja con datos obtenidos en el \u00c1rtico, mientras espera la incorporaci\u00f3n del investigador postdoctoral Jeison Alfonso, proveniente de Santa F\u00e9 de Bogot\u00e1, quien reforzar\u00e1 la etapa de modelaci\u00f3n y an\u00e1lisis de los datos obtenidos por MIST.<\/p>\n<p>El proyecto, liderado por el Dr. Bustos como investigador principal, cuenta con un equipo multidisciplinario integrado por el Dr. Ra\u00fal Monsalve (U. California Berkeley y UCSC) y la Dra. Silvia Restrepo como coinvestigadores principales, adem\u00e1s de Cinthia Altamirano, Ian Hendricksen, Christian Bye, Francis McGee, Cynthia Chiang, Jonathan Siever, Nithyanandan Thyagarajan, Patricio Mena, Lisa Nasu-Yu y Vadym Bidula. Esta red internacional ha permitido sostener un trabajo constante de discusi\u00f3n acad\u00e9mica, exploraci\u00f3n de nuevas ideas y planificaci\u00f3n de futuros hitos.<\/p>\n<p>Destacado en revista Physics World<\/p>\n<p>Uno de los avances recientes del proyecto es su aparici\u00f3n en la revista Physics World, donde MIST fue incluido entre ejemplos destacados de iniciativas cient\u00edficas emergentes en la detecci\u00f3n de la se\u00f1al de 21 cm. Para el equipo, esta menci\u00f3n refleja el creciente inter\u00e9s internacional en los resultados que esperan obtener, especialmente debido a la complejidad de la se\u00f1al buscada y a la metodolog\u00eda diferenciadora que propone el proyecto.<\/p>\n<p>A diferencia de otros radiotelescopios mencionados en la publicaci\u00f3n, MIST se caracteriza por no utilizar un plano de tierra met\u00e1lico, decisi\u00f3n que introduce un desaf\u00edo t\u00e9cnico importante: comprender c\u00f3mo las caracter\u00edsticas naturales del suelo \u2014ya sea conductor, medianamente conductor o poco conductor\u2014 modifican la respuesta de la antena. El Dr. Bustos explica que, aunque el plano met\u00e1lico es una soluci\u00f3n com\u00fan, su implementaci\u00f3n real genera bordes e interacciones con el terreno que a\u00fan no est\u00e1n completamente comprendidos.<\/p>\n<p>El equipo de MIST considera que esta aproximaci\u00f3n puede aportar nuevas perspectivas para la comunidad cient\u00edfica internacional. Su naturaleza port\u00e1til permite instalar el telescopio en diversos lugares del mundo, lo que ha posibilitado observaciones en el \u00c1rtico en Canad\u00e1 y en California y Nevada en Estados Unidos y la evaluaci\u00f3n de futuros sitios con condiciones \u00f3ptimas de ruido radioel\u00e9ctrico.<\/p>\n<p>De cara a los pr\u00f3ximos meses, el proyecto se encamina hacia nuevos an\u00e1lisis, la publicaci\u00f3n de un quinto paper relacionado con MIST y la exploraci\u00f3n de nuevos sitios de observaci\u00f3n en el hemisferio sur y norte. Con su creciente presencia en entornos cient\u00edficos internacionales, MIST contin\u00faa consolid\u00e1ndose como un aporte relevante en la b\u00fasqueda de una de las se\u00f1ales m\u00e1s dif\u00edciles y fundamentales para comprender el origen del universo.<\/p>\n","protected":false},"excerpt":{"rendered":"MIST es un proyecto que impulsa la UCSC desde 2018 y cuyo instrumento principal \u2014un radiotelescopio port\u00e1til y&hellip;\n","protected":false},"author":2,"featured_media":274639,"comment_status":"","ping_status":"","sticky":false,"template":"","format":"standard","meta":{"footnotes":""},"categories":[81],"tags":[5438,119,123,124,25,24,117,121,122,23,118,120],"class_list":{"0":"post-274638","1":"post","2":"type-post","3":"status-publish","4":"format-standard","5":"has-post-thumbnail","7":"category-ciencia-y-tecnologia","8":"tag-america-investiga","9":"tag-ciencia","10":"tag-ciencia-y-tecnologia","11":"tag-cienciaytecnologia","12":"tag-es","13":"tag-espana","14":"tag-science","15":"tag-science-and-technology","16":"tag-scienceandtechnology","17":"tag-spain","18":"tag-technology","19":"tag-tecnologia"},"share_on_mastodon":{"url":"https:\/\/pubeurope.com\/@es\/115674046393865546","error":""},"_links":{"self":[{"href":"https:\/\/www.europesays.com\/es\/wp-json\/wp\/v2\/posts\/274638","targetHints":{"allow":["GET"]}}],"collection":[{"href":"https:\/\/www.europesays.com\/es\/wp-json\/wp\/v2\/posts"}],"about":[{"href":"https:\/\/www.europesays.com\/es\/wp-json\/wp\/v2\/types\/post"}],"author":[{"embeddable":true,"href":"https:\/\/www.europesays.com\/es\/wp-json\/wp\/v2\/users\/2"}],"replies":[{"embeddable":true,"href":"https:\/\/www.europesays.com\/es\/wp-json\/wp\/v2\/comments?post=274638"}],"version-history":[{"count":0,"href":"https:\/\/www.europesays.com\/es\/wp-json\/wp\/v2\/posts\/274638\/revisions"}],"wp:featuredmedia":[{"embeddable":true,"href":"https:\/\/www.europesays.com\/es\/wp-json\/wp\/v2\/media\/274639"}],"wp:attachment":[{"href":"https:\/\/www.europesays.com\/es\/wp-json\/wp\/v2\/media?parent=274638"}],"wp:term":[{"taxonomy":"category","embeddable":true,"href":"https:\/\/www.europesays.com\/es\/wp-json\/wp\/v2\/categories?post=274638"},{"taxonomy":"post_tag","embeddable":true,"href":"https:\/\/www.europesays.com\/es\/wp-json\/wp\/v2\/tags?post=274638"}],"curies":[{"name":"wp","href":"https:\/\/api.w.org\/{rel}","templated":true}]}}