{"id":274670,"date":"2025-12-06T18:58:10","date_gmt":"2025-12-06T18:58:10","guid":{"rendered":"https:\/\/www.europesays.com\/es\/274670\/"},"modified":"2025-12-06T18:58:10","modified_gmt":"2025-12-06T18:58:10","slug":"nuevos-ataques-rusos-en-ucrania-provocan-cortes-de-calefaccion-y-agua","status":"publish","type":"post","link":"https:\/\/www.europesays.com\/es\/274670\/","title":{"rendered":"Nuevos ataques rusos en Ucrania provocan cortes de calefacci\u00f3n y agua"},"content":{"rendered":"<p>    <img src=\"https:\/\/www.europesays.com\/es\/wp-content\/uploads\/2025\/12\/2025-12-06T163A313A59Z-90595695.jpg\" width=\"1024\" height=\"682\" alt=\"\" loading=\"eager\" decoding=\"sync\" fetchpriority=\"high\"\/><\/p>\n<p>            afp_tickers        <\/p>\n<p>        Este contenido fue publicado en    <\/p>\n<p>        06 diciembre 2025 &#8211; 17:31\n<\/p>\n<p>Una nueva ola de ataques rusos con drones y misiles durante la noche del s\u00e1bado afect\u00f3 a instalaciones energ\u00e9ticas y ferrocarriles en varios puntos de Ucrania, lo que provoc\u00f3 cortes de calefacci\u00f3n y agua para miles de personas, inform\u00f3 el gobierno.<\/p>\n<p>Seg\u00fan la fuerza regional de Kiev, la capital, Rusia lanz\u00f3 un total de 653 drones y 51 misiles durante la noche.<\/p>\n<p>\u00abLos principales objetivos de estos ataques, una vez m\u00e1s, fueron instalaciones energ\u00e9ticas. El objetivo de Rusia es infligir sufrimiento a millones de ucranianos\u00bb, dijo el presidente Volodimir Zelenski en redes sociales.<\/p>\n<p>Un dron ruso alcanz\u00f3 y \u00abquem\u00f3 el edificio principal de la estaci\u00f3n de tren de Fastiv\u00bb, una ciudad situada a unos 70 kil\u00f3metros al suroeste de Kiev, indic\u00f3 Zelenski.<\/p>\n<p>\u00abNo hubo v\u00edctimas, pero el tr\u00e1fico de trenes suburbanos se ha visto interrumpido\u00bb, se\u00f1al\u00f3 la operadora estatal de ferrocarriles Ukrzaliznytsya.<\/p>\n<p>Los drones y misiles tambi\u00e9n alcanzaron instalaciones energ\u00e9ticas en las regiones de Chern\u00edgov, Zaporiyia, Le\u00f3polis y Dnipr\u00f3, informaron las autoridades de Kiev.<\/p>\n<p>\u00abEn la regi\u00f3n de Odesa, 9.500 clientes permanecen sin suministro de calefacci\u00f3n y 34.000 sin suministro de agua debido a los da\u00f1os\u00bb, indic\u00f3 el ministro de Restauraci\u00f3n, Oleksiy Kuleba.<\/p>\n<p>Esta nueva oleada de ataques a\u00e9reos se produce mientras contin\u00faan las conversaciones entre Ucrania y Estados Unidos sobre el plan de Washington para poner fin a la guerra con Rusia, que comenz\u00f3 hace casi cuatro a\u00f1os.<\/p>\n<p>A pesar de los esfuerzos estadounidenses, Rusia ataca continuamente la red el\u00e9ctrica y de calefacci\u00f3n de Ucrania.<\/p>\n<p>bur-mmp\/pc\/jvb<\/p>\n","protected":false},"excerpt":{"rendered":"afp_tickers Este contenido fue publicado en 06 diciembre 2025 &#8211; 17:31 Una nueva ola de ataques rusos con&hellip;\n","protected":false},"author":2,"featured_media":274671,"comment_status":"","ping_status":"","sticky":false,"template":"","format":"standard","meta":{"footnotes":""},"categories":[42],"tags":[17,18,636,13,14,11,61,62,63,64,19,20,9,10,15,16,90,12,21,22,65,66,67],"class_list":{"0":"post-274670","1":"post","2":"type-post","3":"status-publish","4":"format-standard","5":"has-post-thumbnail","7":"category-internacional","8":"tag-breaking-news","9":"tag-breakingnews","10":"tag-conflict","11":"tag-featured-news","12":"tag-featurednews","13":"tag-headlines","14":"tag-internacional","15":"tag-international","16":"tag-international-news","17":"tag-internationalnews","18":"tag-latest-news","19":"tag-latestnews","20":"tag-news","21":"tag-noticias","22":"tag-noticias-destacadas","23":"tag-noticiasdestacadas","24":"tag-ticker","25":"tag-titulares","26":"tag-ultimas-noticias","27":"tag-ultimasnoticias","28":"tag-world","29":"tag-world-news","30":"tag-worldnews"},"share_on_mastodon":{"url":"https:\/\/pubeurope.com\/@es\/115674160300304211","error":""},"_links":{"self":[{"href":"https:\/\/www.europesays.com\/es\/wp-json\/wp\/v2\/posts\/274670","targetHints":{"allow":["GET"]}}],"collection":[{"href":"https:\/\/www.europesays.com\/es\/wp-json\/wp\/v2\/posts"}],"about":[{"href":"https:\/\/www.europesays.com\/es\/wp-json\/wp\/v2\/types\/post"}],"author":[{"embeddable":true,"href":"https:\/\/www.europesays.com\/es\/wp-json\/wp\/v2\/users\/2"}],"replies":[{"embeddable":true,"href":"https:\/\/www.europesays.com\/es\/wp-json\/wp\/v2\/comments?post=274670"}],"version-history":[{"count":0,"href":"https:\/\/www.europesays.com\/es\/wp-json\/wp\/v2\/posts\/274670\/revisions"}],"wp:featuredmedia":[{"embeddable":true,"href":"https:\/\/www.europesays.com\/es\/wp-json\/wp\/v2\/media\/274671"}],"wp:attachment":[{"href":"https:\/\/www.europesays.com\/es\/wp-json\/wp\/v2\/media?parent=274670"}],"wp:term":[{"taxonomy":"category","embeddable":true,"href":"https:\/\/www.europesays.com\/es\/wp-json\/wp\/v2\/categories?post=274670"},{"taxonomy":"post_tag","embeddable":true,"href":"https:\/\/www.europesays.com\/es\/wp-json\/wp\/v2\/tags?post=274670"}],"curies":[{"name":"wp","href":"https:\/\/api.w.org\/{rel}","templated":true}]}}