{"id":274679,"date":"2025-12-06T19:08:10","date_gmt":"2025-12-06T19:08:10","guid":{"rendered":"https:\/\/www.europesays.com\/es\/274679\/"},"modified":"2025-12-06T19:08:10","modified_gmt":"2025-12-06T19:08:10","slug":"en-directo-el-coliseum-recibe-al-ucam-murcia-tras-el-paron-diario-de-burgos","status":"publish","type":"post","link":"https:\/\/www.europesays.com\/es\/274679\/","title":{"rendered":"EN DIRECTO | El Coliseum recibe al UCAM Murcia tras el par\u00f3n &#8211; Diario de Burgos"},"content":{"rendered":"<ol>\n<li><a href=\"https:\/\/news.google.com\/rss\/articles\/CBMi2AFBVV95cUxOOTB5MEV2cWMtd3ZxRWNxendGSmNIdjdQUlc3RjFnYUdsdkc3S2laRjFwUU9RQXVLNGExMUxEVUstQ1BGazlSRzVIMzR1dWc1R1NMOXROR1ZKcEsxUkVQdHhYb2U2cGdBNGNYa0tzNGZoNFhtM3RwTEJza3JWZERNWDdQRlU1WmlqQWM4X3VGM00tak0xaDZ0UXl2aTVRa2xKNTJXTTRhWlpUdFZOdlZQM2Z2WXU0YTF1S1p0cGtTZXVLWWJYQ3VZU0xOSEY1Sk5yYjZjN0cyX2U?oc=5\" target=\"_blank\" rel=\"nofollow noopener\">EN DIRECTO | El Coliseum recibe al UCAM Murcia tras el par\u00f3n<\/a>&nbsp;&nbsp;Diario de Burgos<\/li>\n<li><a href=\"https:\/\/news.google.com\/rss\/articles\/CBMitwFBVV95cUxPa21vcUttNzE4X3hReFRZZlBhSG13SGRrU1FOWXI5RWQ5NER5bU9FY2g5eUNScGZLY1B0SXluT1ZrdGJHT1dTTjZNUnI5Rjg2VFNYMWxseDFUZjlwcEhON2ZFYU9vYU53dEkwZVptdEY0dGhqdGxBcnFXU29RSlJYTVR3MXg0SUZlNW9HaHM1Y2VkamVOT0hMS0VBakJhQW5FRVl2eF83QktrSklZN1RiaW40eDJic1E?oc=5\" target=\"_blank\" rel=\"nofollow noopener\">Partido de nivel para retomar la competici\u00f3n de Liga Endesa<\/a>&nbsp;&nbsp;San Pablo Burgos<\/li>\n<li><a href=\"https:\/\/news.google.com\/rss\/articles\/CBMioAFBVV95cUxQWExnRUhQc201UkRnOTV6OGoxU051ZWV5bXIxZDhMMVZNVkNkcTgxbjZGdGI1M21yQXE2NnJqWXZFM3Y1NkVhaWtySGZpWnE5WUt2V0RGVlZOakkyLTBKOGJ3QmtUQTlEdUZ6WUEzTzJQMmtUbU82Rlhwcmt5d3FaVEFGQXdpZHpvQkdSLUljdmU5VDA4a1FmcUdiYkp2YW1Q?oc=5\" target=\"_blank\" rel=\"nofollow noopener\">Directo | San Pablo Burgos &#8211; UCAM Murcia CB<\/a>&nbsp;&nbsp;La Verdad<\/li>\n<li><a href=\"https:\/\/news.google.com\/rss\/articles\/CBMiugFBVV95cUxOSmtKeUhfdjVhUF9Qb0tsUmU1b2g5ZnNVV1VtY2ZoUGppTlRoZkRxT1JlUm9QQVZzdEdpSnZYWjBtbmZlNWs3S0I5WHVRVDBGZ0pFRUN2dmtUOTRZR0FrVy12VHJ4eE9jZlJDREF4cFJtczU2bmxabEMxRS1zREpKajJKMW95eGV2TGJvb21YNmRmcnpDS05mRURZVDJYanZaODlKVkI4Z2w0bUVLcjBXZ1A0UENhdlNwWXfSAc4BQVVfeXFMTkwwdXp3a2tsY2FRbkxBYUhCRG44aGlyMXdLNXFiaXUtVlRYbm54VGxWdEhsUUZiazRLTTUzc2twQjQycUdJWlJ1QVprQ2NSNmVnZ1NfZ1h0eWxIdUN6b0picVBpbkNySVA3UUNnUVAzdUJrMUc3WEc2a0drc3FsZEJvRjF1ZGhZSy1KcVJVZTN1ZDlwZnRBSW03S3J3OC1fNjhKdXZPSEVXakxUTHRDOEE0Z08wN08xLU1HczhiSjg5YzlZOWlUZFFoLVc3NEE?oc=5\" target=\"_blank\" rel=\"nofollow noopener\">Sito Alonso: \u00abCuando somos s\u00f3lidos atr\u00e1s, atacamos con m\u00e1s claridad\u00bb<\/a>&nbsp;&nbsp;Cadena SER<\/li>\n<li><a href=\"https:\/\/news.google.com\/rss\/articles\/CBMinAFBVV95cUxPa2VJWGJnb1BvdG9sak5tQUhMSkhPWl9aOW1EQU04ajNOVml3TkNuRVp4UEVqc0lMeXJCd0dCWFdHM0R2MEp5OHVINnliZy00WVM3ODVBVTRKMUIzdmtuNFFoNURFYm1hcXNMaEJ0c19kNDhFel92NHFJZjhiOEd4dzRCVnhlcS1JY25xczZDaFZMX2I0b1BMZWU1V3bSAaIBQVVfeXFMTkdpcV9KZnR0eFA3Y0QyRUZoSFVEUUNtRXNDU19Sb3BjdmpydG9FU1QxeWozN1lBd2p0SVlrU0hVTDU5My1LbkN4My1UMjRMMUswMmlFaWdmRWhRM3Y2ajR4eE5zMDB3bHBjSnZ2SXhxMGF0M2NfdjBwMmdQcDF1RkMtY1R2NEtkUVV0d29RTGF4ckZieEYyNmpiNnZuVl8yTjNR?oc=5\" target=\"_blank\" rel=\"nofollow noopener\">Liga Endesa: Hereda San Pablo Burgos &#8211; UCAM Murcia, en directo<\/a>&nbsp;&nbsp;La Opini\u00f3n de Murcia<\/li>\n<\/ol>\n","protected":false},"excerpt":{"rendered":"EN DIRECTO | El Coliseum recibe al UCAM Murcia tras el par\u00f3n&nbsp;&nbsp;Diario de Burgos Partido de nivel para&hellip;\n","protected":false},"author":2,"featured_media":274680,"comment_status":"","ping_status":"","sticky":false,"template":"","format":"standard","meta":{"footnotes":""},"categories":[269],"tags":[299,298,168,25,24,23,167,3918],"class_list":{"0":"post-274679","1":"post","2":"type-post","3":"status-publish","4":"format-standard","5":"has-post-thumbnail","7":"category-baloncesto","8":"tag-baloncesto","9":"tag-basketball","10":"tag-deportes","11":"tag-es","12":"tag-espana","13":"tag-spain","14":"tag-sports","15":"tag-ucam-murcia"},"share_on_mastodon":{"url":"https:\/\/pubeurope.com\/@es\/115674199190059332","error":""},"_links":{"self":[{"href":"https:\/\/www.europesays.com\/es\/wp-json\/wp\/v2\/posts\/274679","targetHints":{"allow":["GET"]}}],"collection":[{"href":"https:\/\/www.europesays.com\/es\/wp-json\/wp\/v2\/posts"}],"about":[{"href":"https:\/\/www.europesays.com\/es\/wp-json\/wp\/v2\/types\/post"}],"author":[{"embeddable":true,"href":"https:\/\/www.europesays.com\/es\/wp-json\/wp\/v2\/users\/2"}],"replies":[{"embeddable":true,"href":"https:\/\/www.europesays.com\/es\/wp-json\/wp\/v2\/comments?post=274679"}],"version-history":[{"count":0,"href":"https:\/\/www.europesays.com\/es\/wp-json\/wp\/v2\/posts\/274679\/revisions"}],"wp:featuredmedia":[{"embeddable":true,"href":"https:\/\/www.europesays.com\/es\/wp-json\/wp\/v2\/media\/274680"}],"wp:attachment":[{"href":"https:\/\/www.europesays.com\/es\/wp-json\/wp\/v2\/media?parent=274679"}],"wp:term":[{"taxonomy":"category","embeddable":true,"href":"https:\/\/www.europesays.com\/es\/wp-json\/wp\/v2\/categories?post=274679"},{"taxonomy":"post_tag","embeddable":true,"href":"https:\/\/www.europesays.com\/es\/wp-json\/wp\/v2\/tags?post=274679"}],"curies":[{"name":"wp","href":"https:\/\/api.w.org\/{rel}","templated":true}]}}