{"id":274704,"date":"2025-12-06T19:30:14","date_gmt":"2025-12-06T19:30:14","guid":{"rendered":"https:\/\/www.europesays.com\/es\/274704\/"},"modified":"2025-12-06T19:30:14","modified_gmt":"2025-12-06T19:30:14","slug":"virginia-berasategi-une-el-cafe-y-el-ciclismo-en-bilbao-con-bizi-cafe","status":"publish","type":"post","link":"https:\/\/www.europesays.com\/es\/274704\/","title":{"rendered":"Virginia Berasategi une el caf\u00e9 y el ciclismo en Bilbao con Bizi Caf\u00e9"},"content":{"rendered":"<p>\n        Virginia Berasategi es en\u00e9rgica, incansable y posee una disciplina ejemplar. Ha dedicado toda su vida al deporte, alcanzando la cima como <strong>campeona europea de triatl\u00f3n de larga distancia y doble campeona europea de Ironman<\/strong>. Gracias a su empresa, <strong>Bizi Cycle Tours<\/strong>, ha logrado fusionar su pasi\u00f3n por la bicicleta con el turismo, ofreciendo experiencias \u00fanicas sobre dos ruedas. Hace no mucho present\u00f3 La carrera de su vida, <strong>libro biogr\u00e1fico<\/strong> que realiz\u00f3 con la colaboraci\u00f3n de Itxaso Elorduy, y ahora ha querido dar <strong>el salto a la hosteler\u00eda creando la primera cafeter\u00eda para ciclistas en <\/strong><a href=\"https:\/\/www.deia.eus\/bilbao\/\" title=\"Bilbao\" class=\"link copy\" rel=\"nofollow noopener\" target=\"_blank\"><strong>Bilbao<\/strong><\/a><strong>. <\/strong>\n<\/p>\n<p class=\"article-body__text \">\n        <strong>Bizi caf\u00e9<\/strong> ha nacido para ser un <strong>espacio para la comunidad ciclista<\/strong>, para que aquellos que vienen y van y que pasan por la capital vizcaina puedan \u00absentirse en casa\u00bb. \u00abNo ha sido un camino f\u00e1cil:\u00bb, se\u00f1alan a trav\u00e9s de redes sociales, haciendo hincapi\u00e9 en que ha sido un a\u00f1o de \u00abobras, de mucho trabajo, de decisiones\u00bb aunque aseguran que tambi\u00e9n ha sido <strong>un a\u00f1o \u00abde mucha ilusi\u00f3n\u00bb.<\/strong>\n<\/p>\n<p class=\"article-body__text \">\n        \u00abHoy solo puedo sentir agradecimiento por el equipo incre\u00edble que lo ha hecho posible: gente buena, trabajadora y con un coraz\u00f3n enorme\u00bb, sentenciaba Berasategi en la publicaci\u00f3n de Instagram. En ella, explica que Bizi Caf\u00e9 nace para ser un punto de encuentro en el que se organizar\u00e1n salidas en bici, quedadas de running adem\u00e1s de otras actividades.\n<\/p>\n<p>  Caf\u00e9 y ciclismo<\/p>\n<p class=\"article-body__text \">\n        El caf\u00e9 y el ciclismo van de la mano. Para muchos ciclistas, <strong>una taza de caf\u00e9 antes de salir en bici es la dosis perfecta de energ\u00eda y concentraci\u00f3n que mejora el rendimiento y la resistencia.<\/strong> M\u00e1s all\u00e1 de lo deportivo, las cafeter\u00edas se han convertido <strong>en puntos de encuentro donde compartir rutas, experiencias y buena compa\u00f1\u00eda<\/strong>, convirtiendo el caf\u00e9 en un compa\u00f1ero inseparable sobre dos ruedas, que es lo que aspira a convertirse Bizi Caf\u00e9. Incluso en rutas y eventos ciclistas, las paradas para tomar caf\u00e9 se han vuelto casi ritual, m<strong>ezclando deporte, disfrute y comunidad.<\/strong>\n<\/p>\n<p class=\"article-body__text \">\n        El local se encuentra en el <strong>n\u00famero 1 de la calle Cosme Echevarriet<\/strong>a, en el centro de Bilbao. La capital vizcaina no es todav\u00eda una ciudad de ciclistas al nivel de \u00c1msterdam o Copenhague, pero cada vez m\u00e1s apuesta por la movilidad en bicicleta. La ciudad ha ampliado sus carriles bici, cuenta con servicios de alquiler como <strong>Bilbao Bizi<\/strong> y organiza eventos que fomentan el ciclismo urbano y de carretera. Aunque su topograf\u00eda, con cuestas y calles estrechas, sigue siendo un reto, <strong>Bilbao se est\u00e1 consolidando como un destino cada vez m\u00e1s amigable<\/strong> <strong>para quienes eligen la bici<\/strong> como medio de transporte o deporte.<\/p>\n","protected":false},"excerpt":{"rendered":"Virginia Berasategi es en\u00e9rgica, incansable y posee una disciplina ejemplar. Ha dedicado toda su vida al deporte, alcanzando&hellip;\n","protected":false},"author":2,"featured_media":274705,"comment_status":"","ping_status":"","sticky":false,"template":"","format":"standard","meta":{"footnotes":""},"categories":[273],"tags":[67103,67104,313,312,168,25,24,6799,23,167,4216],"class_list":{"0":"post-274704","1":"post","2":"type-post","3":"status-publish","4":"format-standard","5":"has-post-thumbnail","7":"category-ciclismo","8":"tag-berasategi","9":"tag-bizi-cafe","10":"tag-ciclismo","11":"tag-cycling","12":"tag-deportes","13":"tag-es","14":"tag-espana","15":"tag-hosteleria","16":"tag-spain","17":"tag-sports","18":"tag-virginia"},"share_on_mastodon":{"url":"https:\/\/pubeurope.com\/@es\/115674285489399939","error":""},"_links":{"self":[{"href":"https:\/\/www.europesays.com\/es\/wp-json\/wp\/v2\/posts\/274704","targetHints":{"allow":["GET"]}}],"collection":[{"href":"https:\/\/www.europesays.com\/es\/wp-json\/wp\/v2\/posts"}],"about":[{"href":"https:\/\/www.europesays.com\/es\/wp-json\/wp\/v2\/types\/post"}],"author":[{"embeddable":true,"href":"https:\/\/www.europesays.com\/es\/wp-json\/wp\/v2\/users\/2"}],"replies":[{"embeddable":true,"href":"https:\/\/www.europesays.com\/es\/wp-json\/wp\/v2\/comments?post=274704"}],"version-history":[{"count":0,"href":"https:\/\/www.europesays.com\/es\/wp-json\/wp\/v2\/posts\/274704\/revisions"}],"wp:featuredmedia":[{"embeddable":true,"href":"https:\/\/www.europesays.com\/es\/wp-json\/wp\/v2\/media\/274705"}],"wp:attachment":[{"href":"https:\/\/www.europesays.com\/es\/wp-json\/wp\/v2\/media?parent=274704"}],"wp:term":[{"taxonomy":"category","embeddable":true,"href":"https:\/\/www.europesays.com\/es\/wp-json\/wp\/v2\/categories?post=274704"},{"taxonomy":"post_tag","embeddable":true,"href":"https:\/\/www.europesays.com\/es\/wp-json\/wp\/v2\/tags?post=274704"}],"curies":[{"name":"wp","href":"https:\/\/api.w.org\/{rel}","templated":true}]}}