{"id":274706,"date":"2025-12-06T19:32:08","date_gmt":"2025-12-06T19:32:08","guid":{"rendered":"https:\/\/www.europesays.com\/es\/274706\/"},"modified":"2025-12-06T19:32:08","modified_gmt":"2025-12-06T19:32:08","slug":"b-girona-rio-breogan-en-abierto","status":"publish","type":"post","link":"https:\/\/www.europesays.com\/es\/274706\/","title":{"rendered":"B. Girona-Rio Breog\u00e1n, en abierto"},"content":{"rendered":"<p>Otra semana m\u00e1s, DAZN ha dado a conocer el encuentro que ofrecer\u00e1 en abierto este pr\u00f3ximo fin de semana.<\/p>\n<p>En la Jornada 9 de la Liga Endesa, todos los aficionados tendr\u00e1n la oportunidad de seguir el B\u00e0squet Girona-R\u00edo Breog\u00e1n, que se disputar\u00e1 el s\u00e1bado 6 de diciembre a las 21:00 horas.<\/p>\n<p>Adem\u00e1s de todo lo que se puede acceder contratando su plan Baloncesto (fase regular, Playoff y final de Liga Endesa, adem\u00e1s de la Copa del Rey y 180 partidos NBA) por 9,99\u20ac al mes en modalidad anual con pago fraccionado (\u00a1con 30% de descuento para aficionados que tengan entre 18 y 30 a\u00f1os!), DAZN sigue con el deseo de enganchar a nuevos aficionados desde el comienzo liguero.<\/p>\n<p>Por eso, no puedes perderte la oportunidad de ver gratis el duelo entre dos equipos de la zona media, pero no tan alejados de los puestos de Copa. S\u00f3lo tienes que descargar la app de DAZN y registrarte. \u00a1No pierdas la oportunidad!<\/p>\n","protected":false},"excerpt":{"rendered":"Otra semana m\u00e1s, DAZN ha dado a conocer el encuentro que ofrecer\u00e1 en abierto este pr\u00f3ximo fin de&hellip;\n","protected":false},"author":2,"featured_media":274707,"comment_status":"","ping_status":"","sticky":false,"template":"","format":"standard","meta":{"footnotes":""},"categories":[269],"tags":[299,298,168,25,24,23,167],"class_list":{"0":"post-274706","1":"post","2":"type-post","3":"status-publish","4":"format-standard","5":"has-post-thumbnail","7":"category-baloncesto","8":"tag-baloncesto","9":"tag-basketball","10":"tag-deportes","11":"tag-es","12":"tag-espana","13":"tag-spain","14":"tag-sports"},"share_on_mastodon":{"url":"https:\/\/pubeurope.com\/@es\/115674293551915664","error":""},"_links":{"self":[{"href":"https:\/\/www.europesays.com\/es\/wp-json\/wp\/v2\/posts\/274706","targetHints":{"allow":["GET"]}}],"collection":[{"href":"https:\/\/www.europesays.com\/es\/wp-json\/wp\/v2\/posts"}],"about":[{"href":"https:\/\/www.europesays.com\/es\/wp-json\/wp\/v2\/types\/post"}],"author":[{"embeddable":true,"href":"https:\/\/www.europesays.com\/es\/wp-json\/wp\/v2\/users\/2"}],"replies":[{"embeddable":true,"href":"https:\/\/www.europesays.com\/es\/wp-json\/wp\/v2\/comments?post=274706"}],"version-history":[{"count":0,"href":"https:\/\/www.europesays.com\/es\/wp-json\/wp\/v2\/posts\/274706\/revisions"}],"wp:featuredmedia":[{"embeddable":true,"href":"https:\/\/www.europesays.com\/es\/wp-json\/wp\/v2\/media\/274707"}],"wp:attachment":[{"href":"https:\/\/www.europesays.com\/es\/wp-json\/wp\/v2\/media?parent=274706"}],"wp:term":[{"taxonomy":"category","embeddable":true,"href":"https:\/\/www.europesays.com\/es\/wp-json\/wp\/v2\/categories?post=274706"},{"taxonomy":"post_tag","embeddable":true,"href":"https:\/\/www.europesays.com\/es\/wp-json\/wp\/v2\/tags?post=274706"}],"curies":[{"name":"wp","href":"https:\/\/api.w.org\/{rel}","templated":true}]}}