{"id":274708,"date":"2025-12-06T19:33:07","date_gmt":"2025-12-06T19:33:07","guid":{"rendered":"https:\/\/www.europesays.com\/es\/274708\/"},"modified":"2025-12-06T19:33:07","modified_gmt":"2025-12-06T19:33:07","slug":"doble-error-de-kounde-en-el-gol-inicial-del-betis","status":"publish","type":"post","link":"https:\/\/www.europesays.com\/es\/274708\/","title":{"rendered":"Doble error de Kound\u00e9 en el gol inicial del Betis"},"content":{"rendered":"<p data-gtm-element-container=\"modulo-texto-link\" class=\"paragraph\">El <strong>FC Barcelona<\/strong> volvi\u00f3 a tropezar en defensa y empez\u00f3 perdiendo en La Cartuja. Y el protagonista involuntario fue<strong> Jules Kound\u00e9<\/strong>. El franc\u00e9s encaden\u00f3 dos fallos consecutivos que desembocaron en el 1-0 del Betis, firmado por <strong>Antony<\/strong>, y que retrataron la desconexi\u00f3n del central en una acci\u00f3n que parec\u00eda controlada.<\/p>\n<p data-gtm-element-container=\"modulo-texto-link\" class=\"paragraph\">La jugada naci\u00f3 por la izquierda, cuando <strong>Abde <\/strong>encar\u00f3 a <strong>Kound\u00e9 <\/strong>y lo super\u00f3 con demasiada facilidad. El defensa azulgrana qued\u00f3 desbordado en la l\u00ednea de fondo y, en lugar de recuperar su posici\u00f3n r\u00e1pidamente, qued\u00f3 moment\u00e1neamente fuera de la acci\u00f3n. Ese detalle fue clave. El centro de <strong>Abde <\/strong>encontr\u00f3 a Fornals, cuyo remate, desviado por Balde, cay\u00f3 a pies de Antony, que fusil\u00f3 a bocajarro.<\/p>\n<p data-gtm-element-container=\"modulo-texto-link\" class=\"paragraph\">Sobre el c\u00e9sped, muchos jugadores cul\u00e9s reclamaron fuera de juego. Y a primera vista lo parec\u00eda. Pero la repetici\u00f3n lo explic\u00f3 todo: <strong>Kound\u00e9<\/strong>, todav\u00eda retrasado tras el regate inicial, habilitaba completamente al atacante b\u00e9tico. El franc\u00e9s no solo perdi\u00f3 el duelo individual en banda, sino que su lento retorno convirti\u00f3 una acci\u00f3n defendible en un gol legal y evitable.<\/p>\n<p data-gtm-element-container=\"modulo-texto-link\" class=\"paragraph\">Eso s\u00ed, cinco minutos despu\u00e9s, <strong>Kound\u00e9 <\/strong>remedi\u00f3 su error con una asistencia en el gol del empate de<strong> Ferran Torres<\/strong>.<\/p>\n","protected":false},"excerpt":{"rendered":"El FC Barcelona volvi\u00f3 a tropezar en defensa y empez\u00f3 perdiendo en La Cartuja. Y el protagonista involuntario&hellip;\n","protected":false},"author":2,"featured_media":274709,"comment_status":"","ping_status":"","sticky":false,"template":"","format":"standard","meta":{"footnotes":""},"categories":[268],"tags":[168,25,24,280,282,281,23,167],"class_list":{"0":"post-274708","1":"post","2":"type-post","3":"status-publish","4":"format-standard","5":"has-post-thumbnail","7":"category-futbol","8":"tag-deportes","9":"tag-es","10":"tag-espana","11":"tag-football","12":"tag-futbol","13":"tag-soccer","14":"tag-spain","15":"tag-sports"},"share_on_mastodon":{"url":"https:\/\/pubeurope.com\/@es\/115674297494769856","error":""},"_links":{"self":[{"href":"https:\/\/www.europesays.com\/es\/wp-json\/wp\/v2\/posts\/274708","targetHints":{"allow":["GET"]}}],"collection":[{"href":"https:\/\/www.europesays.com\/es\/wp-json\/wp\/v2\/posts"}],"about":[{"href":"https:\/\/www.europesays.com\/es\/wp-json\/wp\/v2\/types\/post"}],"author":[{"embeddable":true,"href":"https:\/\/www.europesays.com\/es\/wp-json\/wp\/v2\/users\/2"}],"replies":[{"embeddable":true,"href":"https:\/\/www.europesays.com\/es\/wp-json\/wp\/v2\/comments?post=274708"}],"version-history":[{"count":0,"href":"https:\/\/www.europesays.com\/es\/wp-json\/wp\/v2\/posts\/274708\/revisions"}],"wp:featuredmedia":[{"embeddable":true,"href":"https:\/\/www.europesays.com\/es\/wp-json\/wp\/v2\/media\/274709"}],"wp:attachment":[{"href":"https:\/\/www.europesays.com\/es\/wp-json\/wp\/v2\/media?parent=274708"}],"wp:term":[{"taxonomy":"category","embeddable":true,"href":"https:\/\/www.europesays.com\/es\/wp-json\/wp\/v2\/categories?post=274708"},{"taxonomy":"post_tag","embeddable":true,"href":"https:\/\/www.europesays.com\/es\/wp-json\/wp\/v2\/tags?post=274708"}],"curies":[{"name":"wp","href":"https:\/\/api.w.org\/{rel}","templated":true}]}}