{"id":274710,"date":"2025-12-06T19:34:09","date_gmt":"2025-12-06T19:34:09","guid":{"rendered":"https:\/\/www.europesays.com\/es\/274710\/"},"modified":"2025-12-06T19:34:09","modified_gmt":"2025-12-06T19:34:09","slug":"madre-mia-pues-lo-llevo-bastante-bien","status":"publish","type":"post","link":"https:\/\/www.europesays.com\/es\/274710\/","title":{"rendered":"Madre m\u00eda&#8230; pues lo llevo bastante bien"},"content":{"rendered":"<p class=\"c-paragraph\">El <b>Spotify Wrapped<\/b> es uno de los momentos m\u00e1s esperados del final de a\u00f1o, una campa\u00f1a que rinde homenaje a los fans, artistas y creadores que han marcado la actualidad cultural con sus \u00e9xitos y su impacto cultural. A esta cita de recopilatorio musical<b> no ha faltado el presidente del Gobierno,<\/b> <a href=\"https:\/\/www.20minutos.es\/tags\/personas\/pedro-sanchez.html\" title=\"Pedro S\u00e1nchez\" rel=\"nofollow noopener\" target=\"_blank\"><b>Pedro S\u00e1nchez<\/b><\/a>, que ha compartido los resultados de la plataforma de audio en streaming.<\/p>\n<p class=\"c-paragraph\">\u00abDebo haber escuchado mucha m\u00fasica, que me encanta\u00bb, afirma S\u00e1nchez en un v\u00eddeo publicado en su cuenta de TikTok\u00a0mientras recorre, desde su m\u00f3vil, su resumen anual de Spotify. Seg\u00fan la plataforma, estos han sido <b>sus g\u00e9neros m\u00e1s escuchados:<\/b> cool jazz, indie rock, electr\u00f3nica, rock y art pop.\u00a0<\/p>\n<p class=\"c-paragraph\">\u00abIndie rock, eso no falta nunca\u00bb, comenta con humor. Sobre la electr\u00f3nica, admite que se ha \u00abanimado durante estos \u00faltimos meses a escuchar m\u00e1s\u00bb canciones de este g\u00e9nero musical. <b>\u00abMe siento reconocido\u00bb<\/b>, concluye en este apartado.<\/p>\n<p class=\"c-paragraph\">Pero un dato con el que tal vez no se sienta tan identificado sea con su edad musical: 83 a\u00f1os. El algoritmo calcula esta cifra a partir de la d\u00e9cada predominante en las canciones escuchadas; en su caso, finales de los a\u00f1os 50. \u00ab<b>Madre m\u00eda, 83 a\u00f1os&#8230; pues lo llevo bastante bien<\/b>\u00ab, bromea el presidente, que tiene 53 a\u00f1os.<\/p>\n<p class=\"c-paragraph\">Este 2025 S\u00e1nchez ha escuchado 1.084 canciones. \u00abMe parecen pocas\u00bb, dice. Su top 5 de temas ha sido el siguiente: <b>The Dream<\/b>, <b>Crispy Skin<\/b>, <b>Idiot Box<\/b>, <b>Climbing<\/b> y <b>All the Stars<\/b>. \u00abDe las cosas que m\u00e1s me ha gustado, esta canci\u00f3n, The Dream, de Joan As Police Woman. Me encanta esta cantante. F\u00edjate que yo no esperaba que esta iba a ser la primera canci\u00f3n\u00bb, admite.<\/p>\n<p class=\"c-paragraph\">En total, ha reproducido <b>19 \u00e1lbumes a lo largo del a\u00f1<\/b>o, entre ellos trabajos de Joan As Police Woman, Destroyer y Bon Iver. Tambi\u00e9n ha escuchado 615 artistas distintos. Su top 5 de artistas preferidos ha quedado as\u00ed:<\/p>\n<p><b><\/p>\n<ol>\n<li><b>Brad Mehldau<\/b>, pianista de jazz contempor\u00e1neo.<\/li>\n<li><b>Bon Iver<\/b>, banda de indie folk experimental.<\/li>\n<li><b>Joan As Police Woman<\/b>, cantautora de art pop y soul alternativo.<\/li>\n<li><b>Destroyer<\/b>, grupo de indie rock y rock art\u00edstico.<\/li>\n<li><b>Extremoduro<\/b>, grupo espa\u00f1ol disuelto definido por ellos mismos como rock transgresivo.<\/li>\n<\/ol>\n<p><\/b><\/p>\n<p class=\"c-paragraph\">\u00abEste a\u00f1o me ha dado por escuchar mucho jazz, me encanta este artista\u00bb, explica S\u00e1nchez sobre su artista m\u00e1s escuchado. \u00ab<b>Este 2025 he escuchado buena m\u00fasica, bastante ecl\u00e9ctica<\/b>\u00ab, ha valorado.<\/p>\n<p>La edad musical de los ministros socialistas<\/p>\n<p class=\"c-paragraph\">Por otro lado, desde el TikTok de la Moncloa tambi\u00e9n han hecho referencia al Spotify Wrapped y, en este caso, han compartido la edad musical de algunos ministros socialistas en comparaci\u00f3n con su edad real.<\/p>\n<p class=\"c-paragraph\">As\u00ed, la vicepresidenta tercera y ministra para la Transici\u00f3n Ecol\u00f3gica y el Reto Demogr\u00e1fico, <b>Sara Aagesen,<\/b> tiene una edad musical de <b>43 a\u00f1os, <\/b>seg\u00fan Spotify, que la rejuvenece con seis a\u00f1os menos de los\u00a049\u00a0que tiene. La misma edad tiene el\u00a0ministro de la Presidencia, Justicia y Relaciones con las Cortes,\u00a0<b><b>F\u00e9lix Bola\u00f1os,<\/b><\/b>\u00a0quien recibe una de las sorpresas m\u00e1s llamativas: la plataforma le otorga una edad musical de\u00a0<b><b>22 a\u00f1os.<\/b><\/b><\/p>\n<p class=\"c-paragraph\">Asimismo, el ministro del Interior, <b>Fernando Grande-Marlaska<\/b>, obtiene <b>49 a\u00f1os<\/b> como edad musical, frente a sus 63 reales. Mientras que <b>Elma Saiz<\/b>, ministra de Inclusi\u00f3n, Seguridad Social y Migraciones, se le adjudica <b>21 a\u00f1os<\/b>, frente a los\u00a050 que tiene.\u00a0<\/p>\n<p class=\"c-paragraph\">El ministro de Econom\u00eda, <b>Carlos Cuerpo,<\/b> se lleva el resultado m\u00e1s pintoresco: su edad musical asciende a <b>80 a\u00f1os<\/b>, frente a los <b>45 <\/b>que tiene. El \u00fanico dirigente al que el Wrapped envejece. Por \u00faltimo, la ministra de Ciencia, Innovaci\u00f3n y Universidades, <b>Diana Morant<\/b>, aparece con <b>34 a\u00f1os <\/b>de edad musical, once menos que sus 45 reales.\u00a0<\/p>\n","protected":false},"excerpt":{"rendered":"El Spotify Wrapped es uno de los momentos m\u00e1s esperados del final de a\u00f1o, una campa\u00f1a que rinde&hellip;\n","protected":false},"author":2,"featured_media":274711,"comment_status":"","ping_status":"","sticky":false,"template":"","format":"standard","meta":{"footnotes":""},"categories":[174],"tags":[255,4083,146,147,25,24,256,1822,199,23,1603,67105],"class_list":{"0":"post-274710","1":"post","2":"type-post","3":"status-publish","4":"format-standard","5":"has-post-thumbnail","7":"category-famosos","8":"tag-celebrities","9":"tag-desvela","10":"tag-entertainment","11":"tag-entretenimiento","12":"tag-es","13":"tag-espana","14":"tag-famosos","15":"tag-pedro","16":"tag-sanchez","17":"tag-spain","18":"tag-spotify","19":"tag-wrapped"},"share_on_mastodon":{"url":"https:\/\/pubeurope.com\/@es\/115674301334339825","error":""},"_links":{"self":[{"href":"https:\/\/www.europesays.com\/es\/wp-json\/wp\/v2\/posts\/274710","targetHints":{"allow":["GET"]}}],"collection":[{"href":"https:\/\/www.europesays.com\/es\/wp-json\/wp\/v2\/posts"}],"about":[{"href":"https:\/\/www.europesays.com\/es\/wp-json\/wp\/v2\/types\/post"}],"author":[{"embeddable":true,"href":"https:\/\/www.europesays.com\/es\/wp-json\/wp\/v2\/users\/2"}],"replies":[{"embeddable":true,"href":"https:\/\/www.europesays.com\/es\/wp-json\/wp\/v2\/comments?post=274710"}],"version-history":[{"count":0,"href":"https:\/\/www.europesays.com\/es\/wp-json\/wp\/v2\/posts\/274710\/revisions"}],"wp:featuredmedia":[{"embeddable":true,"href":"https:\/\/www.europesays.com\/es\/wp-json\/wp\/v2\/media\/274711"}],"wp:attachment":[{"href":"https:\/\/www.europesays.com\/es\/wp-json\/wp\/v2\/media?parent=274710"}],"wp:term":[{"taxonomy":"category","embeddable":true,"href":"https:\/\/www.europesays.com\/es\/wp-json\/wp\/v2\/categories?post=274710"},{"taxonomy":"post_tag","embeddable":true,"href":"https:\/\/www.europesays.com\/es\/wp-json\/wp\/v2\/tags?post=274710"}],"curies":[{"name":"wp","href":"https:\/\/api.w.org\/{rel}","templated":true}]}}