{"id":274712,"date":"2025-12-06T19:37:11","date_gmt":"2025-12-06T19:37:11","guid":{"rendered":"https:\/\/www.europesays.com\/es\/274712\/"},"modified":"2025-12-06T19:37:11","modified_gmt":"2025-12-06T19:37:11","slug":"la-pregunta-sobre-el-rey-de-espana-que-privo-al-publico-de-el-hormiguero-de-llevarse-un-televisor-de-regalo","status":"publish","type":"post","link":"https:\/\/www.europesays.com\/es\/274712\/","title":{"rendered":"La pregunta sobre el rey de Espa\u00f1a que priv\u00f3 al p\u00fablico de &#8216;El Hormiguero&#8217; de llevarse un televisor de regalo"},"content":{"rendered":"<p>El plat\u00f3 de <a title=\"&#039;El Hormiguero&#039;\" href=\"https:\/\/www.larazon.es\/television\/programas\/oscar-casas-denuncia-hormiguero-problema-jovenes-vivienda-sigue-solucion_20251204693202509261f37ec73cab2e.html\" target=\"_blank\" rel=\"nofollow noopener\">&#8216;El Hormiguero&#8217;<\/a> vivi\u00f3 el pasado mi\u00e9rcoles un momento de m\u00e1xima tensi\u00f3n y decepci\u00f3n cuando una respuesta inesperada a la \u00faltima pregunta de un concurso rel\u00e1mpago hizo que <b>todos los asistentes como p\u00fablico se quedaran sin llevarse un televisor de regalo<\/b>. La cuesti\u00f3n crucial, referente al monarca espa\u00f1ol, desat\u00f3 el caos y la frustraci\u00f3n general.<\/p>\n<p>En los instantes previos,<b> Pablo Motos advert\u00eda, \u00abhay que ser valiente\u00bb<\/b>, pues la responsabilidad no era moco de pavo: \u00abTodas las personas del p\u00fablico que est\u00e9n seguras de la respuesta tienen que levantar la mano y aceptar la responsabilidad de responder en nombre de todos. Si acert\u00e1is las cuatro preguntas, os llev\u00e1is todos estos televisores\u00bb.<\/p>\n<p>Con las reglas claras y una tensi\u00f3n que se pod\u00eda cortar con un cuchillo, el presentador del programa, escudado por los invitados de ese d\u00eda, <a title=\"Ernesto Sevilla y Santiago Segura\" href=\"https:\/\/www.larazon.es\/television\/programas\/santiago-segura-asegura-hormiguero-que-desvelara-nada-torrente-presidente-quiero-hacer-trailer_202512036930b46a55584d48fb68a297.html\" target=\"_blank\" rel=\"nofollow noopener\">Ernesto Sevilla y Santiago Segura<\/a>, comenz\u00f3 a formular la primera pregunta:<b> \u00ab\u00bfEn qu\u00e9 provincia espa\u00f1ola se hace el turr\u00f3n de Jijona?\u00bb<\/b><\/p>\n<p>Una se\u00f1ora alz\u00f3 r\u00e1pidamente la mano y con confianza y seguridad pronunci\u00f3 la palabra que todos esperaban escuchar: \u00abAlicante\u00bb. Con ello, el maestro de ceremonias del programa de Antena 3 prosigui\u00f3 con las siguientes cuestiones.<\/p>\n<p>De qu\u00e9 material es el peine con el que se peina la virgen en el villancico y en qu\u00e9 ciudad americana est\u00e1n las escaleras que sube corriendo Rocky eran los <b>siguientes obst\u00e1culos a superar,<\/b> pero dos manos valientes del p\u00fablico no dudaron en decir acertadamente \u00abplata fina\u00bb y \u00abFiladelfia\u00bb.<\/p>\n<p>Con tres aciertos en el marcador lleg\u00f3 la <b>fat\u00eddica cuarta y \u00faltima pregunta<\/b>, aquella que pod\u00eda \u00abdaros las teles o jod*******, tal y como predijo el cineasta espa\u00f1ol conocido por las sagas de &#8216;Torrente&#8217; y &#8216;Padre no hay m\u00e1s que uno&#8217;.<\/p>\n<p><b>\u00ab\u00bfEn qu\u00e9 pa\u00eds vive el rey de Espa\u00f1a?\u00bb<\/b>, dijo con cuidado Pablo Motos y un miembro del p\u00fablico, seguro de s\u00ed mismo, levant\u00f3 la mano. Con total seguridad ofreci\u00f3 una respuesta que paraliz\u00f3 al plat\u00f3: \u00abAtentos, en Abu Dhabi\u00bb.<\/p>\n<p>La respuesta provoc\u00f3 un estallido de asombro y, de inmediato, la decepci\u00f3n. El joven respondi\u00f3<b> confundiendo la residencia oficial del monarca actual, Felipe VI (en Espa\u00f1a), con el lugar de residencia del rey em\u00e9rito<\/b>, Juan Carlos I (en Abu Dhabi), dejando con la miel en los labios al resto de compa\u00f1eros que ya se ve\u00edan con un nuevo televisor como regalo de Navidad.<\/p>\n","protected":false},"excerpt":{"rendered":"El plat\u00f3 de &#8216;El Hormiguero&#8217; vivi\u00f3 el pasado mi\u00e9rcoles un momento de m\u00e1xima tensi\u00f3n y decepci\u00f3n cuando una&hellip;\n","protected":false},"author":2,"featured_media":274713,"comment_status":"","ping_status":"","sticky":false,"template":"","format":"standard","meta":{"footnotes":""},"categories":[171],"tags":[146,147,25,24,23,214],"class_list":{"0":"post-274712","1":"post","2":"type-post","3":"status-publish","4":"format-standard","5":"has-post-thumbnail","7":"category-tv","8":"tag-entertainment","9":"tag-entretenimiento","10":"tag-es","11":"tag-espana","12":"tag-spain","13":"tag-tv"},"share_on_mastodon":{"url":"https:\/\/pubeurope.com\/@es\/115674313162099265","error":""},"_links":{"self":[{"href":"https:\/\/www.europesays.com\/es\/wp-json\/wp\/v2\/posts\/274712","targetHints":{"allow":["GET"]}}],"collection":[{"href":"https:\/\/www.europesays.com\/es\/wp-json\/wp\/v2\/posts"}],"about":[{"href":"https:\/\/www.europesays.com\/es\/wp-json\/wp\/v2\/types\/post"}],"author":[{"embeddable":true,"href":"https:\/\/www.europesays.com\/es\/wp-json\/wp\/v2\/users\/2"}],"replies":[{"embeddable":true,"href":"https:\/\/www.europesays.com\/es\/wp-json\/wp\/v2\/comments?post=274712"}],"version-history":[{"count":0,"href":"https:\/\/www.europesays.com\/es\/wp-json\/wp\/v2\/posts\/274712\/revisions"}],"wp:featuredmedia":[{"embeddable":true,"href":"https:\/\/www.europesays.com\/es\/wp-json\/wp\/v2\/media\/274713"}],"wp:attachment":[{"href":"https:\/\/www.europesays.com\/es\/wp-json\/wp\/v2\/media?parent=274712"}],"wp:term":[{"taxonomy":"category","embeddable":true,"href":"https:\/\/www.europesays.com\/es\/wp-json\/wp\/v2\/categories?post=274712"},{"taxonomy":"post_tag","embeddable":true,"href":"https:\/\/www.europesays.com\/es\/wp-json\/wp\/v2\/tags?post=274712"}],"curies":[{"name":"wp","href":"https:\/\/api.w.org\/{rel}","templated":true}]}}